{"id":18888,"date":"2025-06-07T11:35:51","date_gmt":"2025-06-07T10:35:51","guid":{"rendered":"https:\/\/echta-derminga.de\/?p=18888"},"modified":"2025-06-07T11:35:51","modified_gmt":"2025-06-07T10:35:51","slug":"wie-lassen-wir-die-kirche-im-dorf-sehnsucht-nach-veraenderungen-und-reformen","status":"publish","type":"post","link":"https:\/\/echta-derminga.de\/?p=18888","title":{"rendered":"Wie lassen wir die Kirche im Dorf? \u2013 Sehnsucht nach Ver\u00e4nderungen und Reformen!"},"content":{"rendered":"\n<p class=\"has-medium-font-size wp-block-paragraph\"><strong>Die Redewendung \u201edie Kirche im Dorf lassen\u201c hat ihre Wurzeln in l\u00e4ndlichen Raum. Im Grunde wollte man damit zum Ausdruck bringen, dass die Kirche, als zentrales Element des d\u00f6rflichen Lebens darstellt. Historiker schlie\u00dfen daraus, dass diese Phrase in Anspruch genommen wurde, um den Wert der eigenen Heimat und der damit verbundenen Traditionen zu betonen. Viele Jahrhunderte lang bildete die Kirche das Herzst\u00fcck eines Dorfes. Dabei diente Dorfkirche nicht nur zum religi\u00f6sen R\u00fcckzugsort, sondern auch als Versammlungsst\u00e4tte f\u00fcr die Dorfbewohner. Im Laufe der Jahrzehnte gewann die Redewendung \u201edie Kirche im Dorf lassen\u201c eine breitere Bedeutung. Dieser kleine Satz sollte dazu ermahnen, dass wir bei all unseren Entscheidungen immer ein realistisches Ma\u00df an den Tag legen und nicht zu emotional zu reagieren. Das Sprichwort \u201edie Kirche im Dorf lassen\u201c ist ein Appell an den gesunden Menschenverstand. \u00a0<\/strong><\/p>\n\n\n\n<p class=\"has-medium-font-size wp-block-paragraph\">Ich finde, wir alle sollten uns in dieser unserer heutigen Zeit diese kleine Redewendung viel \u00f6fter zu Herze nehmen. Unsere Gesellschaft neigt in jeder Hinsicht dazu zu emotional und hysterisch zu reagieren. Beispiele daf\u00fcr gibt es in der Politik, im gesellschaftlichen Leben und auch in Bezug auf unsere beiden Kirchen mehr als gen\u00fcgend. Die Menschen sehnen sich nach Reformen und Ver\u00e4nderungen. Ganz langsam verblasst das herk\u00f6mmliche, traditionelle Bild unserer Kirche und unseres gesellschaftlichen Lebens. Wer jetzt die Zeichen der Zeit nicht erkennt, wird sp\u00e4ter bittere Tr\u00e4nen weinen. Unsere Kirchen dienen als Spiegelbild unserer Gesellschaft. Jetzt ist die Zeit sich neu zu erfinden und wichtige Ver\u00e4nderungen anzusto\u00dfen.\u202f<\/p>\n\n\n\n<p class=\"has-medium-font-size wp-block-paragraph\"><strong>Beide Kirchen stehen vor hohen Reformerwartungen ihrer Mitglieder. Gerade im d\u00f6rflichen Leben herrscht \u00fcber alle Konfessionen hinweg eine gro\u00dfe Zustimmung zur \u00f6kumenischen Orientierung und Zusammenarbeit zwischen den Kirchen. Wenn wir die Kirche im Dorf lassen wollen, m\u00fcssen wir lernen alle Kr\u00e4fte zu b\u00fcndeln. Es darf nicht mehr l\u00e4nger von denen da oben oder diejenigen da unten die Rede sein. Ist es auch nicht! Ich pers\u00f6nlich glaube, dass die Menschen in den D\u00f6rfern sich auf dem richtigen Weg befinden. Vielmehr bezweifele ich, dass diese wichtige Message bei jedem Kirchenoberhaupt angekommen ist.<\/strong><\/p>\n\n\n<div class=\"wp-block-image\">\n<figure class=\"aligncenter size-large\"><img loading=\"lazy\" decoding=\"async\" width=\"700\" height=\"296\" src=\"https:\/\/echta-derminga.de\/wp-content\/uploads\/2025\/06\/overtop-Kopie-700x296.jpg\" alt=\"\" class=\"wp-image-18895\" srcset=\"https:\/\/echta-derminga.de\/wp-content\/uploads\/2025\/06\/overtop-Kopie-700x296.jpg 700w, https:\/\/echta-derminga.de\/wp-content\/uploads\/2025\/06\/overtop-Kopie-300x127.jpg 300w, https:\/\/echta-derminga.de\/wp-content\/uploads\/2025\/06\/overtop-Kopie-768x325.jpg 768w, https:\/\/echta-derminga.de\/wp-content\/uploads\/2025\/06\/overtop-Kopie.jpg 900w\" sizes=\"auto, (max-width: 700px) 100vw, 700px\" \/><\/figure>\n<\/div>\n\n\n<p class=\"has-medium-font-size wp-block-paragraph\">Pfingsten ist neben Weihnachten und Ostern eines der drei wichtigsten kirchlichen Feste des Christentums. Zu Pfingsten feiern Christen den Geburtstag der Kirche. Umfragen zufolge k\u00f6nnen die wenigsten Menschen mit diesem Kirchenfest etwas anfangen. F\u00fcr viele Menschen bedeutet das Pfingsten ein verl\u00e4ngertes Wochenende mit viel Freizeitaktivit\u00e4ten und endlich einmal ausschlafen. Pfingsten wird 50 Tage nach Ostern gefeiert. Daher kommt auch der Name, der auf das griechische Wort \u201ePentekoste\u201c (der F\u00fcnfzigste) zur\u00fcckgeht. Die Bibel berichtet, dass an diesem Tag der Heilige Geist auf die J\u00fcnger und die Anh\u00e4ngerinnen von Jesus niederkam. Alle konnten pl\u00f6tzlich in verschiedenen Sprachen sprechen und wurden fortan von allen Menschen \u201eaus allen V\u00f6lkern unter dem Himmel\u201c verstanden. Genau deshalb ist von dem sogenannten \u201ePfingstwunder\u201c die Rede. Unter den Christen wird Pfingsten als \u201eGeburtstag der Kirche\u201c angesehen. Der Heilige Geist, die christliche Botschaft soll in die ganze Welt getragen werden.<\/p>\n\n\n\n<p class=\"has-medium-font-size wp-block-paragraph\"><strong>Unsere Kirche hat sich im Laufe der letzten 2000 Jahre nicht gerade zum Positiven ver\u00e4ndert. Ich frage mich: Quo vadis Kirche? Was ist aus dir geworden und wohin f\u00fchrt dich dein Weg? Was w\u00fcrde Christus heute \u00fcber den Zustand seiner Kirche sagen? \u00a0Hat sich unser Messias die Entwicklung seiner Kirche genauso vorgestellt?\u00a0 Keine leichten Zeiten f\u00fcr Christen und ihre Kirche. Wie l\u00e4sst es sich ohne festes Fundament leben. Wo pflege ich meinen Glauben und wo finde ich halt zum Leben. Die Sch\u00e4fchen entlaufen dem Hirten und immer mehr Hirten lassen den liebevollen Kontakt zum Schaf vermissen. Bessergesagt: Die Kirche hat ihre Basisn\u00e4he verloren und befindet sich seit mehr als die H\u00e4lfte ihres Daseins auf dem Irrweg. Zehntausende treten Jahr f\u00fcr Jahr aus der Kirche aus! Anstatt sich dar\u00fcber Gedanken zu machen, warum das so ist, besch\u00e4ftigen sich die gro\u00dfen Kirchenf\u00fchrer unserer Zeit mit v\u00f6llig unwichtigen Dingen. Ich gewinne zunehmend den Eindruck, dass die Kirche kritikunf\u00e4hig ist und krampfhaft an ihren alten, komplizierten Strukturen festh\u00e4lt.<\/strong> <strong>Harte Worte und harte Kritik von jemandem der sehr an der traditionellen Kirche h\u00e4ngt.<\/strong><\/p>\n\n\n<div class=\"wp-block-image\">\n<figure class=\"aligncenter size-large\"><img loading=\"lazy\" decoding=\"async\" width=\"700\" height=\"580\" src=\"https:\/\/echta-derminga.de\/wp-content\/uploads\/2025\/06\/22-700x580.jpg\" alt=\"\" class=\"wp-image-18896\" srcset=\"https:\/\/echta-derminga.de\/wp-content\/uploads\/2025\/06\/22-700x580.jpg 700w, https:\/\/echta-derminga.de\/wp-content\/uploads\/2025\/06\/22-300x249.jpg 300w, https:\/\/echta-derminga.de\/wp-content\/uploads\/2025\/06\/22-768x636.jpg 768w, https:\/\/echta-derminga.de\/wp-content\/uploads\/2025\/06\/22.jpg 1131w\" sizes=\"auto, (max-width: 700px) 100vw, 700px\" \/><\/figure>\n<\/div>\n\n\n<p class=\"has-medium-font-size wp-block-paragraph\">Welche Kirche ist die richtige? Ich selbst finde im protestantischen Glauben meinen eigenen Halt. Wohlwissend, dass auch meine Kirche mit diversen Problemen zu k\u00e4mpfen hat. Mit den Jahren habe ich den Eindruck gewonnen, dass meiner Kirche der Mut fehlt die wahren Gr\u00fcnde ihres Niedergangs entgegenzuwirken. Die katholische Kirche hat mit \u00e4hnlichen Problemen zu k\u00e4mpfen. Einer Umfrage zufolge bezweifeln 60 Prozent der katholischen Jugendlichen, dass die Kirche Antworten auf Fragen unserer Zeit hat. Unsere Kirchen liegen nicht mehr im Trend. Dabei sollten sich beiden Konfessionen schnellstens ver\u00e4ndern und reformieren. Pfingsten kann dazu eine passende Chance bieten. Nat\u00fcrlich ist das Leben ohne Kirche m\u00f6glich. Wir brauchen keine Institution, um unseren Glauben zu pflegen.<\/p>\n\n\n\n<p class=\"has-medium-font-size wp-block-paragraph\"><strong>Wirklich nicht? Was w\u00e4ren unsere D\u00f6rfer ohne den kirchlichen Einfluss? Unsere Werte, unsere Kulturen und unsere Traditionen w\u00fcrden buchst\u00e4blich wegbrechen. Die kirchlichen Sonn- und Feiertage mit ihren Themen, ihrer Musik und ihrer Atmosph\u00e4re pr\u00e4gen das Jahr. Nein, wir alle sollten versuchen die \u201eKirche im Dorf\u201c zu lassen. Im christlichen Glauben finden wir Trost, Hoffnung und Liebe. Die Kirche begleitet uns von der Geburt bis hin zum Tod. Sp\u00e4testens wenn ein schwerer Schicksalsschlag eintrifft, finden viele wieder zum Glauben. Unsere Kirchen k\u00f6nnten \u00fcber den passenden Kompass verf\u00fcgen und uns allen den Weg zeigen. Es bleibt jedoch das Gef\u00fchl, dass unsere Kirchen sich verlaufen haben und nicht mehr aus dem selbst erbauten Labyrinth herausfinden.<\/strong><\/p>\n\n\n\n<p class=\"has-medium-font-size wp-block-paragraph\">Die fehlende basisn\u00e4he unserer Kirchen k\u00f6nnte das fatale Folgen haben. Kirchenoberh\u00e4upter, Kirchenr\u00e4te oder die gro\u00dfen synodalen Gremien entscheiden oftmals vorbei an den Gemeinden und ihren R\u00e4ten. Diese Entwicklung ist auch in unserer Heimatgemeinde deutlich sp\u00fcrbar. Nat\u00fcrlich geh\u00f6rt zu den vielen Fragen unserer Zeit auch eine weitreichende Debatte um die vielen kirchlichen Geb\u00e4uden in unserem Land. Das sollte jedoch nicht vorbei an den \u00f6rtlichen Pfarrgemeinder\u00e4ten oder Presbyterien geschehen. Die Kirche wird sich ver\u00e4ndern. Mehr als 300 der 1000 Kirchen-Immobilien im Saarland sollen verkauft werden. Was passiert mit unserer Dorfgemeinschaft, wenn es uns nicht gelingt die \u201eKirche im Dorf zu lassen\u201c? Liegt die L\u00f6sung tats\u00e4chlich in der \u00d6kumene? Zumindest sollten wir auch zuk\u00fcnftig an unserem christlichen Miteinander arbeiten. Martin Luther wollte niemals die Kirche spalten, sondern vielmehr reformieren.<\/p>\n\n\n<div class=\"wp-block-image\">\n<figure class=\"aligncenter size-full\"><img loading=\"lazy\" decoding=\"async\" width=\"700\" height=\"516\" src=\"https:\/\/echta-derminga.de\/wp-content\/uploads\/2025\/06\/04-700x516-1.jpg\" alt=\"\" class=\"wp-image-18897\" srcset=\"https:\/\/echta-derminga.de\/wp-content\/uploads\/2025\/06\/04-700x516-1.jpg 700w, https:\/\/echta-derminga.de\/wp-content\/uploads\/2025\/06\/04-700x516-1-300x221.jpg 300w\" sizes=\"auto, (max-width: 700px) 100vw, 700px\" \/><\/figure>\n<\/div>\n\n\n<p class=\"has-medium-font-size wp-block-paragraph\"><strong>Vielleicht m\u00fcssen wir nach \u00fcber 500 Jahren wieder an weitreichenden Reformen arbeiten. Kirche bedeutet immer auch ein St\u00fcck Heimat. Mit dem Glauben kann es jeder halten, wie er m\u00f6chte. Wenn wir jedoch die vielen Kirchen in unseren D\u00f6rfern verlieren, ver\u00e4ndert sich nicht nur unsere Kultur, sondern auch unser Ortsbild. Was passiert mit den historischen Geb\u00e4uden? Wer k\u00fcmmert sich um das buchst\u00e4bliche Loch inmitten unserer Gesellschaft? \u00a0<\/strong><\/p>\n\n\n\n<p class=\"has-medium-font-size wp-block-paragraph\">Pfingsten kann eine Chance sein! Wenn die Kirche endlich begreift, dass sie sich ver\u00e4ndern und Reformen anstreben muss, kann alles gut werden. Dabei m\u00fcssen aber auch wir Menschen uns ver\u00e4ndern. Wir versinken in einem Loch aus Hass, Neid, Wut und einer menschlichen Verrohung. Wir verlieren uns in endlosen Debatten und zeigen mit dem Finger auf den anderen. Ja, auch wir Menschen ben\u00f6tigen dringend ein Umdenken. Wir brauchen Ver\u00e4nderungen und wirksame Reformen in unserem gesellschaftlichen Leben und in unseren Kirchen.&nbsp; Ich w\u00fcnsche mir eine offene, tolerante, zeitgem\u00e4\u00dfe Kirche. Eine Kirche, die sich selbst nicht so wichtig nimmt und die Menschen wieder in den Vordergrund r\u00fcckt. Ich w\u00fcnsche mir eine junge, moderne Kirche, die unsere Kinder und Jugendliche wieder anspricht. Ich w\u00fcnsche mir eine starke und gefestigt Kirche, die ihr Augenmerk auf die Bibel richtet und nicht auf festgefahrene Strukturen.<\/p>\n\n\n\n<p class=\"has-medium-font-size wp-block-paragraph\"><strong>Eine weitere bekannte Redewendung lautet: \u201eFeuer und Flamme sein und f\u00fcr eine Sache brennen\u201c. Vielleicht ist diese bekannte Redewendung von der Pfingstgeschichte, aus dem Neuen Testament, abgeleitet.<\/strong><\/p>\n\n\n\n<blockquote class=\"wp-block-quote is-layout-flow wp-block-quote-is-layout-flow\">\n<p class=\"has-medium-font-size wp-block-paragraph\"><strong>\u201eUnd als der Pfingsttag gekommen war, waren sie alle beieinander an einem Ort. Und es geschah pl\u00f6tzlich ein Brausen vom Himmel wie von einem gewaltigen Sturm und erf\u00fcllte das ganze Haus, in dem sie sa\u00dfen. Und es erschienen ihnen Zungen, zerteilt und wie von Feuer, und setzten sich auf einen jeden von ihnen, und sie wurden alle erf\u00fcllt von dem Heiligen Geist und fingen an zu predigen in anderen Sprachen, wie der Geist ihnen zu reden eingab.\u201c Apostelgeschichte 2: 1-2-3-4<\/strong><\/p>\n<\/blockquote>\n\n\n\n<p class=\"has-medium-font-size wp-block-paragraph\">\u201eFeuer und Flamme sein und f\u00fcr eine Sache brennen\u201c. Brennen wir Christen noch f\u00fcr unseren Glauben? Sind wir noch Feuer und Flamme f\u00fcr die Institution Kirche? F\u00fcr meinen Glauben an Christus ben\u00f6tige ich keine Institution Kirche. Warum sollten wir Christen so weitermachen wie bisher und an der Institution Kirche festhalten? Heiraten kann man heute auch auf dem Standesamt, Kultur gibt es im Theater oder Kino, Geschichte kann man im Museum genie\u00dfen, Zusammenhalt, Miteinander und Geselligkeit gibt es im Verein oder finde ich im Sport. Wenn ich ein Problem habe, gehe ich nicht mehr zum Pfarrer, sondern besuche meinen Psychotherapeuten. Wozu also Kirche? Ich halte es diesbez\u00fcglich mit Luther der sagte:\u201c Wie du an Gott glaubst, so hast du ihn. Glaubst du, dass er g\u00fctig und barmherzig ist, so wirst du ihn so haben\u201c.<\/p>\n\n\n<div class=\"wp-block-image\">\n<figure class=\"aligncenter size-full\"><img loading=\"lazy\" decoding=\"async\" width=\"600\" height=\"337\" src=\"https:\/\/echta-derminga.de\/wp-content\/uploads\/2025\/06\/Blog-1-2.jpg\" alt=\"\" class=\"wp-image-18898\" srcset=\"https:\/\/echta-derminga.de\/wp-content\/uploads\/2025\/06\/Blog-1-2.jpg 600w, https:\/\/echta-derminga.de\/wp-content\/uploads\/2025\/06\/Blog-1-2-300x169.jpg 300w\" sizes=\"auto, (max-width: 600px) 100vw, 600px\" \/><\/figure>\n<\/div>\n\n\n<p class=\"has-medium-font-size wp-block-paragraph\"><strong>Lassen wir die \u201eKirche im Dorf\u201c! Unsere Kirchen bilden die Basis des kulturellen Dorflebens. Ich glaube, dass viele Menschen daran interessiert sind, die Kirche im Dorf zu lassen. F\u00fcr viele Gemeindeglieder ist der Erhalt der eigenen Kirchengemeinde eine emotionale Angelegenheit. Dabei geht es nicht nur um die Institution Kirche, sondern auch um das Geb\u00e4ude und die damit verbundenen eigene Geschichte. In dieser Kirche wurde ich getauft, konfirmiert, habe geheiratet und habe mein Familienmitglied beerdigt. Ja, stimmt, wir sollten die Kirche im Dorf lassen. Keine Frage, die Kirchen sehen sich gro\u00dfen Reformerwartungen ausgesetzt. Bestimmt ist es nicht leicht die passenden Antworten zu finden. In solchen F\u00e4llen hilft es in der Regel den Finger auf die Wunde zu legen und vor der eigenen Haust\u00fcr zu kehren. Wenn der Eingang zum eigenen Haus sauber ist, kommen auch gerne wieder mehr G\u00e4ste zu Besuch.<\/strong><\/p>\n\n\n\n<p class=\"has-medium-font-size wp-block-paragraph\"><strong>Herzlichen Gl\u00fcckwunsch zum Geburtstag liebe Kirche. Ich w\u00fcnsche dir viel Gl\u00fcck \u2026\u2026du kannst es gut gebrauchen!<\/strong><\/p>\n","protected":false},"excerpt":{"rendered":"<p>Die Redewendung \u201edie Kirche im Dorf lassen\u201c hat ihre Wurzeln in l\u00e4ndlichen Raum. Im Grunde wollte man damit zum Ausdruck bringen, dass die Kirche, als zentrales Element des d\u00f6rflichen Lebens darstellt. Historiker schlie\u00dfen daraus, dass diese Phrase in Anspruch genommen wurde, um den Wert der eigenen Heimat und der damit verbundenen Traditionen zu betonen. Viele Jahrhunderte lang bildete die Kirche<\/p>\n","protected":false},"author":1,"featured_media":18894,"comment_status":"closed","ping_status":"closed","sticky":false,"template":"","format":"standard","meta":{"_crdt_document":"","footnotes":""},"categories":[1,9,47],"tags":[5,85,618,568,127,310],"class_list":["post-18888","post","type-post","status-publish","format-standard","has-post-thumbnail","hentry","category-allgemein","category-dorfgetratsche","category-meine-kirche","tag-dirmingen","tag-evangelische-kirche-dirmingen","tag-gemeinde-eppelborn","tag-katholische-kirchengemeinde","tag-landkreis-neunkirchen","tag-saarland"],"_links":{"self":[{"href":"https:\/\/echta-derminga.de\/index.php?rest_route=\/wp\/v2\/posts\/18888","targetHints":{"allow":["GET"]}}],"collection":[{"href":"https:\/\/echta-derminga.de\/index.php?rest_route=\/wp\/v2\/posts"}],"about":[{"href":"https:\/\/echta-derminga.de\/index.php?rest_route=\/wp\/v2\/types\/post"}],"author":[{"embeddable":true,"href":"https:\/\/echta-derminga.de\/index.php?rest_route=\/wp\/v2\/users\/1"}],"replies":[{"embeddable":true,"href":"https:\/\/echta-derminga.de\/index.php?rest_route=%2Fwp%2Fv2%2Fcomments&post=18888"}],"version-history":[{"count":6,"href":"https:\/\/echta-derminga.de\/index.php?rest_route=\/wp\/v2\/posts\/18888\/revisions"}],"predecessor-version":[{"id":18899,"href":"https:\/\/echta-derminga.de\/index.php?rest_route=\/wp\/v2\/posts\/18888\/revisions\/18899"}],"wp:featuredmedia":[{"embeddable":true,"href":"https:\/\/echta-derminga.de\/index.php?rest_route=\/wp\/v2\/media\/18894"}],"wp:attachment":[{"href":"https:\/\/echta-derminga.de\/index.php?rest_route=%2Fwp%2Fv2%2Fmedia&parent=18888"}],"wp:term":[{"taxonomy":"category","embeddable":true,"href":"https:\/\/echta-derminga.de\/index.php?rest_route=%2Fwp%2Fv2%2Fcategories&post=18888"},{"taxonomy":"post_tag","embeddable":true,"href":"https:\/\/echta-derminga.de\/index.php?rest_route=%2Fwp%2Fv2%2Ftags&post=18888"}],"curies":[{"name":"wp","href":"https:\/\/api.w.org\/{rel}","templated":true}]}}