{"id":18917,"date":"2025-07-05T10:49:01","date_gmt":"2025-07-05T09:49:01","guid":{"rendered":"https:\/\/echta-derminga.de\/?p=18917"},"modified":"2025-07-05T11:01:32","modified_gmt":"2025-07-05T10:01:32","slug":"in-sachen-ortsvorsteher-von-einem-wohnungsbrand-traditionsreichen-turnieren-und-einem-dorf-mit-zukunft","status":"publish","type":"post","link":"https:\/\/echta-derminga.de\/?p=18917","title":{"rendered":"In Sachen Ortsvorsteher: Von einem Wohnungsbrand, traditionsreichen Dorfurnieren und einem Dorf mit Zukunft"},"content":{"rendered":"\n<p class=\"has-medium-font-size wp-block-paragraph\">Liebe Mitb\u00fcrgerinnen und Mitb\u00fcrger,<\/p>\n\n\n\n<p class=\"has-medium-font-size wp-block-paragraph\">und t\u00e4glich gr\u00fc\u00dft das Murmeltier ! In jedem Jahr ereilt unser Dorf eine andere Katastrophe. Seit der Pandemie hat unsere Dorfgemeinschaft in regelm\u00e4\u00dfigen Abst\u00e4nden mit neuen Problemen zu k\u00e4mpfen: Evakuierungen, Brennende Tankstelle, Pfingsthochwasser, Wegfall der Borrwieshalle und nun auch noch ein Wohnungsbrand mit verheerenden Folgen, f\u00fcr die betreffende Familie und die Dorfgemeinschaft. Der Wohnungsbrand oberhalb der Kult-Gastst\u00e4tte &#8222;Schuhhannesse&#8220; war f\u00fcr die betreffende Familie ein echter Schock. Leider wurde durch das L\u00f6schwasser auch der Nebenraum des Gasthaus &#8222;Schuhhannesse&#8220; schwer besch\u00e4digt. Wie lange die Event-Gastst\u00e4tte geschlossen bleiben muss, steht noch in den Sternen. Das Team des Gasthaus &#8222;Schuhhannesse&#8220; ist jedoch fest entschlossen weiterzumachen. Genau dass, scheint mir die passende Antwort zu sein ! Unsere Dorfgemeinschaft hat es nach all&#8216; diesen Herausforderungen immer wieder geschafft aufzustehen und weiterzumachen. Manchmal kommt es eben kn\u00fcppelhart und ohne Vorank\u00fcndigungen. Gottlob wurde niemand verletzt. Sachschaden ist immer zu ersetzen. W\u00fcnschen wir der betroffenen Familie wie auch dem Team des Gasthaus &#8222;Schuhhannesse&#8220; alles Gute. Sch\u00f6n, dass es Menschen gibt, die sofort ihre Hilfsbereitschaft anbieten. Die, durch den Wohnungsbrand gesch\u00e4digte Familie, fand sehr schnell eine neue Bleibe. Ich werte dies als Indiz f\u00fcr eine funktionierende Dorfgemeinschaft.<\/p>\n\n\n\n<p class=\"has-medium-font-size wp-block-paragraph\"><strong>Endergebnis \u201eUnser Dorf hat Zukunft\u201c<\/strong><\/p>\n\n\n\n<p class=\"has-medium-font-size wp-block-paragraph\">In der vergangenen Woche wurden wir \u00fcber das Endergebnis des Kreis Wettbewerbes \u201eUnser Dorf hat Zukunft\u201c informiert. Leider hat es f\u00fcr unseren Heimatort Dirmingen nicht f\u00fcr einen Platz auf dem Siegertreppchen gereicht. Am Ende des Tages belegten wir sogar einen Platz im hinteren Teil der Rangliste. Ich pers\u00f6nlich bin jedoch sehr stolz auf die Pr\u00e4sentation unseres Heimatortes und m\u00f6chte allen danken, die sich aktiv an unserer Bewerbung beteiligt haben. Ein besonderer Dank geht an den Helferkreis des \u201eDerminga Treffs\u201c, den L\u00f6schbezirk Dirmingen und an alle unsere Dorfvereine. Vielen lieben Dank an alle B\u00fcrgerinnen und B\u00fcrger, die unsere Pr\u00e4sentationsveranstaltung besucht hatten. Aus meiner Sicht hat sich unsere Dorfgemeinschaft sehr gut dargestellt. Nichtsdestotrotz finde ich, dass unsere Dorfgemeinschaft sehr viel Potential hat und unsere Bewerbung einen guten Grund hatte. Wenn man sich die einzelnen Vorgaben des Wettbewerb vor Augen f\u00fchrt, erf\u00fcllen wir einen Gro\u00dfteil der Herausforderungen: Alternativen zur Nahversorgungen, Umbau und Umnutzung von historischen Altbauten, Dorfgemeinschaftspflege, d\u00f6rfliche Naherholungsangebote und aktive Ortsvereine geh\u00f6rten zu den Vorrausetzungen. Unsere Dorfaktivit\u00e4ten sind gro\u00dfartig: &#8222;Mittelalterlicher Weihnachtsmarkt&#8220;, &#8222;Weihnachtsbaumaktion&#8220;, &#8222;Park-und Strandfest&#8220;, &#8222;Unser Dorf spielt Handball \/ Fu\u00dfball&#8220;, &#8222;Kappensitzungen&#8220;, &#8222;Nachbarschaftsfeste&#8220;, &#8222;Herbstfeste&#8220;, &#8222;Derminga Kerb&#8220;, Imkerfest, &#8222;Feuerwehrfest&#8220;, Kleinkunstveranstaltungen und die Beteiligung unserer Ortsvereine an kulturellen Veranstaltungen im Kreis und der Gemeinde sprechen B\u00e4nde. Schade, dass es am Ende nicht ausgereichte und es einfach nicht h\u00e4tte sein sollen ! Nat\u00fcrlich haben wir die Gr\u00f6\u00dfe unsere Platzierung zu akzeptieren. Ich m\u00f6chte dem siegreichen Dorf Hirzweiler ganz herzlich gratulieren und w\u00fcnsche auch im Namen unserer Dorfgemeinschaft alles Gute. Herzlichen Gl\u00fcckwunsch auch an unseren Nachbarort Wustweiler f\u00fcr einen tollen 2. Platz und an Steinbach (Ottweiler) das es mit dem 3. Platz erneut auf das Siegertreppchen schaffte. Wir Dirmingerinnen und Dirminger w\u00fcnschen viel Gl\u00fcck, Erfolg und eine sch\u00f6ne Feier. Vielen Dank an die die Verwaltung des Landkreises Neunkirchen und an Landrat S\u00f6ren Meng f\u00fcr die Organisation des Wettbewerbs.<\/p>\n\n\n\n<div class=\"wp-block-columns is-layout-flex wp-container-core-columns-is-layout-8f761849 wp-block-columns-is-layout-flex\">\n<div class=\"wp-block-column is-layout-flow wp-block-column-is-layout-flow\">\n<figure class=\"wp-block-image size-large\"><img loading=\"lazy\" decoding=\"async\" width=\"700\" height=\"525\" src=\"https:\/\/echta-derminga.de\/wp-content\/uploads\/2025\/07\/20250611_164625-700x525.jpg\" alt=\"\" class=\"wp-image-18943\" srcset=\"https:\/\/echta-derminga.de\/wp-content\/uploads\/2025\/07\/20250611_164625-700x525.jpg 700w, https:\/\/echta-derminga.de\/wp-content\/uploads\/2025\/07\/20250611_164625-300x225.jpg 300w, https:\/\/echta-derminga.de\/wp-content\/uploads\/2025\/07\/20250611_164625-768x576.jpg 768w, https:\/\/echta-derminga.de\/wp-content\/uploads\/2025\/07\/20250611_164625-1536x1152.jpg 1536w, https:\/\/echta-derminga.de\/wp-content\/uploads\/2025\/07\/20250611_164625-2048x1536.jpg 2048w\" sizes=\"auto, (max-width: 700px) 100vw, 700px\" \/><\/figure>\n<\/div>\n\n\n\n<div class=\"wp-block-column is-layout-flow wp-block-column-is-layout-flow\">\n<figure class=\"wp-block-image size-large\"><img loading=\"lazy\" decoding=\"async\" width=\"700\" height=\"525\" src=\"https:\/\/echta-derminga.de\/wp-content\/uploads\/2025\/07\/IMG-20250611-WA0029-700x525.jpg\" alt=\"\" class=\"wp-image-18944\" srcset=\"https:\/\/echta-derminga.de\/wp-content\/uploads\/2025\/07\/IMG-20250611-WA0029-700x525.jpg 700w, https:\/\/echta-derminga.de\/wp-content\/uploads\/2025\/07\/IMG-20250611-WA0029-300x225.jpg 300w, https:\/\/echta-derminga.de\/wp-content\/uploads\/2025\/07\/IMG-20250611-WA0029-768x576.jpg 768w, https:\/\/echta-derminga.de\/wp-content\/uploads\/2025\/07\/IMG-20250611-WA0029-1536x1152.jpg 1536w, https:\/\/echta-derminga.de\/wp-content\/uploads\/2025\/07\/IMG-20250611-WA0029.jpg 1600w\" sizes=\"auto, (max-width: 700px) 100vw, 700px\" \/><\/figure>\n<\/div>\n<\/div>\n\n\n<div class=\"wp-block-image\">\n<figure class=\"aligncenter size-large\"><img loading=\"lazy\" decoding=\"async\" width=\"700\" height=\"487\" src=\"https:\/\/echta-derminga.de\/wp-content\/uploads\/2025\/07\/IMG-20250611-WA0020-700x487.jpg\" alt=\"\" class=\"wp-image-18945\" srcset=\"https:\/\/echta-derminga.de\/wp-content\/uploads\/2025\/07\/IMG-20250611-WA0020-700x487.jpg 700w, https:\/\/echta-derminga.de\/wp-content\/uploads\/2025\/07\/IMG-20250611-WA0020-300x209.jpg 300w, https:\/\/echta-derminga.de\/wp-content\/uploads\/2025\/07\/IMG-20250611-WA0020-768x535.jpg 768w, https:\/\/echta-derminga.de\/wp-content\/uploads\/2025\/07\/IMG-20250611-WA0020-1536x1069.jpg 1536w, https:\/\/echta-derminga.de\/wp-content\/uploads\/2025\/07\/IMG-20250611-WA0020.jpg 1547w\" sizes=\"auto, (max-width: 700px) 100vw, 700px\" \/><\/figure>\n<\/div>\n\n\n<p class=\"has-medium-font-size wp-block-paragraph\"><strong>\u201eUnser Dorf spielt Handball\u201c bereichert Dorfgemeinschaft<\/strong><\/p>\n\n\n\n<p class=\"has-medium-font-size wp-block-paragraph\">Seit 50 Jahren begeistert das Hobby Handballturnier &#8222;Unser Dorf spielt Handball&#8220; die Menschen. Seit 50 Jahren geh\u00f6rt dieses Turnier zu den Top-Highlights unseres Dorfkalenders. Zur Er\u00f6ffnung des diesj\u00e4hrigen Turniers durfte ich gemeinsam mit dem Beigeordneten Sebastian Michel und der Vorsitzenden Birgit Vogel, sowie den TVD-Machern Timo Spaniol, Yannik Reiter und Florian Stumpf den Fassanstich zelebrieren. Der TV 04 Dirmingen leistet einen gro\u00dfen Beitrag zur Aufwertung unserer Dorfkultur und unseres Veranstaltungskalenders. Gerne habe ich dem Verein eine Spende \u00fcber 200,- \u20ac meines Ortsvorsteherbudgets der Sparkasse \u00fcberreicht. Ich w\u00fcnsche dem OG-Team des TVD, allen teilnehmenden Mannschaften und allen G\u00e4sten sch\u00f6ne Spiele, gute Unterhaltung und viel Spa\u00df.<\/p>\n\n\n\n<div class=\"wp-block-columns is-layout-flex wp-container-core-columns-is-layout-8f761849 wp-block-columns-is-layout-flex\">\n<div class=\"wp-block-column is-layout-flow wp-block-column-is-layout-flow\">\n<figure class=\"wp-block-image size-large\"><img loading=\"lazy\" decoding=\"async\" width=\"700\" height=\"1050\" src=\"https:\/\/echta-derminga.de\/wp-content\/uploads\/2025\/07\/IMG-20250625-WA0016-700x1050.jpg\" alt=\"\" class=\"wp-image-18940\" srcset=\"https:\/\/echta-derminga.de\/wp-content\/uploads\/2025\/07\/IMG-20250625-WA0016-700x1050.jpg 700w, https:\/\/echta-derminga.de\/wp-content\/uploads\/2025\/07\/IMG-20250625-WA0016-200x300.jpg 200w, https:\/\/echta-derminga.de\/wp-content\/uploads\/2025\/07\/IMG-20250625-WA0016-768x1152.jpg 768w, https:\/\/echta-derminga.de\/wp-content\/uploads\/2025\/07\/IMG-20250625-WA0016.jpg 800w\" sizes=\"auto, (max-width: 700px) 100vw, 700px\" \/><\/figure>\n<\/div>\n\n\n\n<div class=\"wp-block-column is-layout-flow wp-block-column-is-layout-flow\">\n<figure class=\"wp-block-image size-large\"><img loading=\"lazy\" decoding=\"async\" width=\"700\" height=\"766\" src=\"https:\/\/echta-derminga.de\/wp-content\/uploads\/2025\/07\/IMG-20250625-WA0027-700x766.jpg\" alt=\"\" class=\"wp-image-18941\" srcset=\"https:\/\/echta-derminga.de\/wp-content\/uploads\/2025\/07\/IMG-20250625-WA0027-700x766.jpg 700w, https:\/\/echta-derminga.de\/wp-content\/uploads\/2025\/07\/IMG-20250625-WA0027-274x300.jpg 274w, https:\/\/echta-derminga.de\/wp-content\/uploads\/2025\/07\/IMG-20250625-WA0027-768x841.jpg 768w, https:\/\/echta-derminga.de\/wp-content\/uploads\/2025\/07\/IMG-20250625-WA0027.jpg 973w\" sizes=\"auto, (max-width: 700px) 100vw, 700px\" \/><\/figure>\n<\/div>\n<\/div>\n\n\n\n<p class=\"has-medium-font-size wp-block-paragraph\"><strong>\u201eGeld, wo Geld hingeh\u00f6rt\u201c \u2013 Handballer zeigen Herz<\/strong><\/p>\n\n\n\n<p class=\"has-medium-font-size wp-block-paragraph\">Die 2. und 3. Welle des HF Illtal beschloss in diesem Jahr, anstatt f\u00fcr ihre Abschlussfahrt f\u00fcr das Kinderhospiz und das Palliativteam Saar Geld zu sammeln. Gem\u00e4\u00df dem Motto \u201eGeld, wo Geld hingeh\u00f6rt\u201c baten die Jungs um Spenden f\u00fcr das Kinderhospiz und Palliativteam Saar, das mit viel Engagement und Herz schwerstkranke Kinder und deren Familien unterst\u00fctzt und begleitet. Bei dieser Aktion (\u201eihr spendet, wir trinken\u201c) kamen \u00fcber das Abschlusswochenende insgesamt 880 \u20ac an Spenden zusammen, die von der Mannschaft dann noch auf runde 1.000 \u20ac aufgestockt wurden. Diese Spende konnte die Mannschaft nun im Rahmen von \u201eUnserem Dorf spielt Handball\u201c an Anne M\u00fcller vom Kinderhospiz und Palliativteam Saar \u00fcbergeben. Ich finde, dass ist eine gro\u00dfartige Aktion der Handballer des HF Illtal. Respekt !<\/p>\n\n\n<div class=\"wp-block-image\">\n<figure class=\"aligncenter size-large\"><img loading=\"lazy\" decoding=\"async\" width=\"700\" height=\"467\" src=\"https:\/\/echta-derminga.de\/wp-content\/uploads\/2025\/07\/514333013_1314736503988195_8381588698920240842_n-700x467.jpg\" alt=\"\" class=\"wp-image-18938\" srcset=\"https:\/\/echta-derminga.de\/wp-content\/uploads\/2025\/07\/514333013_1314736503988195_8381588698920240842_n-700x467.jpg 700w, https:\/\/echta-derminga.de\/wp-content\/uploads\/2025\/07\/514333013_1314736503988195_8381588698920240842_n-300x200.jpg 300w, https:\/\/echta-derminga.de\/wp-content\/uploads\/2025\/07\/514333013_1314736503988195_8381588698920240842_n-768x512.jpg 768w, https:\/\/echta-derminga.de\/wp-content\/uploads\/2025\/07\/514333013_1314736503988195_8381588698920240842_n.jpg 1440w\" sizes=\"auto, (max-width: 700px) 100vw, 700px\" \/><\/figure>\n<\/div>\n\n\n<p class=\"has-medium-font-size wp-block-paragraph\"><strong>Schlimmer Wohnungsbrand in Dirmingen<\/strong><\/p>\n\n\n\n<p class=\"has-medium-font-size wp-block-paragraph\">Eine gute Nachricht vorweg: Es wurde niemand schwer verletzt! Im Geb\u00e4ude des Gasthaus &#8222;Schuhhannesse&#8220; gab es in der vergangenen Woche einen Wohnungsbrand. Dabei entstand ein beachtlicher Schaden. Meine Gedanken sind nat\u00fcrlich bei den Hausbesitzern. Auch der Nebenraum des Gasthauses wurde durch L\u00f6schwasser besch\u00e4digt. Ich m\u00f6chte mich ganz herzlich bei der Feuerwehr in der Gemeinde Eppelborn f\u00fcr die wertvolle Unterst\u00fctzung bedanken. Ein besonderer Dank geht an unseren L\u00f6schbezirk Dirmingen der wieder mal rasend schnell vor Ort war, und das aller schlimmste verhindern konnte. In dieser Woche hat der L\u00f6schbezirk Dirmingen schonmal, in anderer Angelegenheit, unsere Dorfgemeinschaft unterst\u00fctzt. Danke ! Vielen Dank an alle Einsatzkr\u00e4fte der Feuerwehr in der Gemeinde Eppelborn, das DRK und die Polizei. Wie es mit dem Gasthaus Schuhhannesse und den angesetzten Terminen weitergeht, wird man sehen. Das Team des Gasthaus &#8222;Schuhhannesse&#8220; wird so bald wie m\u00f6glich informieren. In Dirmingen sind wir R\u00fcckschl\u00e4ge gewohnt. Wir wachsen an unseren Herausforderungen und stehen immer wieder auf!<\/p>\n\n\n\n<div class=\"wp-block-columns is-layout-flex wp-container-core-columns-is-layout-8f761849 wp-block-columns-is-layout-flex\">\n<div class=\"wp-block-column is-layout-flow wp-block-column-is-layout-flow\">\n<figure class=\"wp-block-image size-large\"><img loading=\"lazy\" decoding=\"async\" width=\"700\" height=\"525\" src=\"https:\/\/echta-derminga.de\/wp-content\/uploads\/2025\/07\/515377986_23894333910234676_7061226651795281129_n-700x525.jpg\" alt=\"\" class=\"wp-image-18935\" srcset=\"https:\/\/echta-derminga.de\/wp-content\/uploads\/2025\/07\/515377986_23894333910234676_7061226651795281129_n-700x525.jpg 700w, https:\/\/echta-derminga.de\/wp-content\/uploads\/2025\/07\/515377986_23894333910234676_7061226651795281129_n-300x225.jpg 300w, https:\/\/echta-derminga.de\/wp-content\/uploads\/2025\/07\/515377986_23894333910234676_7061226651795281129_n-768x576.jpg 768w, https:\/\/echta-derminga.de\/wp-content\/uploads\/2025\/07\/515377986_23894333910234676_7061226651795281129_n-1536x1152.jpg 1536w, https:\/\/echta-derminga.de\/wp-content\/uploads\/2025\/07\/515377986_23894333910234676_7061226651795281129_n.jpg 2048w\" sizes=\"auto, (max-width: 700px) 100vw, 700px\" \/><\/figure>\n<\/div>\n\n\n\n<div class=\"wp-block-column is-layout-flow wp-block-column-is-layout-flow\">\n<figure class=\"wp-block-image size-large\"><img loading=\"lazy\" decoding=\"async\" width=\"700\" height=\"546\" src=\"https:\/\/echta-derminga.de\/wp-content\/uploads\/2025\/07\/515283815_23894333320234735_921685560033148873_n-700x546.jpg\" alt=\"\" class=\"wp-image-18936\" srcset=\"https:\/\/echta-derminga.de\/wp-content\/uploads\/2025\/07\/515283815_23894333320234735_921685560033148873_n-700x546.jpg 700w, https:\/\/echta-derminga.de\/wp-content\/uploads\/2025\/07\/515283815_23894333320234735_921685560033148873_n-300x234.jpg 300w, https:\/\/echta-derminga.de\/wp-content\/uploads\/2025\/07\/515283815_23894333320234735_921685560033148873_n-768x599.jpg 768w, https:\/\/echta-derminga.de\/wp-content\/uploads\/2025\/07\/515283815_23894333320234735_921685560033148873_n-1536x1197.jpg 1536w, https:\/\/echta-derminga.de\/wp-content\/uploads\/2025\/07\/515283815_23894333320234735_921685560033148873_n.jpg 1570w\" sizes=\"auto, (max-width: 700px) 100vw, 700px\" \/><\/figure>\n<\/div>\n<\/div>\n\n\n<div class=\"wp-block-image\">\n<figure class=\"aligncenter size-large\"><img loading=\"lazy\" decoding=\"async\" width=\"700\" height=\"350\" src=\"https:\/\/echta-derminga.de\/wp-content\/uploads\/2025\/07\/w1900_h951_x1250_y625_20250704_142430-b3d91dc504297642-700x350.jpg\" alt=\"\" class=\"wp-image-18953\" srcset=\"https:\/\/echta-derminga.de\/wp-content\/uploads\/2025\/07\/w1900_h951_x1250_y625_20250704_142430-b3d91dc504297642-700x350.jpg 700w, https:\/\/echta-derminga.de\/wp-content\/uploads\/2025\/07\/w1900_h951_x1250_y625_20250704_142430-b3d91dc504297642-300x150.jpg 300w, https:\/\/echta-derminga.de\/wp-content\/uploads\/2025\/07\/w1900_h951_x1250_y625_20250704_142430-b3d91dc504297642-768x384.jpg 768w, https:\/\/echta-derminga.de\/wp-content\/uploads\/2025\/07\/w1900_h951_x1250_y625_20250704_142430-b3d91dc504297642-1536x769.jpg 1536w, https:\/\/echta-derminga.de\/wp-content\/uploads\/2025\/07\/w1900_h951_x1250_y625_20250704_142430-b3d91dc504297642.jpg 1900w\" sizes=\"auto, (max-width: 700px) 100vw, 700px\" \/><\/figure>\n<\/div>\n\n\n<p class=\"has-medium-font-size wp-block-paragraph\"><strong>\u201eDiamantene Hochzeit\u201c Edith und Hans Klein<\/strong><\/p>\n\n\n\n<p class=\"has-medium-font-size wp-block-paragraph\">Mit der &#8222;Diamantenen Hochzeit&#8220; feiert ein Ehepaar das 60. Hochzeitsjubil\u00e4um. In der vergangenen Woche feierten Edith und Hans Klein aus Dirmingen ihre &#8222;Diamantene Hochzeit&#8220;. Nachdem am Wochenende zuvor im Kreise der Familie ausgiebig gefeiert wurde, durften B\u00fcrgermeister Dr. Andreas Feld und ich als Ortsvorsteher unsere Gl\u00fcckw\u00fcnsche \u00fcbermitteln. W\u00e4hrend B\u00fcrgermeister Feld die Gratulation der Ministerpr\u00e4sidentin Anke Rehlinger, des Landrates S\u00f6ren Meng und seiner Gemeindeverwaltung \u00fcberbrachte, durfte ich die Gl\u00fcckw\u00fcnsche des Ortsrates und der Dirminger Bev\u00f6lkerung \u00fcbermitteln. Ich m\u00f6chte auch an dieser Stelle ganz herzlich gratulieren. Ich w\u00fcnsche Edith und Hans Klein alles erdenklich Gute sowie viel Gl\u00fcck und Gesundheit in vertrauter Zweisamkeit. Vielen lieben Dank an das Jubelpaar und an Marion und Thomas Klein f\u00fcr die Gastfreundschaft.<\/p>\n\n\n<div class=\"wp-block-image\">\n<figure class=\"aligncenter size-large\"><img loading=\"lazy\" decoding=\"async\" width=\"700\" height=\"620\" src=\"https:\/\/echta-derminga.de\/wp-content\/uploads\/2025\/07\/IMG-20250617-WA0021-700x620.jpg\" alt=\"\" class=\"wp-image-18934\" srcset=\"https:\/\/echta-derminga.de\/wp-content\/uploads\/2025\/07\/IMG-20250617-WA0021-700x620.jpg 700w, https:\/\/echta-derminga.de\/wp-content\/uploads\/2025\/07\/IMG-20250617-WA0021-300x266.jpg 300w, https:\/\/echta-derminga.de\/wp-content\/uploads\/2025\/07\/IMG-20250617-WA0021-768x681.jpg 768w, https:\/\/echta-derminga.de\/wp-content\/uploads\/2025\/07\/IMG-20250617-WA0021-1536x1361.jpg 1536w, https:\/\/echta-derminga.de\/wp-content\/uploads\/2025\/07\/IMG-20250617-WA0021.jpg 1733w\" sizes=\"auto, (max-width: 700px) 100vw, 700px\" \/><\/figure>\n<\/div>\n\n\n<p class=\"has-medium-font-size wp-block-paragraph\"><strong>\u201eGoldene Hochzeit\u201c Ruth und Vinzenz Scherschel<\/strong><\/p>\n\n\n\n<p class=\"has-medium-font-size wp-block-paragraph\">Die &#8222;Goldene Hochzeit&#8220; wird nach 50 Jahren gemeinsamen Ehelebens gefeiert. In der vergangenen Woche durfte ich gemeinsam mit B\u00fcrgermeister Dr. Andreas Feld dem Dirminger Jubelpaar Ruth und Vinzenz Scherschel zur &#8222;Goldenen Hochzeit&#8220; gratulieren. Dieser Hochzeitstag ist ein besonderer Meilenstein im Leben eines Ehepaares. W\u00e4hrend B\u00fcrgermeister Dr. Feld die Gl\u00fcckw\u00fcnsche der Ministerpr\u00e4sidentin, des Landrates und seiner Gemeindeverwaltung \u00fcberbrachte, durfte ich in meiner Funktion als Ortsvorsteher die Gl\u00fcckw\u00fcnsche des Ortsrates und der Dirminger Bev\u00f6lkerung \u00fcbermitteln. Ich m\u00f6chte auch an dieser Stelle ganz herzlich gratulieren. Vielen Dank an das Jubelpaar und den T\u00f6chtern Anuschka Scherschel und Ramona Scherschel f\u00fcr die Gastfreundschaft.<\/p>\n\n\n<div class=\"wp-block-image\">\n<figure class=\"aligncenter size-large\"><img loading=\"lazy\" decoding=\"async\" width=\"700\" height=\"547\" src=\"https:\/\/echta-derminga.de\/wp-content\/uploads\/2025\/07\/20250620_1802341-700x547.jpg\" alt=\"\" class=\"wp-image-18932\" srcset=\"https:\/\/echta-derminga.de\/wp-content\/uploads\/2025\/07\/20250620_1802341-700x547.jpg 700w, https:\/\/echta-derminga.de\/wp-content\/uploads\/2025\/07\/20250620_1802341-300x234.jpg 300w, https:\/\/echta-derminga.de\/wp-content\/uploads\/2025\/07\/20250620_1802341-768x600.jpg 768w, https:\/\/echta-derminga.de\/wp-content\/uploads\/2025\/07\/20250620_1802341-1536x1200.jpg 1536w, https:\/\/echta-derminga.de\/wp-content\/uploads\/2025\/07\/20250620_1802341-2048x1600.jpg 2048w\" sizes=\"auto, (max-width: 700px) 100vw, 700px\" \/><\/figure>\n<\/div>\n\n\n<p class=\"has-medium-font-size wp-block-paragraph\"><strong>Veteranentag bei der RK Illtal in Dirmingen<\/strong><\/p>\n\n\n\n<p class=\"has-medium-font-size wp-block-paragraph\">Im Juni wurde der offizielle Veteranentag der Bundesregierung gefeiert. Genau eine Woche sp\u00e4ter feierte unsere RK Illtal am Reservistenheim in Dirmingen diesen besonderen Ehrentag. Gemeinsam mit B\u00fcrgermeister Dr. Andreas Feld und dem Vorsitzenden der Reservisten der Bundeswehr im Saarland, Rudi Herrmann, sowie dem Vorsitzenden der RK Illtal, Herrn Schuhmacher, und dem stellvertretenden Wehrf\u00fchrer Thorsten Fuchs durfte ich meine Gl\u00fcckw\u00fcnsche und meine Hochachtung \u00fcbermitteln. Ich finde, wir sollten unsere Wertsch\u00e4tzung gegen\u00fcber den Soldatinnen und Soldaten in diesem Land aufwerten. Vielen herzlichen Dank f\u00fcr dieses wertvolle Ehrenamt. Gerne habe ich meiner Gratulation eine Geldspende aus meinem Sparkassenbudget beigef\u00fcgt. Neben einigen Besucherinnen und Besuchern aus der Bev\u00f6lkerung waren auch die Ortsratsmitglieder Arian Islami und Daniel Klein vor Ort. Lieber RK Illtal &#8211; Sch\u00f6n, dass es euch gibt!<\/p>\n\n\n\n<div class=\"wp-block-columns is-layout-flex wp-container-core-columns-is-layout-8f761849 wp-block-columns-is-layout-flex\">\n<div class=\"wp-block-column is-layout-flow wp-block-column-is-layout-flow\">\n<figure class=\"wp-block-image size-large\"><img loading=\"lazy\" decoding=\"async\" width=\"700\" height=\"525\" src=\"https:\/\/echta-derminga.de\/wp-content\/uploads\/2025\/07\/FB_IMG_1750531626637-700x525.jpg\" alt=\"\" class=\"wp-image-18929\" srcset=\"https:\/\/echta-derminga.de\/wp-content\/uploads\/2025\/07\/FB_IMG_1750531626637-700x525.jpg 700w, https:\/\/echta-derminga.de\/wp-content\/uploads\/2025\/07\/FB_IMG_1750531626637-300x225.jpg 300w, https:\/\/echta-derminga.de\/wp-content\/uploads\/2025\/07\/FB_IMG_1750531626637-768x576.jpg 768w, https:\/\/echta-derminga.de\/wp-content\/uploads\/2025\/07\/FB_IMG_1750531626637-1536x1152.jpg 1536w, https:\/\/echta-derminga.de\/wp-content\/uploads\/2025\/07\/FB_IMG_1750531626637.jpg 2048w\" sizes=\"auto, (max-width: 700px) 100vw, 700px\" \/><\/figure>\n<\/div>\n\n\n\n<div class=\"wp-block-column is-layout-flow wp-block-column-is-layout-flow\">\n<figure class=\"wp-block-image size-large\"><img loading=\"lazy\" decoding=\"async\" width=\"700\" height=\"525\" src=\"https:\/\/echta-derminga.de\/wp-content\/uploads\/2025\/07\/509434731_10035161963245105_7917064097579172274_n-700x525.jpg\" alt=\"\" class=\"wp-image-18930\" srcset=\"https:\/\/echta-derminga.de\/wp-content\/uploads\/2025\/07\/509434731_10035161963245105_7917064097579172274_n-700x525.jpg 700w, https:\/\/echta-derminga.de\/wp-content\/uploads\/2025\/07\/509434731_10035161963245105_7917064097579172274_n-300x225.jpg 300w, https:\/\/echta-derminga.de\/wp-content\/uploads\/2025\/07\/509434731_10035161963245105_7917064097579172274_n-768x576.jpg 768w, https:\/\/echta-derminga.de\/wp-content\/uploads\/2025\/07\/509434731_10035161963245105_7917064097579172274_n-1536x1152.jpg 1536w, https:\/\/echta-derminga.de\/wp-content\/uploads\/2025\/07\/509434731_10035161963245105_7917064097579172274_n.jpg 2048w\" sizes=\"auto, (max-width: 700px) 100vw, 700px\" \/><\/figure>\n<\/div>\n<\/div>\n\n\n\n<p class=\"has-medium-font-size wp-block-paragraph\"><strong>Ortsrat besch\u00e4ftigt sich mit m\u00f6glicher Vergr\u00f6\u00dferung des Nebenraums der Borrwieshalle<\/strong><\/p>\n\n\n\n<p class=\"has-medium-font-size wp-block-paragraph\">Die SPD-Fraktion stellte in der letzten Ortsratssitzung am 26. Juni 2025 einen richtungsweisenden Antrag. Bez\u00fcglich der geplanten Sanierung arbeiten an der Borrwieshalle Dirmingen besch\u00e4ftigte sich die SPD-Fraktion mit der Frage, ob es nicht sinnvoller w\u00e4re, die geplanten Sanierungsma\u00dfnahmen zu erweitern. So k\u00f6nnte im Rahmen der Bauma\u00dfnahmen der Nebenraum der Halle vergr\u00f6\u00dfert werden und somit als Dorfgemeinschaftsraum dienen. Eine Erweiterung des Nebenraums w\u00fcrde nicht unbedingt zu einer Nutzungs\u00e4nderung f\u00fchren. Mit dieser Ma\u00dfnahme k\u00f6nnte in Punkto Dorfgemeinschaftsraum ein wichtiger Akzent gesetzt werden. Der Ortsrat folgte diesem Antrag bittet die Gemeindeverwaltung eine sinnvolle Erweiterung des Nebenraums zu pr\u00fcfen und umzusetzen. Der geplante Umbau der Halle k\u00f6nnte einer echte Chancen werden. Der Ortsrat bittet zudem die Einf\u00fchrung einer Baukommission, bestehend aus Mitgliedern des Ortsrates, zu pr\u00fcfen. Dieses Gremium sollte sich beratend an den Bauma\u00dfnahmen rund um die Borrwieshalle beteiligen. Der Antrag wurde nach umfassenden Beratungen einstimmig angenommen.<\/p>\n\n\n<div class=\"wp-block-image\">\n<figure class=\"aligncenter size-large\"><img loading=\"lazy\" decoding=\"async\" width=\"700\" height=\"525\" src=\"https:\/\/echta-derminga.de\/wp-content\/uploads\/2025\/07\/513936709_1158816482952339_7751982126704733303_n-700x525.jpg\" alt=\"\" class=\"wp-image-18924\" srcset=\"https:\/\/echta-derminga.de\/wp-content\/uploads\/2025\/07\/513936709_1158816482952339_7751982126704733303_n-700x525.jpg 700w, https:\/\/echta-derminga.de\/wp-content\/uploads\/2025\/07\/513936709_1158816482952339_7751982126704733303_n-300x225.jpg 300w, https:\/\/echta-derminga.de\/wp-content\/uploads\/2025\/07\/513936709_1158816482952339_7751982126704733303_n-768x576.jpg 768w, https:\/\/echta-derminga.de\/wp-content\/uploads\/2025\/07\/513936709_1158816482952339_7751982126704733303_n-1536x1152.jpg 1536w, https:\/\/echta-derminga.de\/wp-content\/uploads\/2025\/07\/513936709_1158816482952339_7751982126704733303_n.jpg 2048w\" sizes=\"auto, (max-width: 700px) 100vw, 700px\" \/><figcaption class=\"wp-element-caption\">Borrwieshalle und Nebenraum in Dirmingen<\/figcaption><\/figure>\n<\/div>\n\n\n<p class=\"has-medium-font-size wp-block-paragraph\"><strong>\u201eUnser Dorf spielt Fu\u00dfball\u201c im Belkerstadion<\/strong><\/p>\n\n\n\n<p class=\"has-medium-font-size wp-block-paragraph\">Das beliebte Hobbyturnier &#8222;Unser Dorf spielt Fu\u00dfball&#8220; geh\u00f6rt seit \u00fcber 50 Jahren zum festen Terminkalender unseres Heimatortes. Aufgrund der Tatsache, dass meine pers\u00f6nlichen Wurzeln in diesem Verein liegen, bin ich gerne der Einladung des Vereins gefolgt. Es war mir auch in diesem Jahr eine Ehre, dieses traditionsreiche Turnier zu besuchen. Zum Abschluss dieses Dorfturnieres wurde der traditionelle Familientag mit Bouleturnier durchgef\u00fchrt. Auch in diesem Jahr durfte ich aus meinem Ortsvorsteherbudget der Kreissparkasse eine Spende an den Verein \u00fcberreichen. Danke f\u00fcr das Ehrenamt sowie an alle Helferinnen und Helfer des SV Dirmingen. Herzlichen Gl\u00fcckwunsch an alle siegreichen Mannschaften. Das 7-Meter-Turnier gewann \u00fcbrigens das Team des TV 04 Dirmingen. Herzlichen Gl\u00fcckwunsch!<\/p>\n\n\n<div class=\"wp-block-image\">\n<figure class=\"aligncenter size-large\"><img loading=\"lazy\" decoding=\"async\" width=\"700\" height=\"690\" src=\"https:\/\/echta-derminga.de\/wp-content\/uploads\/2025\/07\/IMG-20250614-WA0030-700x690.jpg\" alt=\"\" class=\"wp-image-18927\" srcset=\"https:\/\/echta-derminga.de\/wp-content\/uploads\/2025\/07\/IMG-20250614-WA0030-700x690.jpg 700w, https:\/\/echta-derminga.de\/wp-content\/uploads\/2025\/07\/IMG-20250614-WA0030-300x296.jpg 300w, https:\/\/echta-derminga.de\/wp-content\/uploads\/2025\/07\/IMG-20250614-WA0030-768x757.jpg 768w, https:\/\/echta-derminga.de\/wp-content\/uploads\/2025\/07\/IMG-20250614-WA0030-1536x1514.jpg 1536w, https:\/\/echta-derminga.de\/wp-content\/uploads\/2025\/07\/IMG-20250614-WA0030-2048x2019.jpg 2048w, https:\/\/echta-derminga.de\/wp-content\/uploads\/2025\/07\/IMG-20250614-WA0030-90x90.jpg 90w, https:\/\/echta-derminga.de\/wp-content\/uploads\/2025\/07\/IMG-20250614-WA0030-75x75.jpg 75w\" sizes=\"auto, (max-width: 700px) 100vw, 700px\" \/><\/figure>\n<\/div>\n\n\n<p class=\"has-medium-font-size wp-block-paragraph\"><strong>Ortsrat ber\u00e4t \u00fcber neue Wohnbaufl\u00e4che \u201eAm Rotenberg 2\u201c<\/strong><\/p>\n\n\n\n<p class=\"has-medium-font-size wp-block-paragraph\">W\u00e4hrend der letzten Ortsratssitzung wurde der Punkt \u201eErstellung eines Bebauungsplans \u201eAm Rotenberg 2\u201c mit paralleler \u00c4nderung des Fl\u00e4chennutzungsplans zur Errichtung einer Wohnbaufl\u00e4che in Dirmingen mit Spannung erwartet. Der Ortsrat wurde von Herrn Jung, von der Planungsfirma &#8222;Kern Plan&#8220;, ausf\u00fchrlich \u00fcber das Bauvorhaben informiert. Nach der Zustimmung des Ortsrates, hat nun auch der Gemeinderat dieses Bauvorhaben auf den Weg gebracht. Der Ortsrat und der Gemeinderat stimmten einstimmig f\u00fcr den Aufstellungsbeschluss. Auf dem Rotenberg k\u00f6nnte also in naher Zukunft ein zweites Siedlungsgebiet entstehen. Die Menschen bekommen Zeit, die Pl\u00e4ne einzusehen und gegebenenfalls ihre Stimme zu erheben. Nach den postitiven Entscheidungen im Orts-und Gemeinderat wurde der Weg f\u00fcr das Neubaugebiet freiger\u00e4umt. Das Verfahren kann nun Schwung aufnehmen.<\/p>\n\n\n<div class=\"wp-block-image\">\n<figure class=\"aligncenter size-large\"><img loading=\"lazy\" decoding=\"async\" width=\"700\" height=\"503\" src=\"https:\/\/echta-derminga.de\/wp-content\/uploads\/2025\/07\/Rotenberg-700x503.png\" alt=\"\" class=\"wp-image-18926\" srcset=\"https:\/\/echta-derminga.de\/wp-content\/uploads\/2025\/07\/Rotenberg-700x503.png 700w, https:\/\/echta-derminga.de\/wp-content\/uploads\/2025\/07\/Rotenberg-300x215.png 300w, https:\/\/echta-derminga.de\/wp-content\/uploads\/2025\/07\/Rotenberg.png 702w\" sizes=\"auto, (max-width: 700px) 100vw, 700px\" \/><\/figure>\n<\/div>\n\n\n<p class=\"has-medium-font-size wp-block-paragraph\"><strong>Erste Hitzewelle erreichte unseren Landkreis Neunkirchen<\/strong><\/p>\n\n\n\n<p class=\"has-medium-font-size wp-block-paragraph\">In der vergangenen Woche mussten die Menschen in unserer Region die erste Hitzewelle \u00fcber sich ergehen lassen. Bei  Temperaturen von \u00fcber 36 Grad Celsius in der Gemeinde Eppelborn entwickelte eine erh\u00f6hte Gesundheitsgefahr. Der Landkreis Neunkirchen und Landrat S\u00f6ren Meng bitten folgende Vorsichtsma\u00dfnahmen zu treffen: (Quelle Landkreis Neunkirchen)<\/p>\n\n\n\n<p class=\"has-medium-font-size wp-block-paragraph\">\u2022 Ausreichend trinken: Bevorzugen Sie Wasser, unges\u00fc\u00dfte Tees oder verd\u00fcnnte S\u00e4fte.<\/p>\n\n\n\n<p class=\"has-medium-font-size wp-block-paragraph\">\u2022 Mittagssonne meiden: Halten Sie sich zwischen 12 und 17 Uhr m\u00f6glichst in geschlossenen, k\u00fchlen R\u00e4umen oder im Schatten auf.<\/p>\n\n\n\n<p class=\"has-medium-font-size wp-block-paragraph\">\u2022 Leichte Kleidung tragen: Bevorzugen Sie helle, weite Kleidung.<\/p>\n\n\n\n<p class=\"has-medium-font-size wp-block-paragraph\">\u2022 K\u00fchlen Sie sich ab: Nutzen Sie k\u00fchle Duschen oder B\u00e4der.<\/p>\n\n\n\n<p class=\"has-medium-font-size wp-block-paragraph\">\u2022 Besondere Vorsicht bei Risikogruppen: Achten Sie auf \u00e4ltere Menschen, Kinder, Schwangere und Personen mit Vorerkrankungen.<\/p>\n\n\n\n<p class=\"has-medium-font-size wp-block-paragraph\"><img loading=\"lazy\" decoding=\"async\" height=\"16\" width=\"16\" alt=\"&#x1f4a1;\" src=\"https:\/\/static.xx.fbcdn.net\/images\/emoji.php\/v9\/t3c\/1\/16\/1f4a1.png\">Bleiben Sie achtsam und sch\u00fctzen Sie sich vor den Auswirkungen der Hitze. Ihre Gesundheit hat Priorit\u00e4t!<\/p>\n\n\n<div class=\"wp-block-image\">\n<figure class=\"aligncenter size-large\"><img loading=\"lazy\" decoding=\"async\" width=\"700\" height=\"467\" src=\"https:\/\/echta-derminga.de\/wp-content\/uploads\/2025\/07\/514490523_1162828795883430_6110462910976521011_n-700x467.jpg\" alt=\"\" class=\"wp-image-18922\" srcset=\"https:\/\/echta-derminga.de\/wp-content\/uploads\/2025\/07\/514490523_1162828795883430_6110462910976521011_n-700x467.jpg 700w, https:\/\/echta-derminga.de\/wp-content\/uploads\/2025\/07\/514490523_1162828795883430_6110462910976521011_n-300x200.jpg 300w, https:\/\/echta-derminga.de\/wp-content\/uploads\/2025\/07\/514490523_1162828795883430_6110462910976521011_n-768x512.jpg 768w, https:\/\/echta-derminga.de\/wp-content\/uploads\/2025\/07\/514490523_1162828795883430_6110462910976521011_n.jpg 1536w\" sizes=\"auto, (max-width: 700px) 100vw, 700px\" \/><figcaption class=\"wp-element-caption\">Quelle: Landkreis Neunkirchen<\/figcaption><\/figure>\n<\/div>\n\n\n<p class=\"has-medium-font-size wp-block-paragraph\">Der Gemeinderat Eppelborn besch\u00e4ftigte sich nach dem Votum des Dirminger Ortsrates mit der Errichtung einer Freifl\u00e4chen-Fotovoltaikanlage auf dem Steinackerfeld in Dirmingen. Die Firma Energiewerk GmbH plant diesen Neubau. Der Gemeinderat musste nun der Erstellung eines Bebauungsplans und parallel der \u00c4nderung des Fl\u00e4chennutzungsplans zustimmen. Das Vorhaben wurde mit einigen Gegenstimmen auf den Weg gebracht. In diesem Zusammenhang m\u00f6chte ich grundlegend daran erinnern, dass neuer bare Energien vom Bund priorisiert werden und ein &#8222;Repowering&#8220; bei Windr\u00e4dern oder Neubau eines Solarparks nur sehr schwer zu verhindern sind.<\/p>\n\n\n\n<p class=\"has-medium-font-size wp-block-paragraph\"><strong>Ich w\u00fcnsche allen Sch\u00fclerinnen und Sch\u00fclern, allen Kindern und allen Familien sch\u00f6ne und entspannte Sommerferien. Bleibt beh\u00fctet und entspannt! Behaltet einen k\u00fchlen Kopf<\/strong>.<\/p>\n\n\n\n<p class=\"has-medium-font-size wp-block-paragraph\">Euer Ortsvorsteher<\/p>\n\n\n\n<p class=\"has-medium-font-size wp-block-paragraph\">Frank Klein<\/p>\n\n\n\n<p class=\"has-medium-font-size wp-block-paragraph\"><\/p>\n\n\n\n<div class=\"wp-block-columns is-layout-flex wp-container-core-columns-is-layout-8f761849 wp-block-columns-is-layout-flex\">\n<div class=\"wp-block-column is-layout-flow wp-block-column-is-layout-flow\">\n<figure class=\"wp-block-image size-large\"><img loading=\"lazy\" decoding=\"async\" width=\"700\" height=\"491\" src=\"https:\/\/echta-derminga.de\/wp-content\/uploads\/2025\/07\/FB_IMG_1750104869049-700x491.jpg\" alt=\"\" class=\"wp-image-18949\" srcset=\"https:\/\/echta-derminga.de\/wp-content\/uploads\/2025\/07\/FB_IMG_1750104869049-700x491.jpg 700w, https:\/\/echta-derminga.de\/wp-content\/uploads\/2025\/07\/FB_IMG_1750104869049-300x211.jpg 300w, https:\/\/echta-derminga.de\/wp-content\/uploads\/2025\/07\/FB_IMG_1750104869049-768x539.jpg 768w, https:\/\/echta-derminga.de\/wp-content\/uploads\/2025\/07\/FB_IMG_1750104869049-1536x1078.jpg 1536w, https:\/\/echta-derminga.de\/wp-content\/uploads\/2025\/07\/FB_IMG_1750104869049.jpg 1848w\" sizes=\"auto, (max-width: 700px) 100vw, 700px\" \/><\/figure>\n<\/div>\n\n\n\n<div class=\"wp-block-column is-layout-flow wp-block-column-is-layout-flow\">\n<figure class=\"wp-block-image size-large\"><img loading=\"lazy\" decoding=\"async\" width=\"700\" height=\"495\" src=\"https:\/\/echta-derminga.de\/wp-content\/uploads\/2025\/07\/FB_IMG_1750104864699-700x495.jpg\" alt=\"\" class=\"wp-image-18950\" srcset=\"https:\/\/echta-derminga.de\/wp-content\/uploads\/2025\/07\/FB_IMG_1750104864699-700x495.jpg 700w, https:\/\/echta-derminga.de\/wp-content\/uploads\/2025\/07\/FB_IMG_1750104864699-300x212.jpg 300w, https:\/\/echta-derminga.de\/wp-content\/uploads\/2025\/07\/FB_IMG_1750104864699-768x543.jpg 768w, https:\/\/echta-derminga.de\/wp-content\/uploads\/2025\/07\/FB_IMG_1750104864699-1536x1086.jpg 1536w, https:\/\/echta-derminga.de\/wp-content\/uploads\/2025\/07\/FB_IMG_1750104864699.jpg 1839w\" sizes=\"auto, (max-width: 700px) 100vw, 700px\" \/><\/figure>\n<\/div>\n<\/div>\n\n\n\n<div class=\"wp-block-columns is-layout-flex wp-container-core-columns-is-layout-8f761849 wp-block-columns-is-layout-flex\">\n<div class=\"wp-block-column is-layout-flow wp-block-column-is-layout-flow\">\n<figure class=\"wp-block-image size-large\"><img loading=\"lazy\" decoding=\"async\" width=\"700\" height=\"1060\" src=\"https:\/\/echta-derminga.de\/wp-content\/uploads\/2025\/07\/516173384_23896770599991007_2837219112322044503_n-700x1060.jpg\" alt=\"\" class=\"wp-image-18951\" srcset=\"https:\/\/echta-derminga.de\/wp-content\/uploads\/2025\/07\/516173384_23896770599991007_2837219112322044503_n-700x1060.jpg 700w, https:\/\/echta-derminga.de\/wp-content\/uploads\/2025\/07\/516173384_23896770599991007_2837219112322044503_n-198x300.jpg 198w, https:\/\/echta-derminga.de\/wp-content\/uploads\/2025\/07\/516173384_23896770599991007_2837219112322044503_n-768x1163.jpg 768w, https:\/\/echta-derminga.de\/wp-content\/uploads\/2025\/07\/516173384_23896770599991007_2837219112322044503_n-1015x1536.jpg 1015w, https:\/\/echta-derminga.de\/wp-content\/uploads\/2025\/07\/516173384_23896770599991007_2837219112322044503_n.jpg 1080w\" sizes=\"auto, (max-width: 700px) 100vw, 700px\" \/><\/figure>\n<\/div>\n\n\n\n<div class=\"wp-block-column is-layout-flow wp-block-column-is-layout-flow\">\n<figure class=\"wp-block-image size-large\"><img loading=\"lazy\" decoding=\"async\" width=\"700\" height=\"904\" src=\"https:\/\/echta-derminga.de\/wp-content\/uploads\/2025\/07\/FB_IMG_1751195930179-700x904.jpg\" alt=\"\" class=\"wp-image-18952\" srcset=\"https:\/\/echta-derminga.de\/wp-content\/uploads\/2025\/07\/FB_IMG_1751195930179-700x904.jpg 700w, https:\/\/echta-derminga.de\/wp-content\/uploads\/2025\/07\/FB_IMG_1751195930179-232x300.jpg 232w, https:\/\/echta-derminga.de\/wp-content\/uploads\/2025\/07\/FB_IMG_1751195930179-768x992.jpg 768w, https:\/\/echta-derminga.de\/wp-content\/uploads\/2025\/07\/FB_IMG_1751195930179-1189x1536.jpg 1189w, https:\/\/echta-derminga.de\/wp-content\/uploads\/2025\/07\/FB_IMG_1751195930179.jpg 1440w\" sizes=\"auto, (max-width: 700px) 100vw, 700px\" \/><\/figure>\n<\/div>\n<\/div>\n","protected":false},"excerpt":{"rendered":"<p>Liebe Mitb\u00fcrgerinnen und Mitb\u00fcrger, und t\u00e4glich gr\u00fc\u00dft das Murmeltier ! In jedem Jahr ereilt unser Dorf eine andere Katastrophe. Seit der Pandemie hat unsere Dorfgemeinschaft in regelm\u00e4\u00dfigen Abst\u00e4nden mit neuen Problemen zu k\u00e4mpfen: Evakuierungen, Brennende Tankstelle, Pfingsthochwasser, Wegfall der Borrwieshalle und nun auch noch ein Wohnungsbrand mit verheerenden Folgen, f\u00fcr die betreffende Familie und die Dorfgemeinschaft. Der Wohnungsbrand oberhalb der<\/p>\n","protected":false},"author":1,"featured_media":18747,"comment_status":"open","ping_status":"closed","sticky":false,"template":"","format":"standard","meta":{"_crdt_document":"","footnotes":""},"categories":[1,9,812],"tags":[5,618,127,634,795,310],"class_list":["post-18917","post","type-post","status-publish","format-standard","has-post-thumbnail","hentry","category-allgemein","category-dorfgetratsche","category-ortsvorsteher-dirmingen","tag-dirmingen","tag-gemeinde-eppelborn","tag-landkreis-neunkirchen","tag-ortsvorsteher","tag-ortsvorsteher-dirmingen","tag-saarland"],"_links":{"self":[{"href":"https:\/\/echta-derminga.de\/index.php?rest_route=\/wp\/v2\/posts\/18917","targetHints":{"allow":["GET"]}}],"collection":[{"href":"https:\/\/echta-derminga.de\/index.php?rest_route=\/wp\/v2\/posts"}],"about":[{"href":"https:\/\/echta-derminga.de\/index.php?rest_route=\/wp\/v2\/types\/post"}],"author":[{"embeddable":true,"href":"https:\/\/echta-derminga.de\/index.php?rest_route=\/wp\/v2\/users\/1"}],"replies":[{"embeddable":true,"href":"https:\/\/echta-derminga.de\/index.php?rest_route=%2Fwp%2Fv2%2Fcomments&post=18917"}],"version-history":[{"count":24,"href":"https:\/\/echta-derminga.de\/index.php?rest_route=\/wp\/v2\/posts\/18917\/revisions"}],"predecessor-version":[{"id":18966,"href":"https:\/\/echta-derminga.de\/index.php?rest_route=\/wp\/v2\/posts\/18917\/revisions\/18966"}],"wp:featuredmedia":[{"embeddable":true,"href":"https:\/\/echta-derminga.de\/index.php?rest_route=\/wp\/v2\/media\/18747"}],"wp:attachment":[{"href":"https:\/\/echta-derminga.de\/index.php?rest_route=%2Fwp%2Fv2%2Fmedia&parent=18917"}],"wp:term":[{"taxonomy":"category","embeddable":true,"href":"https:\/\/echta-derminga.de\/index.php?rest_route=%2Fwp%2Fv2%2Fcategories&post=18917"},{"taxonomy":"post_tag","embeddable":true,"href":"https:\/\/echta-derminga.de\/index.php?rest_route=%2Fwp%2Fv2%2Ftags&post=18917"}],"curies":[{"name":"wp","href":"https:\/\/api.w.org\/{rel}","templated":true}]}}