{"id":19090,"date":"2025-08-17T11:21:13","date_gmt":"2025-08-17T10:21:13","guid":{"rendered":"https:\/\/echta-derminga.de\/?p=19090"},"modified":"2025-08-17T11:25:28","modified_gmt":"2025-08-17T10:25:28","slug":"70-jahre-kolpingfamilie-dirmingen-mit-herz-verstand-und-engagement-in-die-zukunft","status":"publish","type":"post","link":"https:\/\/echta-derminga.de\/?p=19090","title":{"rendered":"70. Jahre Kolpingfamilie Dirmingen- Mit Herz, Verstand und Engagement in die Zukunft"},"content":{"rendered":"\n<p class=\"has-medium-font-size wp-block-paragraph\"><strong>Von Adolph Kolping stammt eines meiner Lieblingszitate: \u201eMancher rennt dem Gl\u00fcck nach und wei\u00df nicht, dass er es zu Hause hat.\u201c Am 23. Januar des Jahres 1955 wurde die Kolpingfamilie Dirmingen gegr\u00fcndet. Aus der Kolpingsfamilie Dirmingen entwickelte sich, zu Beginn der 2000-er Jahre, der Kolping Karnevalsverein Dirmingen \u201edie Faasebooze\u201c als Untergruppierung der Kolpingfamilie. Am Sonntag, 24. August 2025 feiert die Kolpingfamilie Dirmingen das 70. Jubil\u00e4um.<\/strong> <strong>Seit nunmehr 70 Jahren leistet die Dirminger Kolpingsfamilie mit Herz, Verstand und Engagement gro\u00dfartiges f\u00fcr unseren Heimatort.<\/strong> <strong>70 Jahre Kolpingfamilie sind ein wahrer Grund zur Freude und bieten eine sch\u00f6ne Gelegenheit zum Feiern.<\/strong><\/p>\n\n\n\n<p class=\"has-medium-font-size wp-block-paragraph\">70. Jahre Kolpingfamilie Dirmingen bieten zudem die M\u00f6glichkeit auf die Geschichte des Vereins zu blicken. W\u00e4hrend der Gr\u00fcndungsversammlung der Kolpingfamilie Dirmingen waren der Bezirkspr\u00e4ses der Kolping Saar sowie H.H Definitor Didas und Pastor Schenk anwesend. Besonders in den Anfangsjahren wurden politische und medizinische Vortr\u00e4ge, Wallfahrten und Besichtigungen organisiert. Gr\u00fcndungsmitglieder waren Herbert Giese, Anton Pulch, Franz-Josef Spaniol, Willibald Spaniol, Josef Kirsch, Josef Pulch, Gerhard Spaniol, Lambert Anton, Hans Recktenwald und G\u00fcnther Spaniol. Als erste Senioren fungierten Lehrer Edmund Jochum und Erwin John. Zum Altsenior wurde damals Nikolaus Spaniol bestimmt.<\/p>\n\n\n<div class=\"wp-block-image\">\n<figure class=\"aligncenter size-large\"><img loading=\"lazy\" decoding=\"async\" width=\"700\" height=\"472\" src=\"https:\/\/echta-derminga.de\/wp-content\/uploads\/2021\/11\/Kath-4-700x472.jpeg\" alt=\"\" class=\"wp-image-11347\" srcset=\"https:\/\/echta-derminga.de\/wp-content\/uploads\/2021\/11\/Kath-4-700x472.jpeg 700w, https:\/\/echta-derminga.de\/wp-content\/uploads\/2021\/11\/Kath-4-300x202.jpeg 300w, https:\/\/echta-derminga.de\/wp-content\/uploads\/2021\/11\/Kath-4-768x517.jpeg 768w, https:\/\/echta-derminga.de\/wp-content\/uploads\/2021\/11\/Kath-4.jpeg 800w\" sizes=\"auto, (max-width: 700px) 100vw, 700px\" \/><\/figure>\n<\/div>\n\n\n<p class=\"has-medium-font-size wp-block-paragraph\"><strong>Der Gr\u00fcnder des Kolpingwerkes Adolph Kolping wurde am 8. Dezember 1813 in Kerpen bei K\u00f6ln geboren und verstarb am 4. Dezember 1865 in K\u00f6ln. Kolping war ein katholischer Priester, der sich insbesondere mit sozialen Fragen auseinandersetzte und aufgrund dessen auch die Gr\u00fcndung des Kolpingwerkes vorantrieb. Im Jahre 1849 gr\u00fcndete Kolping in K\u00f6ln einen Gesellenverein. Im Herbst 1850 schloss Kolping verschiedenen Gesellenvereine zum \u201eRheinischen Gesellenbund\u201c zusammen. Somit entstand um das Jahr 1851 der  \u201eKatholischer Gesellenverein\u201c. Dieser Zusammenschluss war die Keimzelle des heutigen internationalen&nbsp;Kolpingwerkes.<\/strong><\/p>\n\n\n<div class=\"wp-block-image\">\n<figure class=\"aligncenter size-large\"><img loading=\"lazy\" decoding=\"async\" width=\"700\" height=\"525\" src=\"https:\/\/echta-derminga.de\/wp-content\/uploads\/2025\/08\/482058047_2014694349018913_5516733136839397338_n-700x525.jpg\" alt=\"\" class=\"wp-image-19103\" srcset=\"https:\/\/echta-derminga.de\/wp-content\/uploads\/2025\/08\/482058047_2014694349018913_5516733136839397338_n-700x525.jpg 700w, https:\/\/echta-derminga.de\/wp-content\/uploads\/2025\/08\/482058047_2014694349018913_5516733136839397338_n-300x225.jpg 300w, https:\/\/echta-derminga.de\/wp-content\/uploads\/2025\/08\/482058047_2014694349018913_5516733136839397338_n-768x576.jpg 768w, https:\/\/echta-derminga.de\/wp-content\/uploads\/2025\/08\/482058047_2014694349018913_5516733136839397338_n-1536x1152.jpg 1536w, https:\/\/echta-derminga.de\/wp-content\/uploads\/2025\/08\/482058047_2014694349018913_5516733136839397338_n.jpg 1600w\" sizes=\"auto, (max-width: 700px) 100vw, 700px\" \/><\/figure>\n<\/div>\n\n\n<p class=\"has-medium-font-size wp-block-paragraph\">Schon im 19. Jahrhundert entstanden zahlreiche katholische Verb\u00e4nde und Organisationen. In einer Zeit, in der die Kirche zusehends an Bedeutung und Wirkung verlor, wurde die sogenannte Katholische Bewegung ins Leben gerufen. Dabei handelte es sich Zun\u00e4chst um freie Gruppierungen, in denen sich katholische M\u00e4nner und Frauen zusammentaten, um ihre Ziele gemeinsam zu verfolgen. Die daraus entstandenen katholischen Verb\u00e4nde widmeten sich vor allem sozialen, karitativen, gesellschaftlichen Aufgaben. Zu den bekanntesten Verb\u00e4nden und Gruppierungen geh\u00f6rten: Bund der Deutschen katholischen Jugend, Caritasverband, DJK, Katholischer Frauenbund, Katholische Frauengemeinschaft Deutschlands, Kolping, Malteser und Pfadfinder. Aus diesen Verb\u00e4nden wiederum entstanden die ersten kirchlichen Vereine.<\/p>\n\n\n<div class=\"wp-block-image\">\n<figure class=\"aligncenter size-large\"><img loading=\"lazy\" decoding=\"async\" width=\"700\" height=\"425\" src=\"https:\/\/echta-derminga.de\/wp-content\/uploads\/2021\/11\/Kath-2-700x425.jpeg\" alt=\"\" class=\"wp-image-11350\" srcset=\"https:\/\/echta-derminga.de\/wp-content\/uploads\/2021\/11\/Kath-2-700x425.jpeg 700w, https:\/\/echta-derminga.de\/wp-content\/uploads\/2021\/11\/Kath-2-300x182.jpeg 300w, https:\/\/echta-derminga.de\/wp-content\/uploads\/2021\/11\/Kath-2-768x466.jpeg 768w, https:\/\/echta-derminga.de\/wp-content\/uploads\/2021\/11\/Kath-2.jpeg 1379w\" sizes=\"auto, (max-width: 700px) 100vw, 700px\" \/><\/figure>\n<\/div>\n\n\n<p class=\"has-medium-font-size wp-block-paragraph\"><strong>Auch in der katholischen Kirchengemeinde Dirmingen wurde bereits in den 1920-ger Jahren zahlreiche kirchliche Vereine und Organisationen gegr\u00fcndet. Neben den Pfadfindern gab es einen J\u00fcnglingsverein, eine St. Barbarabruderschaft, einen Bergmannsverein, ein M\u00fctterverein und eine \u201cDeutsche Jugendkraft\u201d. W\u00e4hrend des zweiten Weltkrieges kamen die meisten Vereine und Organisationen zum Erliegen. Die Kolpingfamilie Dirmingen wurde, wie bereits erw\u00e4hnt, im Jahre 1955 gegr\u00fcndet. Der Verein bildet eine Gemeinschaft, in der Menschen aus allen Berufen und Altersbereichen miteinander umgehen und wirken. Bei Kolping treffen sich m\u00fcndige Christen, die etwas in Kirche und Gesellschaft bewegen m\u00f6chten. Dabei k\u00f6nnen auch evangelische Christen eine Mitgliedschaft in der Kolpingfamilie anstreben. Die Kolpingfamilie ist offen und l\u00e4dt alle Menschen guten Willens zum Mitmachen ein.<\/strong><\/p>\n\n\n<div class=\"wp-block-image\">\n<figure class=\"aligncenter size-large\"><img loading=\"lazy\" decoding=\"async\" width=\"700\" height=\"381\" src=\"https:\/\/echta-derminga.de\/wp-content\/uploads\/2021\/11\/3-700x381.jpeg\" alt=\"\" class=\"wp-image-11349\" srcset=\"https:\/\/echta-derminga.de\/wp-content\/uploads\/2021\/11\/3-700x381.jpeg 700w, https:\/\/echta-derminga.de\/wp-content\/uploads\/2021\/11\/3-300x163.jpeg 300w, https:\/\/echta-derminga.de\/wp-content\/uploads\/2021\/11\/3-768x418.jpeg 768w, https:\/\/echta-derminga.de\/wp-content\/uploads\/2021\/11\/3.jpeg 1309w\" sizes=\"auto, (max-width: 700px) 100vw, 700px\" \/><\/figure>\n<\/div>\n\n\n<p class=\"has-medium-font-size wp-block-paragraph\">Heute geh\u00f6rt das Kolpingwerk in Deutschland zu den gr\u00f6\u00dften Sozialwerken der Katholischen Kirche. Die Kolpingfamilie Dirmingen geh\u00f6rt mittlerweile zu den Aktivposten unseres Heimatortes. Vieles wird im Laufe eines Jahres organisiert und durchgef\u00fchrt. Nachbarschaftsfest, Sammelaktionen, St. Martinsumzug, Nikolausaktion, Kolpinggedenktag und nat\u00fcrlich auch das j\u00e4hrliche fastn\u00e4chtliche Treiben. Was w\u00e4re unsere \u201eFaasend\u201c ohne die Kolpingfamilie Dirmingen? Der soziale Aspekt steht bei unserer Kolpingfamilie immer im Vordergrund. Jedes Jahr werden in verschiedenen Varianten Spenden organisiert und an karikative Zwecke weitergereicht. Auf der sch\u00f6nen und informativen Homepage des Vereins: http:\/\/www.kolping-dirmingen.de\/ findet ihr alle Infos zur Jubil\u00e4umsfeier der Kolpingfamilie an der Rothenbergschule. Die Jubil\u00e4umsfeier beginnt um 09:30 Uhr mit einer heiligen Messe in der Pfarrkirche St. Wendalinus.<\/p>\n\n\n<div class=\"wp-block-image\">\n<figure class=\"aligncenter size-large\"><img loading=\"lazy\" decoding=\"async\" width=\"700\" height=\"525\" src=\"https:\/\/echta-derminga.de\/wp-content\/uploads\/2025\/08\/450955504_7831360953625228_8725817492251146632_n-700x525.jpg\" alt=\"\" class=\"wp-image-19099\" srcset=\"https:\/\/echta-derminga.de\/wp-content\/uploads\/2025\/08\/450955504_7831360953625228_8725817492251146632_n-700x525.jpg 700w, https:\/\/echta-derminga.de\/wp-content\/uploads\/2025\/08\/450955504_7831360953625228_8725817492251146632_n-300x225.jpg 300w, https:\/\/echta-derminga.de\/wp-content\/uploads\/2025\/08\/450955504_7831360953625228_8725817492251146632_n-768x576.jpg 768w, https:\/\/echta-derminga.de\/wp-content\/uploads\/2025\/08\/450955504_7831360953625228_8725817492251146632_n-1536x1152.jpg 1536w, https:\/\/echta-derminga.de\/wp-content\/uploads\/2025\/08\/450955504_7831360953625228_8725817492251146632_n.jpg 1600w\" sizes=\"auto, (max-width: 700px) 100vw, 700px\" \/><\/figure>\n<\/div>\n\n\n<p class=\"has-medium-font-size wp-block-paragraph\"><strong>Hier findet ihr das Programm<\/strong>: <a href=\"https:\/\/www.kolping-dirmingen.de\/70%20jahre%20kolping.htm?fbclid=IwY2xjawMOgQNleHRuA2FlbQIxMABicmlkETBrcVNReXh5MTAyeUtodnp5AR6NZFqH04C5B713-q2qCWDPenX1tMOCTm3_tEEzv3zV-Zb75OjeWaqgPyhgfw_aem_Laaqa3TrkOQ0vGgsHJ15qA\">https:\/\/www.kolping-dirmingen.de\/70%20jahre%20kolping.htm?fbclid=IwY2xjawMOgQNleHRuA2FlbQIxMABicmlkETBrcVNReXh5MTAyeUtodnp5AR6NZFqH04C5B713-q2qCWDPenX1tMOCTm3_tEEzv3zV-Zb75OjeWaqgPyhgfw_aem_Laaqa3TrkOQ0vGgsHJ15qA<\/a><\/p>\n\n\n<div class=\"wp-block-image\">\n<figure class=\"aligncenter size-large\"><img loading=\"lazy\" decoding=\"async\" width=\"700\" height=\"438\" src=\"https:\/\/echta-derminga.de\/wp-content\/uploads\/2025\/08\/510395199_2102345566920457_2646843025035695299_n-700x438.jpg\" alt=\"\" class=\"wp-image-19093\" srcset=\"https:\/\/echta-derminga.de\/wp-content\/uploads\/2025\/08\/510395199_2102345566920457_2646843025035695299_n-700x438.jpg 700w, https:\/\/echta-derminga.de\/wp-content\/uploads\/2025\/08\/510395199_2102345566920457_2646843025035695299_n-300x188.jpg 300w, https:\/\/echta-derminga.de\/wp-content\/uploads\/2025\/08\/510395199_2102345566920457_2646843025035695299_n-768x480.jpg 768w, https:\/\/echta-derminga.de\/wp-content\/uploads\/2025\/08\/510395199_2102345566920457_2646843025035695299_n.jpg 1072w\" sizes=\"auto, (max-width: 700px) 100vw, 700px\" \/><\/figure>\n<\/div>\n\n\n<p class=\"has-medium-font-size wp-block-paragraph\"><strong>Adolph Kolping sagt einmal: \u201eUnsere Zeit ist zu reich an Worten und noch zu arm an den rechten Taten.\u201c Die Kolpingfamilie Dirmingen l\u00e4sst ihren Worten immer Taten folgen. Allein dies ist eine Eigenschaft, die in unserer Zeit nicht mehr selbstverst\u00e4ndlich erscheint.<\/strong> <strong>Liebe Kolpingfamilie, vielen Dank f\u00fcr das Tun und Machen. Herzlichen Gl\u00fcckwunsch zu diesem wunderbaren Jubil\u00e4um.<\/strong><\/p>\n\n\n\n<p class=\"has-medium-font-size wp-block-paragraph\">Treu Kolping!<\/p>\n\n\n<div class=\"wp-block-image\">\n<figure class=\"aligncenter size-large\"><img loading=\"lazy\" decoding=\"async\" width=\"700\" height=\"666\" src=\"https:\/\/echta-derminga.de\/wp-content\/uploads\/2025\/08\/451017584_7830515197043137_845832635501115920_n-700x666.jpg\" alt=\"\" class=\"wp-image-19102\" srcset=\"https:\/\/echta-derminga.de\/wp-content\/uploads\/2025\/08\/451017584_7830515197043137_845832635501115920_n-700x666.jpg 700w, https:\/\/echta-derminga.de\/wp-content\/uploads\/2025\/08\/451017584_7830515197043137_845832635501115920_n-300x285.jpg 300w, https:\/\/echta-derminga.de\/wp-content\/uploads\/2025\/08\/451017584_7830515197043137_845832635501115920_n-768x731.jpg 768w, https:\/\/echta-derminga.de\/wp-content\/uploads\/2025\/08\/451017584_7830515197043137_845832635501115920_n-1536x1461.jpg 1536w, https:\/\/echta-derminga.de\/wp-content\/uploads\/2025\/08\/451017584_7830515197043137_845832635501115920_n.jpg 2048w\" sizes=\"auto, (max-width: 700px) 100vw, 700px\" \/><\/figure>\n<\/div>","protected":false},"excerpt":{"rendered":"<p>Von Adolph Kolping stammt eines meiner Lieblingszitate: \u201eMancher rennt dem Gl\u00fcck nach und wei\u00df nicht, dass er es zu Hause hat.\u201c Am 23. Januar des Jahres 1955 wurde die Kolpingfamilie Dirmingen gegr\u00fcndet. Aus der Kolpingsfamilie Dirmingen entwickelte sich, zu Beginn der 2000-er Jahre, der Kolping Karnevalsverein Dirmingen \u201edie Faasebooze\u201c als Untergruppierung der Kolpingfamilie. Am Sonntag, 24. August 2025 feiert die<\/p>\n","protected":false},"author":1,"featured_media":19097,"comment_status":"closed","ping_status":"closed","sticky":false,"template":"","format":"standard","meta":{"_crdt_document":"","footnotes":""},"categories":[1,9,44,8],"tags":[5,618,1199,127,634,795,310],"class_list":["post-19090","post","type-post","status-publish","format-standard","has-post-thumbnail","hentry","category-allgemein","category-dorfgetratsche","category-meine-faasend","category-sellemols-und-awweile","tag-dirmingen","tag-gemeinde-eppelborn","tag-kolpingfamilie-dirmingen","tag-landkreis-neunkirchen","tag-ortsvorsteher","tag-ortsvorsteher-dirmingen","tag-saarland"],"_links":{"self":[{"href":"https:\/\/echta-derminga.de\/index.php?rest_route=\/wp\/v2\/posts\/19090","targetHints":{"allow":["GET"]}}],"collection":[{"href":"https:\/\/echta-derminga.de\/index.php?rest_route=\/wp\/v2\/posts"}],"about":[{"href":"https:\/\/echta-derminga.de\/index.php?rest_route=\/wp\/v2\/types\/post"}],"author":[{"embeddable":true,"href":"https:\/\/echta-derminga.de\/index.php?rest_route=\/wp\/v2\/users\/1"}],"replies":[{"embeddable":true,"href":"https:\/\/echta-derminga.de\/index.php?rest_route=%2Fwp%2Fv2%2Fcomments&post=19090"}],"version-history":[{"count":11,"href":"https:\/\/echta-derminga.de\/index.php?rest_route=\/wp\/v2\/posts\/19090\/revisions"}],"predecessor-version":[{"id":19107,"href":"https:\/\/echta-derminga.de\/index.php?rest_route=\/wp\/v2\/posts\/19090\/revisions\/19107"}],"wp:featuredmedia":[{"embeddable":true,"href":"https:\/\/echta-derminga.de\/index.php?rest_route=\/wp\/v2\/media\/19097"}],"wp:attachment":[{"href":"https:\/\/echta-derminga.de\/index.php?rest_route=%2Fwp%2Fv2%2Fmedia&parent=19090"}],"wp:term":[{"taxonomy":"category","embeddable":true,"href":"https:\/\/echta-derminga.de\/index.php?rest_route=%2Fwp%2Fv2%2Fcategories&post=19090"},{"taxonomy":"post_tag","embeddable":true,"href":"https:\/\/echta-derminga.de\/index.php?rest_route=%2Fwp%2Fv2%2Ftags&post=19090"}],"curies":[{"name":"wp","href":"https:\/\/api.w.org\/{rel}","templated":true}]}}