{"id":19127,"date":"2025-08-29T15:57:11","date_gmt":"2025-08-29T14:57:11","guid":{"rendered":"https:\/\/echta-derminga.de\/?p=19127"},"modified":"2025-08-29T16:08:03","modified_gmt":"2025-08-29T15:08:03","slug":"dann-geht-doch-endlich-zu-netto-macht-euch-auf-den-weg-neubau-des-nahversorgers-endlich-auf-der-zielgeraden","status":"publish","type":"post","link":"https:\/\/echta-derminga.de\/?p=19127","title":{"rendered":"Dann geht doch endlich zu NETTO,&#8230;.macht euch auf den Weg &#8211; Neubau des Nahversorgers endlich auf der Zielgeraden !"},"content":{"rendered":"\n<p class=\"has-medium-font-size wp-block-paragraph\"><strong>Wir hatten es versprochen: Wenn es etwas zu verk\u00fcnden gibt, werden wir es umgehend tun. Am Freitag, 29. August 2025 hat B\u00fcrgermeister Dr. Andreas Feld offiziell bekannt gegeben, dass der NETTO Markt in der Dirminger Ortsmitte gebaut wird. \u201eDer Startschuss steht kurz bevor!\u201c hei\u00dft es in einer offiziellen Mitteilung der Gemeindeverwaltung. Als mir B\u00fcrgermeister Feld zuvor die freudige Nachricht am Telefon \u00fcbermittelte, empfand ich riesengro\u00dfe Freude und vor allen Dingen eine enorme Erleichterung. Nach den vielen schlechten Nachrichten im Laufe dieses Jahres ist diese Entwicklung Balsam auf die geschunden \u201eDerminga\u201c Seele.<\/strong><\/p>\n\n\n\n<p class=\"has-medium-font-size wp-block-paragraph\">In den letzten Wochen wurden viele Gespr\u00e4che gef\u00fchrt und Probleme gew\u00e4lzt. Gottlob haben sich nun alle M\u00fchen ausgezahlt. Dirmingen erh\u00e4lt einen neuen Nahversorger und setzt somit ein fundamentales Zeichen f\u00fcr die Zukunft. Die Entwicklungsabteilung von Netto hat nach etlichen Pr\u00fcfungen und Abw\u00e4gungen dem Marktbau in Dirmingen zugestimmt. Der Ankauf zweier Schl\u00fcsselgrundst\u00fccke in der Dirminger Ortsmitte ist ebenfalls abgeschlossen. \u00dcber ein weiteres Gemeindegrundst\u00fcck wird in K\u00fcrze eine Vereinbarung unterzeichnet.<\/p>\n\n\n\n<p class=\"has-medium-font-size wp-block-paragraph\"><strong>Endlos lange Jahre liegen hinter uns! Bereits im Jahre 2021 konnte B\u00fcrgermeister einen neuen Investor finden. Die Projektentwicklungsgesellschaft RATISBONA verk\u00fcndete nun 4 Jahre sp\u00e4ter endlich den hei\u00dfersehnten Bau des \u201eNetto-Marktes\u201c. &nbsp;Zuvor stellten die Corona-Pandemie und die aufsteigenden Baukosten das Bauvorhaben vor den Abgrund. Tats\u00e4chlich stand im vergangenen Jahr die Ansiedlung eines neuen Verbrauchermarktes vor dem Aus! Genau an diesem Punkt begann unser unerbittlicher Kampf f\u00fcr die Umsetzung des Projekts. B\u00fcrgermeister Feld und sein Bauamt haben dem Investor immer wieder alle T\u00fcren ge\u00f6ffnet und Angebote unterbreitet. Vielen Dank an den Rathauschef und seine Gemeindeverwaltung.<\/strong><\/p>\n\n\n<div class=\"wp-block-image\">\n<figure class=\"aligncenter size-large\"><img loading=\"lazy\" decoding=\"async\" width=\"700\" height=\"396\" src=\"https:\/\/echta-derminga.de\/wp-content\/uploads\/2025\/08\/540442684_1351261733673461_1740751902295025985_n-700x396.jpg\" alt=\"\" class=\"wp-image-19130\" srcset=\"https:\/\/echta-derminga.de\/wp-content\/uploads\/2025\/08\/540442684_1351261733673461_1740751902295025985_n-700x396.jpg 700w, https:\/\/echta-derminga.de\/wp-content\/uploads\/2025\/08\/540442684_1351261733673461_1740751902295025985_n-300x170.jpg 300w, https:\/\/echta-derminga.de\/wp-content\/uploads\/2025\/08\/540442684_1351261733673461_1740751902295025985_n-768x435.jpg 768w, https:\/\/echta-derminga.de\/wp-content\/uploads\/2025\/08\/540442684_1351261733673461_1740751902295025985_n-1536x870.jpg 1536w, https:\/\/echta-derminga.de\/wp-content\/uploads\/2025\/08\/540442684_1351261733673461_1740751902295025985_n.jpg 1600w\" sizes=\"auto, (max-width: 700px) 100vw, 700px\" \/><figcaption class=\"wp-element-caption\">Quelle: Gemeinde Eppelborn<\/figcaption><\/figure>\n<\/div>\n\n\n<p class=\"has-medium-font-size wp-block-paragraph\">Das ist nicht die Zeit f\u00fcr Selbstbeweihr\u00e4ucherung! Die M\u00f6glichkeiten eines Ortsvorstehers sind da eher begrenzt. Dennoch bin ich sehr gl\u00fccklich dar\u00fcber, den Kurs gehalten zu haben. Die vielen Gespr\u00e4che mit den Haus- und Grundst\u00fcckseigent\u00fcmern und dem Investor haben viel Kraft gekostet. Das st\u00e4ndige Werben f\u00fcr dieses Projekt und das Vorzeigen der vielen Vorteile f\u00fcr unseren Standort waren zerm\u00fcrbend. Ich m\u00f6chte mich an dieser Stelle herzlich bei den Familien bedanken, die bereit waren ihr Grundst\u00fcck f\u00fcr dieses Projekt abzugeben. Vielen herzlichen Dank f\u00fcr die Geduld und das Abnicken immer neuer Zugest\u00e4ndnisse. Am Ende hat sich Beharrlichkeit tats\u00e4chlich ausgezahlt. Es gab Tage, an denen mich die vielen Zweifel und die Kritik erm\u00fcdeten. &nbsp;<\/p>\n\n\n\n<p class=\"has-medium-font-size wp-block-paragraph\"><strong>Ja, es stimmt: Dieses Projekt brachte alle Beteiligten an ihre Grenzen. Die gestiegenen Baukosten haben es dem Investor sehr schwer gemacht. Von daher bin ich sehr froh dar\u00fcber, dass die Firma RATISBONA  und NETTO Kurs und Wort gehalten haben. Unz\u00e4hlige Male wurde gemeinsam beraten, wie wir das Bauvorhaben doch noch umsetzen k\u00f6nnen. Das alles ist seit heute Geschichte! Sollte der Gemeinderat im September dem Bauvorhaben final zustimmen, wovon man stark ausgehen kann, werden im Herbst die entsprechenden Geb\u00e4ude abgerissen. Anschlie\u00dfend k\u00f6nnen die Bauarbeiten f\u00fcr den neuen Netto-Markt in der Dirminger Ortsmitte beginnen. <\/strong><\/p>\n\n\n\n<div class=\"wp-block-columns is-layout-flex wp-container-core-columns-is-layout-8f761849 wp-block-columns-is-layout-flex\">\n<div class=\"wp-block-column is-layout-flow wp-block-column-is-layout-flow\">\n<figure class=\"wp-block-image size-large\"><img loading=\"lazy\" decoding=\"async\" width=\"700\" height=\"933\" src=\"https:\/\/echta-derminga.de\/wp-content\/uploads\/2025\/08\/539331605_1351261707006797_7058859874295799594_n-700x933.jpg\" alt=\"\" class=\"wp-image-19131\" srcset=\"https:\/\/echta-derminga.de\/wp-content\/uploads\/2025\/08\/539331605_1351261707006797_7058859874295799594_n-700x933.jpg 700w, https:\/\/echta-derminga.de\/wp-content\/uploads\/2025\/08\/539331605_1351261707006797_7058859874295799594_n-225x300.jpg 225w, https:\/\/echta-derminga.de\/wp-content\/uploads\/2025\/08\/539331605_1351261707006797_7058859874295799594_n-768x1024.jpg 768w, https:\/\/echta-derminga.de\/wp-content\/uploads\/2025\/08\/539331605_1351261707006797_7058859874295799594_n-1152x1536.jpg 1152w, https:\/\/echta-derminga.de\/wp-content\/uploads\/2025\/08\/539331605_1351261707006797_7058859874295799594_n.jpg 1536w\" sizes=\"auto, (max-width: 700px) 100vw, 700px\" \/><figcaption class=\"wp-element-caption\">Quelle: Gemeinde Eppelborn<\/figcaption><\/figure>\n<\/div>\n\n\n\n<div class=\"wp-block-column is-layout-flow wp-block-column-is-layout-flow\">\n<figure class=\"wp-block-image size-large\"><img loading=\"lazy\" decoding=\"async\" width=\"700\" height=\"933\" src=\"https:\/\/echta-derminga.de\/wp-content\/uploads\/2025\/08\/539869194_1351261717006796_7852900830940352047_n-700x933.jpg\" alt=\"\" class=\"wp-image-19132\" srcset=\"https:\/\/echta-derminga.de\/wp-content\/uploads\/2025\/08\/539869194_1351261717006796_7852900830940352047_n-700x933.jpg 700w, https:\/\/echta-derminga.de\/wp-content\/uploads\/2025\/08\/539869194_1351261717006796_7852900830940352047_n-225x300.jpg 225w, https:\/\/echta-derminga.de\/wp-content\/uploads\/2025\/08\/539869194_1351261717006796_7852900830940352047_n-768x1024.jpg 768w, https:\/\/echta-derminga.de\/wp-content\/uploads\/2025\/08\/539869194_1351261717006796_7852900830940352047_n-1152x1536.jpg 1152w, https:\/\/echta-derminga.de\/wp-content\/uploads\/2025\/08\/539869194_1351261717006796_7852900830940352047_n.jpg 1536w\" sizes=\"auto, (max-width: 700px) 100vw, 700px\" \/><\/figure>\n<\/div>\n<\/div>\n\n\n\n<p class=\"has-medium-font-size wp-block-paragraph\">Vielen Dank an alle, die an dieses Projekt und den Bau unseres Nahversorgers geglaubt haben. Ganz nebenbei ist die Verwirklichung dieses Bauvorhabens ein Zeichen f\u00fcr alle die unsere \u00fcberparteiische Zusammenarbeit immer wieder kritisieren oder hinterfragen. Manchmal kommt man im Leben weiter, wenn man sich die H\u00e4nde reicht und den Schulterschluss sucht. Bei aller Rivalit\u00e4t und verschiedenen politischen Ansichten konnte die Umsetzung dieses Projekts nur im Einvernehmen aller im Orts -und Gemeinderat befindlicher Parteien geschehen. In Zeiten von Hass, Fakenews und politischer Verdrossenheit waren die letzten Monate ein Beweis daf\u00fcr, dass die so oft gescholtenen Kommunalpolitiker doch abliefern k\u00f6nnen. Ich danke B\u00fcrgermeister Dr. Feld, der mich stets auf dem Laufenden hielt und auf dem Weg mitnahm. Mein Dank geht auch an die Verantwortlichen der Firma RATISBONA, die sich nicht zu schade waren einem kleinen Ortvorsteher Rede und Antwort zu stehen. Ich wei\u00df, dass ich allzu oft genervt habe. Ende gut, alles gut !<\/p>\n\n\n\n<p class=\"has-medium-font-size wp-block-paragraph\"><strong>Dann geht doch zu NETTO, \u00a0\u2026.nun gibt es keine Ausreden mehr! Dirmingen bekommt schon bald eine neue moderne Einkaufsm\u00f6glichkeit. Ganz nebenbei, entstehen somit auch neue Arbeitspl\u00e4tze und unsere Infrastruktur wird gest\u00e4rkt.<\/strong> <strong>Gut f\u00fcr Dirmingen.<\/strong><\/p>\n\n\n<div class=\"wp-block-image\">\n<figure class=\"aligncenter size-large\"><img loading=\"lazy\" decoding=\"async\" width=\"700\" height=\"405\" src=\"https:\/\/echta-derminga.de\/wp-content\/uploads\/2025\/08\/540465184_1351261633673471_5892606500299966686_n-700x405.jpg\" alt=\"\" class=\"wp-image-19133\" srcset=\"https:\/\/echta-derminga.de\/wp-content\/uploads\/2025\/08\/540465184_1351261633673471_5892606500299966686_n-700x405.jpg 700w, https:\/\/echta-derminga.de\/wp-content\/uploads\/2025\/08\/540465184_1351261633673471_5892606500299966686_n-300x173.jpg 300w, https:\/\/echta-derminga.de\/wp-content\/uploads\/2025\/08\/540465184_1351261633673471_5892606500299966686_n-768x444.jpg 768w, https:\/\/echta-derminga.de\/wp-content\/uploads\/2025\/08\/540465184_1351261633673471_5892606500299966686_n-1536x888.jpg 1536w, https:\/\/echta-derminga.de\/wp-content\/uploads\/2025\/08\/540465184_1351261633673471_5892606500299966686_n.jpg 1600w\" sizes=\"auto, (max-width: 700px) 100vw, 700px\" \/><\/figure>\n<\/div>","protected":false},"excerpt":{"rendered":"<p>Wir hatten es versprochen: Wenn es etwas zu verk\u00fcnden gibt, werden wir es umgehend tun. Am Freitag, 29. August 2025 hat B\u00fcrgermeister Dr. Andreas Feld offiziell bekannt gegeben, dass der NETTO Markt in der Dirminger Ortsmitte gebaut wird. \u201eDer Startschuss steht kurz bevor!\u201c hei\u00dft es in einer offiziellen Mitteilung der Gemeindeverwaltung. Als mir B\u00fcrgermeister Feld zuvor die freudige Nachricht am<\/p>\n","protected":false},"author":1,"featured_media":19133,"comment_status":"open","ping_status":"closed","sticky":false,"template":"","format":"standard","meta":{"_crdt_document":"","footnotes":""},"categories":[1],"tags":[5,618,127,1123,1200,634,795,310],"class_list":["post-19127","post","type-post","status-publish","format-standard","has-post-thumbnail","hentry","category-allgemein","tag-dirmingen","tag-gemeinde-eppelborn","tag-landkreis-neunkirchen","tag-nahversorger-dirmingen","tag-netto-markt","tag-ortsvorsteher","tag-ortsvorsteher-dirmingen","tag-saarland"],"_links":{"self":[{"href":"https:\/\/echta-derminga.de\/index.php?rest_route=\/wp\/v2\/posts\/19127","targetHints":{"allow":["GET"]}}],"collection":[{"href":"https:\/\/echta-derminga.de\/index.php?rest_route=\/wp\/v2\/posts"}],"about":[{"href":"https:\/\/echta-derminga.de\/index.php?rest_route=\/wp\/v2\/types\/post"}],"author":[{"embeddable":true,"href":"https:\/\/echta-derminga.de\/index.php?rest_route=\/wp\/v2\/users\/1"}],"replies":[{"embeddable":true,"href":"https:\/\/echta-derminga.de\/index.php?rest_route=%2Fwp%2Fv2%2Fcomments&post=19127"}],"version-history":[{"count":11,"href":"https:\/\/echta-derminga.de\/index.php?rest_route=\/wp\/v2\/posts\/19127\/revisions"}],"predecessor-version":[{"id":19144,"href":"https:\/\/echta-derminga.de\/index.php?rest_route=\/wp\/v2\/posts\/19127\/revisions\/19144"}],"wp:featuredmedia":[{"embeddable":true,"href":"https:\/\/echta-derminga.de\/index.php?rest_route=\/wp\/v2\/media\/19133"}],"wp:attachment":[{"href":"https:\/\/echta-derminga.de\/index.php?rest_route=%2Fwp%2Fv2%2Fmedia&parent=19127"}],"wp:term":[{"taxonomy":"category","embeddable":true,"href":"https:\/\/echta-derminga.de\/index.php?rest_route=%2Fwp%2Fv2%2Fcategories&post=19127"},{"taxonomy":"post_tag","embeddable":true,"href":"https:\/\/echta-derminga.de\/index.php?rest_route=%2Fwp%2Fv2%2Ftags&post=19127"}],"curies":[{"name":"wp","href":"https:\/\/api.w.org\/{rel}","templated":true}]}}