{"id":19266,"date":"2025-11-02T13:48:43","date_gmt":"2025-11-02T12:48:43","guid":{"rendered":"https:\/\/echta-derminga.de\/?p=19266"},"modified":"2025-11-02T13:48:43","modified_gmt":"2025-11-02T12:48:43","slug":"jedes-ende-birgt-einen-neuanfang-wir-brauchen-mut-zur-veraenderung","status":"publish","type":"post","link":"https:\/\/echta-derminga.de\/?p=19266","title":{"rendered":"Jedes Ende birgt einen Neuanfang- Wir brauchen Mut zur Ver\u00e4nderung"},"content":{"rendered":"\n<p class=\"has-medium-font-size wp-block-paragraph\"><strong>Das Leben in unseren D\u00f6rfern und St\u00e4dten ver\u00e4ndert sich zusehends. Verantwortlich f\u00fcr diese Entwicklung ist ein struktureller- und demografischer Wandel, der geeignete Entwicklungsprozesse einfordert. Manchmal besch\u00e4ftige ich mich mit der Frage, wie unser Heimatort wohl im Mittelalter ausgesehen haben mag. Wir wissen, dass Dirmingen nach dem 30- j\u00e4hrigen Krieg zu einem wohlhabenden Bauerndorf aufstieg. Bilder aus dieser Zeit existieren naturgem\u00e4\u00df nicht. Im Laufe der Jahrhunderte wurde erbaut, erweitert, abgerissen oder zerst\u00f6rt. Nur wenige Bauten, Geb\u00e4ude oder H\u00e4user haben sich \u00fcber einen l\u00e4ngeren Zeitraum erhalten.<\/strong><\/p>\n\n\n\n<p class=\"has-medium-font-size wp-block-paragraph\">Das Leben ist Ver\u00e4nderung. Wer von uns wei\u00df schon, wie unser Dorf in 50 Jahren aussehen wird? Vielleicht wird dann schon nichts mehr an unsere heutige Zeit erinnern. Die Herausforderungen unseres Zeitalters erfordern neue, innovative Antworten. Nicht nur die Bauten dieses Dorfes haben sich ver\u00e4ndert, sondern auch die Menschen. Viele gute Leute sind verstorben oder weggezogen. Neue Gesichter sind in unserem Dorf angekommen. Neue Meinungen, neue Ansichten und Einstellungen. Jedes Ende birgt einen Neuanfang!<\/p>\n\n\n\n<p class=\"has-medium-font-size wp-block-paragraph\"><strong>Mittlerweile versuchen Bund- und L\u00e4nder die Ver\u00e4nderungen in den D\u00f6rfern als Chance zu nutzen. Ma\u00dfnahmen wie Dorferneuerungs- und F\u00f6rderprogramme, digitale Versorgungsmodelle und die Umnutzung alter Bausubstanz und die F\u00f6rderung neuer Energiequellen sollen die Lebensqualit\u00e4t verbessern. Ziel ist es den l\u00e4ndlichen Raum zukunftsf\u00e4hig zu gestalten. Unsere W\u00e4lder und Fluren sind umzingelt von Windr\u00e4dern und Solarparks. In den D\u00f6rfern pr\u00e4gen Leerst\u00e4nde das Ortsbild. Fast st\u00fcndlich steht irgendwo ein Umzugswagen. Das Gesch\u00e4ft mit billigem Wohnraum explodiert. Keine Zeit zur Dorfgemeinschaftspflege oder zu mehr Miteinander. Jeder ist sich selbst der N\u00e4chste. Unsere Vereine, das Gewerbe und die Gastronomie leiden unter diesen Umst\u00e4nden.<\/strong> <strong>Wer hat die passende Antwort auf die Fragen unserer Zeit ?<\/strong><\/p>\n\n\n<div class=\"wp-block-image\">\n<figure class=\"aligncenter size-large\"><img loading=\"lazy\" decoding=\"async\" width=\"700\" height=\"396\" src=\"https:\/\/echta-derminga.de\/wp-content\/uploads\/2025\/08\/540442684_1351261733673461_1740751902295025985_n-700x396.jpg\" alt=\"\" class=\"wp-image-19130\" srcset=\"https:\/\/echta-derminga.de\/wp-content\/uploads\/2025\/08\/540442684_1351261733673461_1740751902295025985_n-700x396.jpg 700w, https:\/\/echta-derminga.de\/wp-content\/uploads\/2025\/08\/540442684_1351261733673461_1740751902295025985_n-300x170.jpg 300w, https:\/\/echta-derminga.de\/wp-content\/uploads\/2025\/08\/540442684_1351261733673461_1740751902295025985_n-768x435.jpg 768w, https:\/\/echta-derminga.de\/wp-content\/uploads\/2025\/08\/540442684_1351261733673461_1740751902295025985_n-1536x870.jpg 1536w, https:\/\/echta-derminga.de\/wp-content\/uploads\/2025\/08\/540442684_1351261733673461_1740751902295025985_n.jpg 1600w\" sizes=\"auto, (max-width: 700px) 100vw, 700px\" \/><\/figure>\n<\/div>\n\n\n<p class=\"has-medium-font-size wp-block-paragraph\">Das Leben ist Ver\u00e4nderung. In den meisten F\u00e4llen ben\u00f6tigt man den Mut zu notwendigen Ver\u00e4nderungen. Will sagen: Manchmal muss es wehtun, damit es gut werden kann. In unserem Dorf gibt es zahlreiche Baustellen, die unbedingt angegangen werden m\u00fcssen.\u00a0 Mit Sorge blicken wir auf den Zustand unserer Borrwieshalle, die klaffenden L\u00fccken in der Ortsmitte oder die fehlende Br\u00fccke zur \u201eHardt\u201c. Keine Spur von angek\u00fcndigten Investitionen des Bundes und der L\u00e4nder f\u00fcr die Kommunen dieses Landes. Wir f\u00fchlen uns allein und im Stich gelassen. Aus dieser Entt\u00e4uschung resultiert Wut und Hass. Eine gesellschaftliche Verrohung fordert t\u00e4glich neue Feindbilder. Der Zorn auf Politiker oder alles Fremde w\u00e4chst und ist kaum von der Hand zu weisen.<\/p>\n\n\n\n<p class=\"has-medium-font-size wp-block-paragraph\"><strong>Es gibt nichts Gutes, au\u00dfer man tut es! Nicht alles ist dem Untergang geweiht. In unserem Dorf passieren auch viele gute Dinge. Wir m\u00fcssen es nur sehen und annehmen. Kritik ist gut und kann helfen uns alle weiterzubringen. Kritik kann aber auch entmutigen und zerm\u00fcrben. Wir alle sollten uns einmal mehr freundlich ansehen, auf die Schulter klopfen oder die Hand reichen. Die sozialen Medien leisten einen enormen Beitrag zur allgemeinen Verrohung in unserer Gesellschaft. In unserer heutigen Zeit geht die Menschlichkeit mehr und mehr verloren. Selbst wenn etwas Neues entsteht, finden viele von uns erstmal Kritik und H\u00e4me.<\/strong><\/p>\n\n\n<div class=\"wp-block-image\">\n<figure class=\"aligncenter size-large\"><img loading=\"lazy\" decoding=\"async\" width=\"700\" height=\"525\" src=\"https:\/\/echta-derminga.de\/wp-content\/uploads\/2025\/11\/IMG-20251030-WA0003-700x525.jpg\" alt=\"\" class=\"wp-image-19279\" srcset=\"https:\/\/echta-derminga.de\/wp-content\/uploads\/2025\/11\/IMG-20251030-WA0003-700x525.jpg 700w, https:\/\/echta-derminga.de\/wp-content\/uploads\/2025\/11\/IMG-20251030-WA0003-300x225.jpg 300w, https:\/\/echta-derminga.de\/wp-content\/uploads\/2025\/11\/IMG-20251030-WA0003-768x576.jpg 768w, https:\/\/echta-derminga.de\/wp-content\/uploads\/2025\/11\/IMG-20251030-WA0003-1536x1152.jpg 1536w, https:\/\/echta-derminga.de\/wp-content\/uploads\/2025\/11\/IMG-20251030-WA0003.jpg 1600w\" sizes=\"auto, (max-width: 700px) 100vw, 700px\" \/><\/figure>\n<\/div>\n\n\n<p class=\"has-medium-font-size wp-block-paragraph\">Die Wenigsten h\u00e4tten noch daran geglaubt, dass Dirmingen tats\u00e4chlich einen neuen Nahversorger erh\u00e4lt. Die letzten Jahre waren sehr hart und zerm\u00fcrbend. Immer wieder hinfallen, aufstehen und k\u00e4mpfen. Einer Entt\u00e4uschung folgte die n\u00e4chste Hoffnung. Am Ende dauerte der Kampf um einen neuen Nahversorger fast f\u00fcnf Jahre. Ich werde die vielen Gespr\u00e4che mit den Grundst\u00fcckseigent\u00fcmer nie vergessen. Dabei hatte ich immer das Gef\u00fchl, dass es auch um die Menschen in diesem Dorf und der Zukunft unserer gemeinsamen Heimat geht. Im Jahr 2026 wird in der Dirminger Ortsmitte ein neuer NETTO-Markt entstehen. Damit wird nicht nur die Nahversorgung sichergestellt, sondern auch das Ortsbild aufgewertet.<\/p>\n\n\n\n<div class=\"wp-block-columns is-layout-flex wp-container-core-columns-is-layout-8f761849 wp-block-columns-is-layout-flex\">\n<div class=\"wp-block-column is-layout-flow wp-block-column-is-layout-flow\">\n<figure class=\"wp-block-image size-large\"><img loading=\"lazy\" decoding=\"async\" width=\"700\" height=\"933\" src=\"https:\/\/echta-derminga.de\/wp-content\/uploads\/2025\/11\/571138111_24890089273992463_7860468542914572610_n-700x933.jpg\" alt=\"\" class=\"wp-image-19271\" srcset=\"https:\/\/echta-derminga.de\/wp-content\/uploads\/2025\/11\/571138111_24890089273992463_7860468542914572610_n-700x933.jpg 700w, https:\/\/echta-derminga.de\/wp-content\/uploads\/2025\/11\/571138111_24890089273992463_7860468542914572610_n-225x300.jpg 225w, https:\/\/echta-derminga.de\/wp-content\/uploads\/2025\/11\/571138111_24890089273992463_7860468542914572610_n-768x1024.jpg 768w, https:\/\/echta-derminga.de\/wp-content\/uploads\/2025\/11\/571138111_24890089273992463_7860468542914572610_n-1152x1536.jpg 1152w, https:\/\/echta-derminga.de\/wp-content\/uploads\/2025\/11\/571138111_24890089273992463_7860468542914572610_n.jpg 1536w\" sizes=\"auto, (max-width: 700px) 100vw, 700px\" \/><\/figure>\n<\/div>\n\n\n\n<div class=\"wp-block-column is-layout-flow wp-block-column-is-layout-flow\">\n<figure class=\"wp-block-image size-large\"><img loading=\"lazy\" decoding=\"async\" width=\"700\" height=\"933\" src=\"https:\/\/echta-derminga.de\/wp-content\/uploads\/2025\/11\/572190078_24890089943992396_8404192057897076919_n-700x933.jpg\" alt=\"\" class=\"wp-image-19272\" srcset=\"https:\/\/echta-derminga.de\/wp-content\/uploads\/2025\/11\/572190078_24890089943992396_8404192057897076919_n-700x933.jpg 700w, https:\/\/echta-derminga.de\/wp-content\/uploads\/2025\/11\/572190078_24890089943992396_8404192057897076919_n-225x300.jpg 225w, https:\/\/echta-derminga.de\/wp-content\/uploads\/2025\/11\/572190078_24890089943992396_8404192057897076919_n-768x1024.jpg 768w, https:\/\/echta-derminga.de\/wp-content\/uploads\/2025\/11\/572190078_24890089943992396_8404192057897076919_n-1152x1536.jpg 1152w, https:\/\/echta-derminga.de\/wp-content\/uploads\/2025\/11\/572190078_24890089943992396_8404192057897076919_n.jpg 1536w\" sizes=\"auto, (max-width: 700px) 100vw, 700px\" \/><\/figure>\n<\/div>\n<\/div>\n\n\n\n<p class=\"has-medium-font-size wp-block-paragraph\"><strong>Diejenigen die mich einigerma\u00dfen kennen, wissen dass ich ein gro\u00dfes Herz f\u00fcr unsere Dorfkultur und auch f\u00fcr unsere alten Bauten und H\u00e4user habe. Ich lebe seit meiner Geburt in diesem Dorf und habe vieles kommen und gehen gesehen. Ich erinnere mich an viele schmerzliche Entscheidungen die den Abriss der \u201eAlten M\u00fchle\u201c, der alten evangelischen Schule oder auch den Abbruch der \u201eSch\u00e4fer Brauerei\u201c herbeif\u00fchrten. Das alles war sehr schmerzlich und oftmals auch nicht nachvollziehbar. In vielen F\u00e4llen hat mir pers\u00f6nlich ein Konzept zur Verbesserung der Situation gefehlt. Dort wo einst unsere Brauerei stand, klafft heute ein gro\u00dfes Loch und unsere historische Grundschule ist einem Parkplatz zum Opfer gefallen.<\/strong><\/p>\n\n\n\n<p class=\"has-medium-font-size wp-block-paragraph\">Manchmal muss es wehtun, damit es gut werden kann. Den Abrissarbeiten f\u00fcr den neuen Nahversorger fielen ein Familienhaus und ein historisches Bauernhaus aus dem 19. Jahrhundert zum Opfer. Ich konnte mir unsere Ortsmitte nicht ohne diese beiden Geb\u00e4ude vorstellen. Nach dem Abriss wirkte der neue Blick auf die Dinge schon befremdlich. Ich hegte jedoch nie einen Groll, sondern empfand gro\u00dfe Freude. Obwohl ich schon ein wenig traurig \u00fcber den Verlust dieser historischen Sch\u00e4tze war, \u00fcberwog die Vorfreude auf etwas neues, besseres. Der neue Markt wird unsere Infrastruktur und unser Ortsbild aufwerten.<\/p>\n\n\n<div class=\"wp-block-image\">\n<figure class=\"aligncenter size-large\"><img loading=\"lazy\" decoding=\"async\" width=\"700\" height=\"525\" src=\"https:\/\/echta-derminga.de\/wp-content\/uploads\/2025\/11\/571174289_24890141897320534_5064902715963138377_n-700x525.jpg\" alt=\"\" class=\"wp-image-19273\" srcset=\"https:\/\/echta-derminga.de\/wp-content\/uploads\/2025\/11\/571174289_24890141897320534_5064902715963138377_n-700x525.jpg 700w, https:\/\/echta-derminga.de\/wp-content\/uploads\/2025\/11\/571174289_24890141897320534_5064902715963138377_n-300x225.jpg 300w, https:\/\/echta-derminga.de\/wp-content\/uploads\/2025\/11\/571174289_24890141897320534_5064902715963138377_n-768x576.jpg 768w, https:\/\/echta-derminga.de\/wp-content\/uploads\/2025\/11\/571174289_24890141897320534_5064902715963138377_n-1536x1152.jpg 1536w, https:\/\/echta-derminga.de\/wp-content\/uploads\/2025\/11\/571174289_24890141897320534_5064902715963138377_n.jpg 2048w\" sizes=\"auto, (max-width: 700px) 100vw, 700px\" \/><\/figure>\n<\/div>\n\n\n<p class=\"has-medium-font-size wp-block-paragraph\"><strong>Ich muss zugegeben, dass mich viele Kommentare in den sozialen Medien \u00fcberrascht haben. Manchmal steht man kopfsch\u00fcttelnd vor einer Meinung und wei\u00df nicht damit umzugehen. Ich habe gelernt, dass man es ohnehin nie jedem recht machen. Zur Tatsache geh\u00f6rt aber auch, dass wir viele Jahre Zeit hatten eine L\u00f6sung f\u00fcr unsere Ortsmitte anzustreben. Wenn man historische Bauten erhalten m\u00f6chte, muss man sich auch zur gegebenen Zeit darum k\u00fcmmern. Das Beklagen allein, hilft niemanden weiter. Nat\u00fcrlich ist es schade, dass wir einen weiteren historischen Schatz verloren haben. Schon das Zusehen der Abrissarbeiten hat k\u00f6rperliche Schmerzen herbeigef\u00fchrt. Immerhin konnte der historische T\u00fcrsturz des Bauernhauses gerettet werden. F\u00fcr die Zukunft unseres Dorfes waren diese Abrissarbeiten jedoch alternativlos.<\/strong><\/p>\n\n\n\n<div class=\"wp-block-columns is-layout-flex wp-container-core-columns-is-layout-8f761849 wp-block-columns-is-layout-flex\">\n<div class=\"wp-block-column is-layout-flow wp-block-column-is-layout-flow\">\n<figure class=\"wp-block-image size-large\"><img loading=\"lazy\" decoding=\"async\" width=\"700\" height=\"438\" src=\"https:\/\/echta-derminga.de\/wp-content\/uploads\/2025\/11\/IMAGE0019-1-700x438.jpg\" alt=\"\" class=\"wp-image-19276\" srcset=\"https:\/\/echta-derminga.de\/wp-content\/uploads\/2025\/11\/IMAGE0019-1-700x438.jpg 700w, https:\/\/echta-derminga.de\/wp-content\/uploads\/2025\/11\/IMAGE0019-1-300x188.jpg 300w, https:\/\/echta-derminga.de\/wp-content\/uploads\/2025\/11\/IMAGE0019-1-768x480.jpg 768w, https:\/\/echta-derminga.de\/wp-content\/uploads\/2025\/11\/IMAGE0019-1.jpg 1248w\" sizes=\"auto, (max-width: 700px) 100vw, 700px\" \/><\/figure>\n<\/div>\n\n\n\n<div class=\"wp-block-column is-layout-flow wp-block-column-is-layout-flow\">\n<figure class=\"wp-block-image size-full\"><img loading=\"lazy\" decoding=\"async\" width=\"600\" height=\"391\" src=\"https:\/\/echta-derminga.de\/wp-content\/uploads\/2025\/11\/3-3.jpg\" alt=\"\" class=\"wp-image-19275\" srcset=\"https:\/\/echta-derminga.de\/wp-content\/uploads\/2025\/11\/3-3.jpg 600w, https:\/\/echta-derminga.de\/wp-content\/uploads\/2025\/11\/3-3-300x196.jpg 300w\" sizes=\"auto, (max-width: 600px) 100vw, 600px\" \/><\/figure>\n<\/div>\n<\/div>\n\n\n\n<p class=\"has-medium-font-size wp-block-paragraph\">Die \u00c4lteren unter uns werden sich vielleicht erinnern: Dirmingen war nach dem zweiten Weltkrieg eine der meistgesch\u00e4digten Landgemeinden im Kreis Ottweiler. Zahlreiche H\u00e4user waren zerst\u00f6rt oder stark besch\u00e4digt. Die Feldwege waren teilweise in einem desolaten und unbenutzbaren Zustand. Mit viel Mut zur Ver\u00e4nderung und der entsprechenden Innovation packte die Dorfgemeinschaft ihre Probleme an. Alte Ruinen und zerst\u00f6rte H\u00e4user wurden gebrochen und die sehr schmale Ortsdurchfahrt sollte breiter ausgebaut werden. Bis zu diesem Zeitpunkt war es kaum m\u00f6glich, dass zwei Fahrzeuge zeitgleich die Hauptstra\u00dfe befuhren. Leider fielen der geplanten Stra\u00dfenverbreiterung einige historische H\u00e4user zum Opfer. Bereits w\u00e4hrend des zweiten Weltkrieges im Jahre 1940 wurde das alte historische Haus der Gebr\u00fcder Sch\u00e4fer \u201eVeltes\u201c von franz\u00f6sischen Kriegsgefangenen eingeebnet. Schon damals spielte man mit dem Gedanken die Stra\u00dfe zu verbreitern und auszubauen. Nach dem Krieg wurde auch das historische \u201eSchw\u00e4hns\u201c Haus gegen\u00fcber der Brauerei dem Erdboden gleich gemacht. Die viel zu schmale Hauptstra\u00dfe, heutige Lebacher &#8211; und Illingerstra\u00dfe, wurde endlich ausgebaut und verbreitert. Auch eine sch\u00f6ne Baumallee in der heutigen Lebacherstra\u00dfe im Dorfteil \u201eM\u00fchlbach\u201c musste gerodet werden.<\/p>\n\n\n\n<div class=\"wp-block-columns is-layout-flex wp-container-core-columns-is-layout-8f761849 wp-block-columns-is-layout-flex\">\n<div class=\"wp-block-column is-layout-flow wp-block-column-is-layout-flow\">\n<figure class=\"wp-block-image size-large\"><img loading=\"lazy\" decoding=\"async\" width=\"644\" height=\"456\" src=\"https:\/\/echta-derminga.de\/wp-content\/uploads\/2020\/03\/3-1-644x456.jpg\" alt=\"\" class=\"wp-image-5759\" srcset=\"https:\/\/echta-derminga.de\/wp-content\/uploads\/2020\/03\/3-1-644x456.jpg 644w, https:\/\/echta-derminga.de\/wp-content\/uploads\/2020\/03\/3-1-300x213.jpg 300w, https:\/\/echta-derminga.de\/wp-content\/uploads\/2020\/03\/3-1.jpg 700w\" sizes=\"auto, (max-width: 644px) 100vw, 644px\" \/><\/figure>\n<\/div>\n\n\n\n<div class=\"wp-block-column is-layout-flow wp-block-column-is-layout-flow\">\n<figure class=\"wp-block-image size-large\"><img loading=\"lazy\" decoding=\"async\" width=\"644\" height=\"460\" src=\"https:\/\/echta-derminga.de\/wp-content\/uploads\/2020\/03\/Str-80-644x460.jpg\" alt=\"\" class=\"wp-image-5764\" srcset=\"https:\/\/echta-derminga.de\/wp-content\/uploads\/2020\/03\/Str-80-644x460.jpg 644w, https:\/\/echta-derminga.de\/wp-content\/uploads\/2020\/03\/Str-80-300x214.jpg 300w, https:\/\/echta-derminga.de\/wp-content\/uploads\/2020\/03\/Str-80-768x549.jpg 768w, https:\/\/echta-derminga.de\/wp-content\/uploads\/2020\/03\/Str-80-1536x1098.jpg 1536w, https:\/\/echta-derminga.de\/wp-content\/uploads\/2020\/03\/Str-80-2048x1464.jpg 2048w\" sizes=\"auto, (max-width: 644px) 100vw, 644px\" \/><\/figure>\n<\/div>\n<\/div>\n\n\n\n<p class=\"has-medium-font-size wp-block-paragraph\"><strong>Die damaligen Ver\u00e4nderungen sorgten nicht nur f\u00fcr Begeisterung. Viele Menschen standen diesen Ma\u00dfnahmen kritisch entgegen. Der Gemeinderat Dirmingen und der damalige Vorstand des Heimat -und Verkehrsvereins Dirmingen erkannten jedoch, dass sich unser Dorf ver\u00e4ndern muss, wenn es zukunftstr\u00e4chtig bleiben m\u00f6chte. Nat\u00fcrlich k\u00f6nnen und d\u00fcrfen wir mit Wehmut und Traurigkeit dem Abriss des historischen Bauerhauses nachschauen. Wir sollten jedoch schnellstm\u00f6glich die Tr\u00e4nen trocknen und nach vorne blicken. Endlich passiert etwas Gutes in unserem Heimatort. Endlich treten wir zumindest einer offenen Frage mit einer Antwort entgegen. Mit dem Neubau eines Nahversorgers gehen wir einen richtigen und wichtigen Schritt in die Zukunft. Gut so!<\/strong><\/p>\n\n\n<div class=\"wp-block-image\">\n<figure class=\"aligncenter size-large\"><img loading=\"lazy\" decoding=\"async\" width=\"700\" height=\"525\" src=\"https:\/\/echta-derminga.de\/wp-content\/uploads\/2025\/11\/IMG-20251030-WA0008-1-700x525.jpg\" alt=\"\" class=\"wp-image-19280\" srcset=\"https:\/\/echta-derminga.de\/wp-content\/uploads\/2025\/11\/IMG-20251030-WA0008-1-700x525.jpg 700w, https:\/\/echta-derminga.de\/wp-content\/uploads\/2025\/11\/IMG-20251030-WA0008-1-300x225.jpg 300w, https:\/\/echta-derminga.de\/wp-content\/uploads\/2025\/11\/IMG-20251030-WA0008-1-768x576.jpg 768w, https:\/\/echta-derminga.de\/wp-content\/uploads\/2025\/11\/IMG-20251030-WA0008-1-1536x1152.jpg 1536w, https:\/\/echta-derminga.de\/wp-content\/uploads\/2025\/11\/IMG-20251030-WA0008-1.jpg 1600w\" sizes=\"auto, (max-width: 700px) 100vw, 700px\" \/><\/figure>\n<\/div>","protected":false},"excerpt":{"rendered":"<p>Das Leben in unseren D\u00f6rfern und St\u00e4dten ver\u00e4ndert sich zusehends. Verantwortlich f\u00fcr diese Entwicklung ist ein struktureller- und demografischer Wandel, der geeignete Entwicklungsprozesse einfordert. Manchmal besch\u00e4ftige ich mich mit der Frage, wie unser Heimatort wohl im Mittelalter ausgesehen haben mag. Wir wissen, dass Dirmingen nach dem 30- j\u00e4hrigen Krieg zu einem wohlhabenden Bauerndorf aufstieg. Bilder aus dieser Zeit existieren naturgem\u00e4\u00df<\/p>\n","protected":false},"author":1,"featured_media":19269,"comment_status":"open","ping_status":"closed","sticky":false,"template":"","format":"standard","meta":{"_crdt_document":"","footnotes":""},"categories":[1,9,902,8],"tags":[5,618,127,1039,1038,310],"class_list":["post-19266","post","type-post","status-publish","format-standard","has-post-thumbnail","hentry","category-allgemein","category-dorfgetratsche","category-meine-meinung","category-sellemols-und-awweile","tag-dirmingen","tag-gemeinde-eppelborn","tag-landkreis-neunkirchen","tag-nahversorger","tag-netto-markt-dirmingen","tag-saarland"],"_links":{"self":[{"href":"https:\/\/echta-derminga.de\/index.php?rest_route=\/wp\/v2\/posts\/19266","targetHints":{"allow":["GET"]}}],"collection":[{"href":"https:\/\/echta-derminga.de\/index.php?rest_route=\/wp\/v2\/posts"}],"about":[{"href":"https:\/\/echta-derminga.de\/index.php?rest_route=\/wp\/v2\/types\/post"}],"author":[{"embeddable":true,"href":"https:\/\/echta-derminga.de\/index.php?rest_route=\/wp\/v2\/users\/1"}],"replies":[{"embeddable":true,"href":"https:\/\/echta-derminga.de\/index.php?rest_route=%2Fwp%2Fv2%2Fcomments&post=19266"}],"version-history":[{"count":6,"href":"https:\/\/echta-derminga.de\/index.php?rest_route=\/wp\/v2\/posts\/19266\/revisions"}],"predecessor-version":[{"id":19281,"href":"https:\/\/echta-derminga.de\/index.php?rest_route=\/wp\/v2\/posts\/19266\/revisions\/19281"}],"wp:featuredmedia":[{"embeddable":true,"href":"https:\/\/echta-derminga.de\/index.php?rest_route=\/wp\/v2\/media\/19269"}],"wp:attachment":[{"href":"https:\/\/echta-derminga.de\/index.php?rest_route=%2Fwp%2Fv2%2Fmedia&parent=19266"}],"wp:term":[{"taxonomy":"category","embeddable":true,"href":"https:\/\/echta-derminga.de\/index.php?rest_route=%2Fwp%2Fv2%2Fcategories&post=19266"},{"taxonomy":"post_tag","embeddable":true,"href":"https:\/\/echta-derminga.de\/index.php?rest_route=%2Fwp%2Fv2%2Ftags&post=19266"}],"curies":[{"name":"wp","href":"https:\/\/api.w.org\/{rel}","templated":true}]}}