{"id":1930,"date":"2018-08-19T14:52:19","date_gmt":"2018-08-19T13:52:19","guid":{"rendered":"http:\/\/echta-derminga.de\/?p=1930"},"modified":"2018-08-19T15:08:41","modified_gmt":"2018-08-19T14:08:41","slug":"habemus-parre","status":"publish","type":"post","link":"https:\/\/echta-derminga.de\/?p=1930","title":{"rendered":"Habemus &#8222;Parre&#8220;"},"content":{"rendered":"\n<p class=\"wp-block-paragraph\"><strong>Der Wochenspruch zum Wahlgottesdienst am 19.August 2018, dem 12 Sonntag nach Trinitatis, lautete:\u201eDas geknickte Rohr wird er nicht zerbrechen, und den glimmenden Docht wird er nicht ausl\u00f6schen. In Treue tr\u00e4gt er das Recht hinaus.\u201c<\/strong> <strong>Jesaja 42,3<\/strong><\/p>\n\n\n\n<p class=\"wp-block-paragraph\">Am Ende ist der glimmende Docht der Hoffnung in einer Flamme der Zuversicht entfacht.<\/p>\n\n\n\n<p class=\"wp-block-paragraph\">Nach dem Wahlgottesdienst am Sonntag, 19. August 2018 herrschte beim Presbyterium und den anwesenden Gemeindegliedern eine sp\u00fcrbare Erleichterung. <strong>Es ist vollbracht. Unsere Kirchengemeinde hat einen neuen Pfarrer!<\/strong><\/p>\n\n\n\n<p class=\"wp-block-paragraph\"><strong>Pfarrer Hans Harro Eder wurde vom Presbyterium zum neuen Pfarrer der evangelischen Kirchengemeinde Dirmingen gew\u00e4hlt.<\/strong><\/p>\n\n\n\n<p class=\"wp-block-paragraph\"><strong>Nun muss das Wahlergebnis an den kommenden Sonntagen in allen Gottesdienstst\u00e4tten bekannt gegeben werden. Sollte unsere Landeskirche am Ende der Einspruchsfrist keine Einw\u00e4nde oder sogar eine Absage des Kandidaten erhalten haben, wird die Wahl des Presbyteriums rechtskr\u00e4ftig. <\/strong><\/p>\n\n\n\n<p class=\"wp-block-paragraph\">Das d\u00fcrfte bedeuten, dass wir aller Voraussicht nach zum 01.Oktober endlich einen neuen Pfarrer in unsere Gemeinde bekommen. Pfarrer Hans Harro Eder soll bereits am 30. September mit einem Fest-Gottesdienst in sein neues Amt eingef\u00fchrt werden.<\/p>\n\n\n\n<p class=\"wp-block-paragraph\"><strong>Der Wahlgottesdienst fand in einem w\u00fcrdigen und anspruchsvollen Rahmen statt. Am Ende waren es ca. 60 Gemeindemitglieder, die diesem besonderen Gottesdienst beiwohnten. War das nun ein guter oder weniger guter Zuspruch?<\/strong><\/p>\n\n\n<div class=\"wp-block-image\">\n<figure class=\"alignleft is-resized\"><img loading=\"lazy\" decoding=\"async\" src=\"https:\/\/echta-derminga.de\/wp-content\/uploads\/2018\/08\/P1020124_1-Kopie.jpg\" alt=\"\" class=\"wp-image-1932\" width=\"389\" height=\"259\" srcset=\"https:\/\/echta-derminga.de\/wp-content\/uploads\/2018\/08\/P1020124_1-Kopie.jpg 700w, https:\/\/echta-derminga.de\/wp-content\/uploads\/2018\/08\/P1020124_1-Kopie-300x200.jpg 300w, https:\/\/echta-derminga.de\/wp-content\/uploads\/2018\/08\/P1020124_1-Kopie-644x429.jpg 644w\" sizes=\"auto, (max-width: 389px) 100vw, 389px\" \/><figcaption>Evangelische Kirche Dirmingen<\/figcaption><\/figure>\n<\/div>\n\n\n<p class=\"wp-block-paragraph\"><strong>Der Superintendent Markus Karsch fand bei seiner Predigt die passenden Worte. Er sprach von Zuversicht, Mut und Aufbruch aber auch von der Last und der Verantwortung auf den Schultern des Presbyteriums. Die Zeit der Vakanz belastete nicht nur die Presbyteriumsmitglieder sondern vielmehr alle Gemeindemitglieder unserer Kirchengemeinde. Nun hat diese Zeit ein Ende gefunden.<\/strong><strong>Ich pers\u00f6nlich durfte beim Wahlvorgang als stellvertretender Schriftf\u00fchrer und Wahlbegleiter fungieren.<\/strong><\/p>\n\n\n\n<p class=\"wp-block-paragraph\">Besonders gefreut hat mich die einm\u00fctige Entscheidung des Presbyteriums zugunsten unseres neuen Pfarrers. Immerhin zeugt dieses geschlossene Meinungsbild von einem wichtigen einheitlichen Schulterschluss. Wir standen zusammen und haben diese Entscheidung gemeinsam zum Wohl unserer Gemeinde getroffen.<\/p>\n\n\n\n<p class=\"wp-block-paragraph\"><strong>Es war keine Entscheidung gegen die Mitbewerberin, sondern vielmehr f\u00fcr den aus unserer Sicht geeigneten Kandidaten. Ich hoffe, dass das Schiff unserer Kirchengemeinde nun in ruhigere Gew\u00e4sser einl\u00e4uft und wir entspannt der Zukunft entgegenblicken k\u00f6nnen. Auf unseren neuen Pfarrer Hans Harro Eder wartet eine engagierte und gut aufgestellte Kirchengemeinde die zudem vor richtungsweisenden Entscheidungen steht. <\/strong><\/p>\n\n\n\n<p class=\"wp-block-paragraph\">Habemus &#8222;Parre&#8220; ! Am Ende \u00fcberwiegt die Freude und die Hoffnung auf eine gute Zukunft. Ich w\u00fcnsche unserem neuen Pfarrer ein gutes H\u00e4ndchen und viel Erfolg in unserer Kirchengemeinde.<\/p>\n\n\n\n<p class=\"wp-block-paragraph\"><strong>Abschlie\u00dfend noch eine kleine humorvolle christliche Anekdote die ich zuletzt auf einer kirchlichen Internetpr\u00e4senz gefunden habe:<\/strong><\/p>\n\n\n\n<p class=\"wp-block-paragraph\">\u201eEin neuer Pfarrer wird gesucht. Der Kirchenvorstand in der Sitzung: \u201cTja, nun habe ich hier noch eine Bewerbung. Aber sie klingt nicht sehr Vertrauen erweckend. Der Mann schreibt von sich selber, er sei nicht ganz gesund, ihm habe seine Krankheit in der Gemeindearbeit schon ernstlich zu schaffe gemacht. Zwar verf\u00fcge er \u00fcber weitreichende Erfahrungen, halte es aber nicht lange in einer Gemeinde aus. Nur in einer sei er immerhin drei Jahre geblieben. \u00d6fters habe er Streit mit Amtsbr\u00fcdern oder bestimmten Gruppen in der Gemeinde. Organisation sei nicht seine starke Seite. Man sage ihm nach, dass er gelegentlich sogar vergesse, wen er getauft habe. Andererseits d\u00fcrfte er wohl annehmen, dass er ein recht guter Theologe und Prediger sei. Auch meint er, den Heiligen Geist zu haben. Wenn die Gemeinde es mit ihm versuchen wolle, werde er ihr dienen, so gut er k\u00f6nne.\u201d<\/p>\n\n\n\n<p class=\"wp-block-paragraph\"><strong>Allgemeine Entr\u00fcstung. Man stimmt ab: Nein, den Mann l\u00e4dt man gar nicht erst zur Probepredigt ein. Der Vorsitzende schlie\u00dft seufzend die Akten. \u201cDas hab ich mir schon gedacht. Aber Sie sollen doch wenigstens den Namen dieses bedauernswerten Mannes erfahren. Es ist der Apostel Paulus.\u201d<\/strong><\/p>\n","protected":false},"excerpt":{"rendered":"<p>Der Wochenspruch zum Wahlgottesdienst am 19.August 2018, dem 12 Sonntag nach Trinitatis, lautete:\u201eDas geknickte Rohr wird er nicht zerbrechen, und den glimmenden Docht wird er nicht ausl\u00f6schen. In Treue tr\u00e4gt er das Recht hinaus.\u201c Jesaja 42,3 Am Ende ist der glimmende Docht der Hoffnung in einer Flamme der Zuversicht entfacht. Nach dem Wahlgottesdienst am Sonntag, 19. August 2018 herrschte beim<\/p>\n","protected":false},"author":1,"featured_media":1931,"comment_status":"closed","ping_status":"closed","sticky":false,"template":"","format":"standard","meta":{"_crdt_document":"","footnotes":""},"categories":[1,47],"tags":[85,396,397,395,387,398],"class_list":["post-1930","post","type-post","status-publish","format-standard","has-post-thumbnail","hentry","category-allgemein","category-meine-kirche","tag-evangelische-kirche-dirmingen","tag-gottesdienst","tag-landeskirche","tag-pfarrwahl","tag-presbyterium","tag-wochenspruch"],"_links":{"self":[{"href":"https:\/\/echta-derminga.de\/index.php?rest_route=\/wp\/v2\/posts\/1930","targetHints":{"allow":["GET"]}}],"collection":[{"href":"https:\/\/echta-derminga.de\/index.php?rest_route=\/wp\/v2\/posts"}],"about":[{"href":"https:\/\/echta-derminga.de\/index.php?rest_route=\/wp\/v2\/types\/post"}],"author":[{"embeddable":true,"href":"https:\/\/echta-derminga.de\/index.php?rest_route=\/wp\/v2\/users\/1"}],"replies":[{"embeddable":true,"href":"https:\/\/echta-derminga.de\/index.php?rest_route=%2Fwp%2Fv2%2Fcomments&post=1930"}],"version-history":[{"count":13,"href":"https:\/\/echta-derminga.de\/index.php?rest_route=\/wp\/v2\/posts\/1930\/revisions"}],"predecessor-version":[{"id":1946,"href":"https:\/\/echta-derminga.de\/index.php?rest_route=\/wp\/v2\/posts\/1930\/revisions\/1946"}],"wp:featuredmedia":[{"embeddable":true,"href":"https:\/\/echta-derminga.de\/index.php?rest_route=\/wp\/v2\/media\/1931"}],"wp:attachment":[{"href":"https:\/\/echta-derminga.de\/index.php?rest_route=%2Fwp%2Fv2%2Fmedia&parent=1930"}],"wp:term":[{"taxonomy":"category","embeddable":true,"href":"https:\/\/echta-derminga.de\/index.php?rest_route=%2Fwp%2Fv2%2Fcategories&post=1930"},{"taxonomy":"post_tag","embeddable":true,"href":"https:\/\/echta-derminga.de\/index.php?rest_route=%2Fwp%2Fv2%2Ftags&post=1930"}],"curies":[{"name":"wp","href":"https:\/\/api.w.org\/{rel}","templated":true}]}}