{"id":19304,"date":"2025-11-16T18:48:38","date_gmt":"2025-11-16T17:48:38","guid":{"rendered":"https:\/\/echta-derminga.de\/?p=19304"},"modified":"2025-11-16T18:48:39","modified_gmt":"2025-11-16T17:48:39","slug":"volkstrauertag-2025-wehret-den-anfaengen-mit-mehr-mut-empathie-und-zivilcourage-gegen-das-vergessen","status":"publish","type":"post","link":"https:\/\/echta-derminga.de\/?p=19304","title":{"rendered":"Volkstrauertag 2025 &#8211; Wehret den Anf\u00e4ngen &#8211; Mit mehr Mut, Empathie und Zivilcourage gegen das Vergessen !"},"content":{"rendered":"\n<p class=\"has-medium-font-size wp-block-paragraph\"><strong>Der Volkstrauertag ist ein staatlicher Gedenktag f\u00fcr die Opfer von Krieg, Gewaltherrschaft und Terror weltweit. Der Volkstrauertag geh\u00f6rt zu den sogenannten stillen Tagen und wird seit 1952 am vorletzten Sonntag vor dem ersten Adventssonntag begangen. In ganz Deutschland finden an diesem Tag Gedenkfeiern, Zeremonien und Kranzniederlegungen statt. In Dirmingen genie\u00dft die offizielle Kranzniederlegung des Ortsrates eine hohe Tradition, die aufgrund eines fehlenden Mahnmals einige Jahre nicht durchgef\u00fchrt werden konnte.&nbsp;Am Sonntag, 14. November 2025 fand die diesj\u00e4hrige Kranzniederlegung im Beisein von zahlreichen G\u00e4sten und unter Mitwirkung der katholischen Pfarreiengemeinschaft Eppelborn-Dirmingen, der evangelischen Kirchengemeinde St. Wendel- Illtal, der Reservistenkameradschaft Illtal und des Evangelischen Posaunenchors Dirmingen am Mahnmal des Dirminger Friedhofes statt. <\/strong><\/p>\n\n\n\n<p class=\"has-medium-font-size wp-block-paragraph\"><strong>Der offiziellen Kranzniederlegung des Ortsrates legte ich als Ortsvorsteher Dirmingens folgende Rede zu Grunde:<\/strong><\/p>\n\n\n\n<blockquote class=\"wp-block-quote is-layout-flow wp-block-quote-is-layout-flow\">\n<p class=\"has-medium-font-size wp-block-paragraph\"><strong>\u201eManchmal graut mir vor dem Krieg, und alle Hoffnung will mir vergehen. Ich mag gar nicht dran denken, aber es gibt ja bald nichts anderes mehr als Politik, und solange sie so verworren ist und b\u00f6se, ist es feige, sich von ihr abzuwenden.\u201c<\/strong> (Sophie Scholl)<\/p>\n<\/blockquote>\n\n\n\n<p class=\"has-medium-font-size wp-block-paragraph\"><em>Mit diesem bekannten Zitat der deutschen Widerstandsk\u00e4mpferin Sophie Scholl begr\u00fc\u00dfe ich Sie und euch ganz herzlich zur heutigen Kranzniederlegung des Dirminger Ortsrates am Mahnmal auf dem Dirminger Friedhof. Ein besonderer Gru\u00df, verbunden mit einem herzlichen Dankesch\u00f6n geht an Pastor Thieser von der katholischen Pfarreiengemeinschaft Eppelborn- Dirmingen und Pfarrer Daniel Storb von der evangelischen Kirchengemeinde St. Wendel-Illtal sowie an die Reservistenkameradschaft Illtal, um den Vorsitzenden Peter Schuhmacher und den Posaunenchor der evangelischen Kirchengemeinde Dirmingen. Im Anschluss an diese Zeremonie m\u00f6chte Sie die Reservistenkameradschaft Illtal zu einem Umtrunk ins Reservistenheim in Dirmingen einladen.<\/em><\/p>\n\n\n\n<p class=\"has-medium-font-size wp-block-paragraph\"><strong><em>Liebe Mitb\u00fcrgerinnen und Mitb\u00fcrger, ein Blick auf die eigene Geschichte und Vergangenheit kann helfen zu verstehen. Schon unmittelbar nach dem Attentat auf den \u00f6sterreichischen Thronfolger und seine Gemahlin am 28. Juli 1914 in Sarajewo lag \u00fcber unserem Heimatort eine gewisse Spannung. Am Freitag, 31. Juli 1914 gegen 15:00 Uhr erreichte die Nachricht vom Kriegsausbruch das \u201ePoschde Haus\u201c, (heutige B\u00e4ckerei Bost) in der Ortsmitte. Die Sch\u00fclerinnen und Sch\u00fcler der gegen\u00fcberliegenden evangelischen Schule bekamen sofort schulfrei. Bei Kriegsausbruch herrschte im ganzen Land gro\u00dfer Jubel und Siegeszuversicht. Der deutsche Kaiser befahl schon am Tag der Kriegserkl\u00e4rung die Mobilmachung der gesamten deutschen Armee. Noch am selben Tag erhielten etwa 20 Reserve- und Landwehrleute aus Dirmingen ihren Gestellungsbefehl.<\/em><\/strong><\/p>\n\n\n\n<p class=\"has-medium-font-size wp-block-paragraph\"><em>Der erste Weltkrieg wurde zur Ur-Katastrophe des 20. Jahrhunderts. Als die Soldaten \u201ezu den Waffen\u201c gerufen wurden, glaubten viele an einen kurzen Abschied von Frau und Kind. Sp\u00e4testens bis Weihnachten sollte der Spuk vorbei sein. Als die Soldaten in den Krieg zogen wurde ihnen frenetisch zugejubelt. Beim Gesang der Lieder \u201eDie Wacht am Rhein\u201c oder Luthers \u201eEin feste Burg ist unser Gott\u201c zogen die M\u00e4nner in ihr Verderben. Bis zum Ende des Krieges im Jahre 1918 hatte Dirmingen 42 Gefallene zu beklagen. Hinzu kamen 7 Vermisste, so das am Ende der Kriegswirren 49 Mann nicht mehr Nachhause zur\u00fcckkehrten. Jedem Krieg kommt ein sogenannter \u201eHurra Patriotismus\u201c oder ein gewisser Patrioten- Rausch zuvor. Das hat nichts mit Heimatliebe im herk\u00f6mmlichen Sinne zu tun. Vor dem ersten Weltkrieg wuchs der Hass auf den Franzmann, vor dem 2. Weltkrieg der Hass auf die Juden und heute?<\/em><\/p>\n\n\n\n<div class=\"wp-block-columns is-layout-flex wp-container-core-columns-is-layout-8f761849 wp-block-columns-is-layout-flex\">\n<div class=\"wp-block-column is-layout-flow wp-block-column-is-layout-flow\">\n<figure class=\"wp-block-image size-large\"><img loading=\"lazy\" decoding=\"async\" width=\"700\" height=\"323\" src=\"https:\/\/echta-derminga.de\/wp-content\/uploads\/2025\/11\/IMG-20251116-WA0028-700x323.jpg\" alt=\"\" class=\"wp-image-19311\" srcset=\"https:\/\/echta-derminga.de\/wp-content\/uploads\/2025\/11\/IMG-20251116-WA0028-700x323.jpg 700w, https:\/\/echta-derminga.de\/wp-content\/uploads\/2025\/11\/IMG-20251116-WA0028-300x139.jpg 300w, https:\/\/echta-derminga.de\/wp-content\/uploads\/2025\/11\/IMG-20251116-WA0028-768x355.jpg 768w, https:\/\/echta-derminga.de\/wp-content\/uploads\/2025\/11\/IMG-20251116-WA0028-1536x709.jpg 1536w, https:\/\/echta-derminga.de\/wp-content\/uploads\/2025\/11\/IMG-20251116-WA0028-2048x946.jpg 2048w\" sizes=\"auto, (max-width: 700px) 100vw, 700px\" \/><\/figure>\n<\/div>\n\n\n\n<div class=\"wp-block-column is-layout-flow wp-block-column-is-layout-flow\">\n<figure class=\"wp-block-image size-large\"><img loading=\"lazy\" decoding=\"async\" width=\"700\" height=\"323\" src=\"https:\/\/echta-derminga.de\/wp-content\/uploads\/2025\/11\/IMG-20251116-WA0038-700x323.jpg\" alt=\"\" class=\"wp-image-19312\" srcset=\"https:\/\/echta-derminga.de\/wp-content\/uploads\/2025\/11\/IMG-20251116-WA0038-700x323.jpg 700w, https:\/\/echta-derminga.de\/wp-content\/uploads\/2025\/11\/IMG-20251116-WA0038-300x139.jpg 300w, https:\/\/echta-derminga.de\/wp-content\/uploads\/2025\/11\/IMG-20251116-WA0038-768x355.jpg 768w, https:\/\/echta-derminga.de\/wp-content\/uploads\/2025\/11\/IMG-20251116-WA0038-1536x709.jpg 1536w, https:\/\/echta-derminga.de\/wp-content\/uploads\/2025\/11\/IMG-20251116-WA0038-2048x946.jpg 2048w\" sizes=\"auto, (max-width: 700px) 100vw, 700px\" \/><\/figure>\n<\/div>\n<\/div>\n\n\n\n<p class=\"has-medium-font-size wp-block-paragraph\"><strong><em>Wir Deutschen trauen uns wieder stolz unsere Fahne zu schwenken. Das ist in Ordnung. Wir Nachkriegskinder oder Nachkriegsenkel tragen keine Verantwortung f\u00fcr die Fehler, die vor den beiden Weltkriegen gemacht wurden. Wir tragen jedoch die Verantwortung daf\u00fcr, dass es nicht wieder geschieht. Heute finden wir besonders in den Medien dieselben Signale wie damals vor den beiden Kriegen: Die Rede ist von \u201eHate Speech\u201c also Hass im Netz. Der Hass auf alles Fremde w\u00e4chst. Hinzu streiten unsere Politiker \u00fcber Stadtbilder, Messerm\u00e4nner, Kopftuchm\u00e4dchen und eine soziale Ungerechtigkeit. &nbsp;Wir schreiben das Jahr 2025 und debattieren wieder \u00fcber die Einf\u00fchrung einer Wehrpflicht. Im ersten Weltkrieg fiel der bekanntlich j\u00fcngste deutsche Soldat mit gerade einmal 15 Jahren.<\/em><\/strong><\/p>\n\n\n\n<p class=\"has-medium-font-size wp-block-paragraph\"><em>Ja, unsere Soldaten und mit ihnen alle Mitglieder der sogenannten Blau-Licht Familie haben unsere Anerkennung und Hochachtung verdient. Mit ihrem Einsatz sorgen sie t\u00e4glich f\u00fcr die Sicherheit unserer Heimat und weit dar\u00fcber hinaus. Unsere Soldatinnen und Soldaten verteidigen unseren Wohlstand und unsere demokratische Grundordnung notfalls auch mit ihrem Leben. &nbsp;Wir alle sind den Menschen, die f\u00fcr uns den Kopf hinhalten zum Dank verpflichtet.<\/em><\/p>\n\n\n\n<p class=\"has-medium-font-size wp-block-paragraph\"><strong><em>Europa, unser Kontinennt, tanzt auf dem Vulkan. Die Frage von: Krieg oder Frieden liegt l\u00e4ngst nicht mehr in unserer Hand. Das neue Angstwort lautet: Angriffskrieg! 80 Jahre nach dem Ende des 2. Weltkrieges drohen sich die Europ\u00e4er wieder gegenseitig mit einem nuklearen Vernichtungsschlag. Unsere Vorfahren haben am eigenen Leib erfahren, was Krieg bedeutet. Der zweite Weltkrieg brachte noch mehr Tod, Schrecken und Verderben \u00fcber unser Heimatland. Vom ersten feindlichen \u00dcberflug im Juni 1942 bis zum Kriegsende im Jahre 1945 fanden insgesamt 23 Fliegerangriffe auf Dirmingen statt. W\u00e4hrend diesen Angriffen wurden insgesamt 33 Menschen get\u00f6tet, davon 16 Dirminger B\u00fcrger\/innen und 17 Menschen die zum Teil nach Dirmingen evakuiert wurden oder gerade den im Ort befindlichen Truppen angeh\u00f6rten. Am Ende wurden 15 Geb\u00e4ude, darunter auch unsere katholische Pfarrkirche und das Feuerwehrger\u00e4tehaus zerst\u00f6rt, 18 Geb\u00e4ude wurden bis zu 50- 80 % massiv besch\u00e4digt und etwa 200 Geb\u00e4ude von ca.10- 30 Prozent in Mitleidenschaft gezogen. Insgesamt fielen in unserem Heimatort, 90 Mann und 50 vermisste M\u00e4nner (Soldaten) dem 2. Weltkrieg zum Opfer. Neun M\u00e4nner kamen als Schwerverwundete mit einer Besch\u00e4digung von mehr als 50% Nachhause. Insgesamt haben 92 Kinder ihren Vater verloren und gelten demnach als Halbwaise.<\/em><\/strong><\/p>\n\n\n\n<p class=\"has-medium-font-size wp-block-paragraph\"><em>Am 18. M\u00e4rz 1945 endete f\u00fcr die Einwohner unseres Heimatortes der 2. Weltkrieg. Weltweit starben w\u00e4hrend des 2. Weltkrieges sch\u00e4tzungsweise mehr als 70 Millionen Menschen. In unserem Land wurden Menschen aufgrund ihrer Herkunft, politischer Einstellung, ihrer Lebensgeschichte oder ihrer Krankheit gefoltert, deportiert und get\u00f6tet.<\/em><\/p>\n\n\n\n<div class=\"wp-block-columns is-layout-flex wp-container-core-columns-is-layout-8f761849 wp-block-columns-is-layout-flex\">\n<div class=\"wp-block-column is-layout-flow wp-block-column-is-layout-flow\">\n<figure class=\"wp-block-image size-large\"><img loading=\"lazy\" decoding=\"async\" width=\"700\" height=\"460\" src=\"https:\/\/echta-derminga.de\/wp-content\/uploads\/2025\/11\/20251116_143008-700x460.jpg\" alt=\"\" class=\"wp-image-19316\" srcset=\"https:\/\/echta-derminga.de\/wp-content\/uploads\/2025\/11\/20251116_143008-700x460.jpg 700w, https:\/\/echta-derminga.de\/wp-content\/uploads\/2025\/11\/20251116_143008-300x197.jpg 300w, https:\/\/echta-derminga.de\/wp-content\/uploads\/2025\/11\/20251116_143008-768x505.jpg 768w, https:\/\/echta-derminga.de\/wp-content\/uploads\/2025\/11\/20251116_143008-1536x1010.jpg 1536w, https:\/\/echta-derminga.de\/wp-content\/uploads\/2025\/11\/20251116_143008-2048x1346.jpg 2048w\" sizes=\"auto, (max-width: 700px) 100vw, 700px\" \/><\/figure>\n<\/div>\n\n\n\n<div class=\"wp-block-column is-layout-flow wp-block-column-is-layout-flow\">\n<figure class=\"wp-block-image size-large\"><img loading=\"lazy\" decoding=\"async\" width=\"700\" height=\"512\" src=\"https:\/\/echta-derminga.de\/wp-content\/uploads\/2025\/11\/IMG-20251116-WA0034-700x512.jpg\" alt=\"\" class=\"wp-image-19315\" srcset=\"https:\/\/echta-derminga.de\/wp-content\/uploads\/2025\/11\/IMG-20251116-WA0034-700x512.jpg 700w, https:\/\/echta-derminga.de\/wp-content\/uploads\/2025\/11\/IMG-20251116-WA0034-300x219.jpg 300w, https:\/\/echta-derminga.de\/wp-content\/uploads\/2025\/11\/IMG-20251116-WA0034-768x562.jpg 768w, https:\/\/echta-derminga.de\/wp-content\/uploads\/2025\/11\/IMG-20251116-WA0034-1536x1124.jpg 1536w, https:\/\/echta-derminga.de\/wp-content\/uploads\/2025\/11\/IMG-20251116-WA0034.jpg 1676w\" sizes=\"auto, (max-width: 700px) 100vw, 700px\" \/><\/figure>\n<\/div>\n<\/div>\n\n\n\n<p class=\"has-medium-font-size wp-block-paragraph\"><strong><em>Zeitensprung: Wir schreiben das Jahr 2025! Wir Saarl\u00e4nder wissen was es bedeutet auf der Flucht zu sein. Die Auswirkungen der Evakuierungsma\u00dfnahme durch die Nazis waren gerade in unserem Heimatort deutlich sp\u00fcrbar. T\u00e4glich nahmen neue Fl\u00fcchtlinge den Weg durch unser Dorf: Polen, Franzosen und auch Juden fanden hier, wenn auch nur kurzfristig Halt, Hilfe oder sogar eine Heimat. Das alles scheint in Vergessenheit zu geraten. Der Hass auf alles Fremde erscheint auch in diesem Land wieder zu erwecken. Dazwischen stehen unsere Soldatinnen und Soldaten und viele junge Menschen, die nach vielen Jahren wieder auf ihre Musterung warten. Seit der Gr\u00fcndung unserer Bundeswehr sind rund 3.400 Bundeswehrangeh\u00f6rige im Dienst ums Leben gekommen. Bei Auslandseins\u00e4tzen sind nach Angaben der Bundeswehr bis August 2024 insgesamt 119 Soldaten durch Fremdeinwirkung und 26 durch Suizid gestorben.70 Jahre nach Gr\u00fcndung der Bundeswehr und 80 Jahre nach dem Ende des 2. Weltkrieges stehen wir wieder am Scheideweg!<\/em><\/strong><\/p>\n\n\n\n<p class=\"has-medium-font-size wp-block-paragraph\"><em>Wir brauchen mehr Mut und Zivilcourage. Wir brauchen Menschen, die Aufstehen und sich dem aufglimmenden Hass unserer Zeit entgegenstellen. Wir brauchen Menschen, die ihre Stimme erheben und Verantwortung \u00fcbernehmen. Wir brachen das gute Wort, den warmen H\u00e4ndedruck, Diplomatie und Empathie. Wir brauchen aber auch die Menschen, die sich t\u00e4glich f\u00fcr unsere Heimat einsetzen und f\u00fcr unsere Freiheit und Sicherheit einstehen. Liebe Soldatinnen und Soldaten, liebe Mitglieder der Blaulicht &#8211; Familie: Vielen Dank f\u00fcr das Tun und Machen!<\/em><\/p>\n\n\n<div class=\"wp-block-image\">\n<figure class=\"aligncenter size-large\"><img loading=\"lazy\" decoding=\"async\" width=\"700\" height=\"454\" src=\"https:\/\/echta-derminga.de\/wp-content\/uploads\/2025\/11\/20251116_143054-700x454.jpg\" alt=\"\" class=\"wp-image-19318\" srcset=\"https:\/\/echta-derminga.de\/wp-content\/uploads\/2025\/11\/20251116_143054-700x454.jpg 700w, https:\/\/echta-derminga.de\/wp-content\/uploads\/2025\/11\/20251116_143054-300x195.jpg 300w, https:\/\/echta-derminga.de\/wp-content\/uploads\/2025\/11\/20251116_143054-768x498.jpg 768w, https:\/\/echta-derminga.de\/wp-content\/uploads\/2025\/11\/20251116_143054-1536x996.jpg 1536w, https:\/\/echta-derminga.de\/wp-content\/uploads\/2025\/11\/20251116_143054-2048x1328.jpg 2048w\" sizes=\"auto, (max-width: 700px) 100vw, 700px\" \/><\/figure>\n<\/div>\n\n\n<blockquote class=\"wp-block-quote is-layout-flow wp-block-quote-is-layout-flow\">\n<p class=\"has-medium-font-size wp-block-paragraph\"><strong><em>W\u00e4hrend ihrer Verh\u00f6re durch die Nazischergen sagte Sophie Scholl einmal:\u201c Ich kann es nicht begreifen, dass nun dauernd Menschen in Lebensgefahr gebracht werden von anderen Menschen. Ich kann es nie begreifen und ich finde es entsetzlich. Sag nicht, es ist f\u00fcrs Vaterland.<\/em><\/strong><\/p>\n<\/blockquote>\n\n\n\n<p class=\"has-medium-font-size wp-block-paragraph\"><strong><em>Liebe Mitb\u00fcrgerinnen und Mitb\u00fcrger, in Gedenken an die Opfer von Krieg, Terror und Gewalt legen wir im Namen des Dirminger Ortsrates und der Dirminger Bev\u00f6lkerung diesen Ehrenkranz nieder. Mehr als zuvor rufen wir aus: Nie wieder.<\/em><\/strong><\/p>\n\n\n<div class=\"wp-block-image\">\n<figure class=\"aligncenter size-large\"><img loading=\"lazy\" decoding=\"async\" width=\"700\" height=\"933\" src=\"https:\/\/echta-derminga.de\/wp-content\/uploads\/2025\/11\/20251116_143444-700x933.jpg\" alt=\"\" class=\"wp-image-19319\" srcset=\"https:\/\/echta-derminga.de\/wp-content\/uploads\/2025\/11\/20251116_143444-700x933.jpg 700w, https:\/\/echta-derminga.de\/wp-content\/uploads\/2025\/11\/20251116_143444-225x300.jpg 225w, https:\/\/echta-derminga.de\/wp-content\/uploads\/2025\/11\/20251116_143444-768x1024.jpg 768w, https:\/\/echta-derminga.de\/wp-content\/uploads\/2025\/11\/20251116_143444-1152x1536.jpg 1152w, https:\/\/echta-derminga.de\/wp-content\/uploads\/2025\/11\/20251116_143444-1536x2048.jpg 1536w, https:\/\/echta-derminga.de\/wp-content\/uploads\/2025\/11\/20251116_143444-scaled.jpg 1920w\" sizes=\"auto, (max-width: 700px) 100vw, 700px\" \/><\/figure>\n<\/div>","protected":false},"excerpt":{"rendered":"<p>Der Volkstrauertag ist ein staatlicher Gedenktag f\u00fcr die Opfer von Krieg, Gewaltherrschaft und Terror weltweit. Der Volkstrauertag geh\u00f6rt zu den sogenannten stillen Tagen und wird seit 1952 am vorletzten Sonntag vor dem ersten Adventssonntag begangen. In ganz Deutschland finden an diesem Tag Gedenkfeiern, Zeremonien und Kranzniederlegungen statt. In Dirmingen genie\u00dft die offizielle Kranzniederlegung des Ortsrates eine hohe Tradition, die aufgrund<\/p>\n","protected":false},"author":1,"featured_media":19310,"comment_status":"open","ping_status":"closed","sticky":false,"template":"","format":"standard","meta":{"_crdt_document":"","footnotes":""},"categories":[1,9,812,902,46],"tags":[5,618,1208,127,310,1207],"class_list":["post-19304","post","type-post","status-publish","format-standard","has-post-thumbnail","hentry","category-allgemein","category-dorfgetratsche","category-ortsvorsteher-dirmingen","category-meine-meinung","category-meine-politik","tag-dirmingen","tag-gemeinde-eppelborn","tag-kranzniederlegung-ortsrat","tag-landkreis-neunkirchen","tag-saarland","tag-volkstrauertag-2025"],"_links":{"self":[{"href":"https:\/\/echta-derminga.de\/index.php?rest_route=\/wp\/v2\/posts\/19304","targetHints":{"allow":["GET"]}}],"collection":[{"href":"https:\/\/echta-derminga.de\/index.php?rest_route=\/wp\/v2\/posts"}],"about":[{"href":"https:\/\/echta-derminga.de\/index.php?rest_route=\/wp\/v2\/types\/post"}],"author":[{"embeddable":true,"href":"https:\/\/echta-derminga.de\/index.php?rest_route=\/wp\/v2\/users\/1"}],"replies":[{"embeddable":true,"href":"https:\/\/echta-derminga.de\/index.php?rest_route=%2Fwp%2Fv2%2Fcomments&post=19304"}],"version-history":[{"count":8,"href":"https:\/\/echta-derminga.de\/index.php?rest_route=\/wp\/v2\/posts\/19304\/revisions"}],"predecessor-version":[{"id":19320,"href":"https:\/\/echta-derminga.de\/index.php?rest_route=\/wp\/v2\/posts\/19304\/revisions\/19320"}],"wp:featuredmedia":[{"embeddable":true,"href":"https:\/\/echta-derminga.de\/index.php?rest_route=\/wp\/v2\/media\/19310"}],"wp:attachment":[{"href":"https:\/\/echta-derminga.de\/index.php?rest_route=%2Fwp%2Fv2%2Fmedia&parent=19304"}],"wp:term":[{"taxonomy":"category","embeddable":true,"href":"https:\/\/echta-derminga.de\/index.php?rest_route=%2Fwp%2Fv2%2Fcategories&post=19304"},{"taxonomy":"post_tag","embeddable":true,"href":"https:\/\/echta-derminga.de\/index.php?rest_route=%2Fwp%2Fv2%2Ftags&post=19304"}],"curies":[{"name":"wp","href":"https:\/\/api.w.org\/{rel}","templated":true}]}}