{"id":19321,"date":"2025-11-23T13:01:12","date_gmt":"2025-11-23T12:01:12","guid":{"rendered":"https:\/\/echta-derminga.de\/?p=19321"},"modified":"2025-11-23T13:23:11","modified_gmt":"2025-11-23T12:23:11","slug":"dank-dem-kulturverein-dirmingen-mittelalterlicher-weihnachtsmarkt-haelt-trotz-grosser-auflagen-den-kurs","status":"publish","type":"post","link":"https:\/\/echta-derminga.de\/?p=19321","title":{"rendered":"Dank dem Kulturverein Dirmingen &#8211; Mittelalterlicher Weihnachtsmarkt h\u00e4lt trotz gro\u00dfer Auflagen den Kurs"},"content":{"rendered":"\n<p class=\"has-medium-font-size wp-block-paragraph\"><strong>Mit Blick auf den Mittelalterlichen Weihnachtsmarkt kann man schon die ein oder andere Sorgenfalte bekommen. Terrorsperren, Betonbarrieren, querstehende Lkw und un\u00fcberwindliche H\u00fcrden in Sicherheitskonzepten bringen unsere Vereine an den Rand des M\u00f6glichen. &nbsp;Unsere Vereine sind schon bei der Erstellung eines Sicherheitskonzeptes ganz oft \u00fcberfordert. Kosten explodieren und ehrenamtliche Helferinnen und Helfer m\u00fcssen immer mehr Verantwortung \u00fcbernehmen. Unser Kulturverein Dirmingen \u00fcbernimmt mit der Durchf\u00fchrung des Mittelalterlichen Weihnachtsmarktes, am 29.\/30. Dezember 2025 eine gro\u00dfe Last. Nat\u00fcrlich haben die Terroranschl\u00e4ge in den vergangenen Jahren ihre Spuren hinterlassen. Immer mehr Menschen f\u00fchlen sich \u00e4ngstlich und sorgen sich um ihre Sicherheit. Bleibt die Frage, wie unsere Vereine diese Sicherheit gew\u00e4hrleisten k\u00f6nnen. Zuviel Angst versperrt den klaren Blick auf die Dinge. Aus meiner Sicht ben\u00f6tigen wir bessere rechtliche Rahmenbedingungen.<\/strong> <strong>Das Ehrenamt braucht besseren Schutz !<\/strong><\/p>\n\n\n\n<p class=\"has-medium-font-size wp-block-paragraph\">Politiker aller Farben besuchen im Laufe eines Jahres die vielen festlichen Aktivit\u00e4ten unseres Landes. Beim Fassanstich oder der Er\u00f6ffnungsrede werden gro\u00dfe Dankesworte und Treuebekenntnisse ausgesprochen. Mit dem Bier oder Gl\u00fchweinglas in der Hand werden Checks \u00fcberreicht oder Versprechungen gegeben. Die sicherlich gutgemeinten Zuwendungen und warmen Worte helfen den Verantwortlichen jedoch in den seltensten F\u00e4llen weiter. Unsere Vereine und Organisationen ben\u00f6tigen dringend Entlastungen bei der Planung ihrer Veranstaltungen. Die Auflagen sind kaum noch zu bew\u00e4ltigen. Viele saarl\u00e4ndische Vereine oder Organisationen haben bereits die wei\u00dfe Fahne gehisst. In dessen Folge werden traditionelle und liebgewonnene Veranstaltungen kurzum abgesagt.<\/p>\n\n\n<div class=\"wp-block-image\">\n<figure class=\"aligncenter size-large\"><img loading=\"lazy\" decoding=\"async\" width=\"700\" height=\"525\" src=\"https:\/\/echta-derminga.de\/wp-content\/uploads\/2025\/11\/587773480_25109145888753466_5807765948625840815_n-700x525.jpg\" alt=\"\" class=\"wp-image-19323\" srcset=\"https:\/\/echta-derminga.de\/wp-content\/uploads\/2025\/11\/587773480_25109145888753466_5807765948625840815_n-700x525.jpg 700w, https:\/\/echta-derminga.de\/wp-content\/uploads\/2025\/11\/587773480_25109145888753466_5807765948625840815_n-300x225.jpg 300w, https:\/\/echta-derminga.de\/wp-content\/uploads\/2025\/11\/587773480_25109145888753466_5807765948625840815_n-768x576.jpg 768w, https:\/\/echta-derminga.de\/wp-content\/uploads\/2025\/11\/587773480_25109145888753466_5807765948625840815_n-1536x1152.jpg 1536w, https:\/\/echta-derminga.de\/wp-content\/uploads\/2025\/11\/587773480_25109145888753466_5807765948625840815_n.jpg 1600w\" sizes=\"auto, (max-width: 700px) 100vw, 700px\" \/><\/figure>\n<\/div>\n\n\n<p class=\"has-medium-font-size wp-block-paragraph\"><strong>Damit wir uns nicht falsch verstehen: Nat\u00fcrlich m\u00fcssen wir die Sicherheit der Menschen gew\u00e4hrleisten k\u00f6nnen. Diese Verantwortung sollte jeder Verein ernst nehmen und kritisch betrachten. Das Ganze muss jedoch umsetzbar und von den Ehrenamtlern bew\u00e4ltigt werden k\u00f6nnen. Beim Durchlesen eines Sicherheitskonzeptes stellt man unwillk\u00fcrlich fest, dass die geforderten Ma\u00dfnahmen meistens nicht umsetzbar oder finanzierbar sind. Wie soll das Ehrenamt diese H\u00fcrden meistern? Verlangen wir nicht zu viel von den Vorsitzenden und Vorstandsmitgliedern unserer Vereine? Allein die Haftungsfrage bringt viele Vorsitzende an ihre Grenzen. Im Umkehrschluss gibt es immer weniger Menschen, die eine Verantwortung in einem Verein \u00fcbernehmen m\u00f6chten. Bevor der erste Gl\u00fchwein auf dem Dirminger Weihnachtsmarkt verkauft wird, muss der Kulturverein Dirmingen bereits viel Geld, Verantwortung und M\u00fche investieren.<\/strong><\/p>\n\n\n\n<p class=\"has-medium-font-size wp-block-paragraph\">Aus meiner Sicht der Dinge m\u00fcssen unsere Politiker umdenken. So geht das nicht weiter! Wir brauchen realistische, gesetzliche Vorgaben die in erster Linie umsetzbar sind. Au\u00dferdem muss die Haftungsfrage neu definiert werden. Unsere Vereine \u00e4chzen unter dem Druck der Politik und ihren Verwaltungen. Die aktuelle Doppelmoral in der Politik bringt uns nicht weiter. Wir predigen Wasser und trinken Wein. Soll hei\u00dfen: Wir versprechen Unterst\u00fctzung und kaufen uns mit ein paar Scheinen frei von der Verantwortung. Unsere Vereine stehen am Ende allein vor einem Berg von B\u00fcrokratie und unl\u00f6sbaren Auflagen.<\/p>\n\n\n\n<div class=\"wp-block-columns is-layout-flex wp-container-core-columns-is-layout-8f761849 wp-block-columns-is-layout-flex\">\n<div class=\"wp-block-column is-layout-flow wp-block-column-is-layout-flow\">\n<figure class=\"wp-block-image size-large\"><img loading=\"lazy\" decoding=\"async\" width=\"700\" height=\"530\" src=\"https:\/\/echta-derminga.de\/wp-content\/uploads\/2025\/11\/468928650_8739849576109690_6737466010883357044_n-700x530.jpg\" alt=\"\" class=\"wp-image-19325\" srcset=\"https:\/\/echta-derminga.de\/wp-content\/uploads\/2025\/11\/468928650_8739849576109690_6737466010883357044_n-700x530.jpg 700w, https:\/\/echta-derminga.de\/wp-content\/uploads\/2025\/11\/468928650_8739849576109690_6737466010883357044_n-300x227.jpg 300w, https:\/\/echta-derminga.de\/wp-content\/uploads\/2025\/11\/468928650_8739849576109690_6737466010883357044_n-768x581.jpg 768w, https:\/\/echta-derminga.de\/wp-content\/uploads\/2025\/11\/468928650_8739849576109690_6737466010883357044_n.jpg 1024w\" sizes=\"auto, (max-width: 700px) 100vw, 700px\" \/><\/figure>\n<\/div>\n\n\n\n<div class=\"wp-block-column is-layout-flow wp-block-column-is-layout-flow\">\n<figure class=\"wp-block-image size-large\"><img loading=\"lazy\" decoding=\"async\" width=\"700\" height=\"530\" src=\"https:\/\/echta-derminga.de\/wp-content\/uploads\/2025\/11\/468912289_8739849886109659_5992022090669451390_n-700x530.jpg\" alt=\"\" class=\"wp-image-19326\" srcset=\"https:\/\/echta-derminga.de\/wp-content\/uploads\/2025\/11\/468912289_8739849886109659_5992022090669451390_n-700x530.jpg 700w, https:\/\/echta-derminga.de\/wp-content\/uploads\/2025\/11\/468912289_8739849886109659_5992022090669451390_n-300x227.jpg 300w, https:\/\/echta-derminga.de\/wp-content\/uploads\/2025\/11\/468912289_8739849886109659_5992022090669451390_n-768x582.jpg 768w, https:\/\/echta-derminga.de\/wp-content\/uploads\/2025\/11\/468912289_8739849886109659_5992022090669451390_n-1536x1164.jpg 1536w, https:\/\/echta-derminga.de\/wp-content\/uploads\/2025\/11\/468912289_8739849886109659_5992022090669451390_n.jpg 2048w\" sizes=\"auto, (max-width: 700px) 100vw, 700px\" \/><\/figure>\n<\/div>\n<\/div>\n\n\n\n<p class=\"has-medium-font-size wp-block-paragraph\"><strong>Gut, dass unser Kulturverein Dirmingen und mit ihm die Vereine und Organisationen in unserem Heimatort dem Druck Standhalten und den Kurs halten. Der Mittelalterliche Weihnachtsmarkt in Dirmingen wird am ersten Adventswochenende, 29.\/30. November auf dem Festplatz im Br\u00fchl stattfinden. Bereits seit zwei Wochenenden ist der Kulturverein Dirmingen, um ihren neuen Vorsitzenden Daniel Klein, mit Aufbauarbeiten besch\u00e4ftigt. Dabei muss f\u00fcr das vorliegende Sicherheitskonzept viel Geld in die Hand genommen werden.<\/strong><\/p>\n\n\n\n<p class=\"has-medium-font-size wp-block-paragraph\">Der Krug geht so lange zum Brunnen, bis er bricht. Die Sicherheit der Menschen hat naturgem\u00e4\u00df die gr\u00f6\u00dfte Priorit\u00e4t. Wir m\u00fcssen aber daf\u00fcr sorgen, dass die Menschen sorgenfrei feiern k\u00f6nnen. Dabei d\u00fcrfen wir unsere Vereine jedoch nicht allein lassen. Wenn nicht bald ein Umdenken stattfindet, werden die letzten Gro\u00dfveranstaltungen bald von der Bildfl\u00e4che verschwinden. Ich w\u00fcnsche dem Kulturverein Dirmingen und allen teilnehmenden Vereinen und Organisationen einen ruhigen und sch\u00f6nen \u201eMittelalterlichen Weihnachtsmarkt\u201c in Dirmingen. Vielen Dank f\u00fcr euer ehrenamtliches Engagement und eure M\u00fche und Einsatz zum Wohle unseres Heimatortes. Gut, dass es euch gibt !<\/p>\n\n\n\n<div class=\"wp-block-columns is-layout-flex wp-container-core-columns-is-layout-8f761849 wp-block-columns-is-layout-flex\">\n<div class=\"wp-block-column is-layout-flow wp-block-column-is-layout-flow\">\n<figure class=\"wp-block-image size-large\"><img loading=\"lazy\" decoding=\"async\" width=\"700\" height=\"587\" src=\"https:\/\/echta-derminga.de\/wp-content\/uploads\/2025\/10\/IMG-20251028-WA0015-700x587.jpg\" alt=\"\" class=\"wp-image-19259\" srcset=\"https:\/\/echta-derminga.de\/wp-content\/uploads\/2025\/10\/IMG-20251028-WA0015-700x587.jpg 700w, https:\/\/echta-derminga.de\/wp-content\/uploads\/2025\/10\/IMG-20251028-WA0015-300x252.jpg 300w, https:\/\/echta-derminga.de\/wp-content\/uploads\/2025\/10\/IMG-20251028-WA0015-768x644.jpg 768w, https:\/\/echta-derminga.de\/wp-content\/uploads\/2025\/10\/IMG-20251028-WA0015.jpg 1528w\" sizes=\"auto, (max-width: 700px) 100vw, 700px\" \/><\/figure>\n<\/div>\n\n\n\n<div class=\"wp-block-column is-layout-flow wp-block-column-is-layout-flow\">\n<figure class=\"wp-block-image size-large\"><img loading=\"lazy\" decoding=\"async\" width=\"700\" height=\"587\" src=\"https:\/\/echta-derminga.de\/wp-content\/uploads\/2025\/10\/IMG-20251028-WA0016-1-700x587.jpg\" alt=\"\" class=\"wp-image-19258\" srcset=\"https:\/\/echta-derminga.de\/wp-content\/uploads\/2025\/10\/IMG-20251028-WA0016-1-700x587.jpg 700w, https:\/\/echta-derminga.de\/wp-content\/uploads\/2025\/10\/IMG-20251028-WA0016-1-300x252.jpg 300w, https:\/\/echta-derminga.de\/wp-content\/uploads\/2025\/10\/IMG-20251028-WA0016-1-768x644.jpg 768w, https:\/\/echta-derminga.de\/wp-content\/uploads\/2025\/10\/IMG-20251028-WA0016-1.jpg 1528w\" sizes=\"auto, (max-width: 700px) 100vw, 700px\" \/><\/figure>\n<\/div>\n<\/div>\n\n\n<div class=\"wp-block-image\">\n<figure class=\"aligncenter size-large\"><img loading=\"lazy\" decoding=\"async\" width=\"700\" height=\"1088\" src=\"https:\/\/echta-derminga.de\/wp-content\/uploads\/2024\/11\/465914615_8617544178340231_197666177957818056_n-700x1088.jpg\" alt=\"\" class=\"wp-image-18143\" srcset=\"https:\/\/echta-derminga.de\/wp-content\/uploads\/2024\/11\/465914615_8617544178340231_197666177957818056_n-700x1088.jpg 700w, https:\/\/echta-derminga.de\/wp-content\/uploads\/2024\/11\/465914615_8617544178340231_197666177957818056_n-193x300.jpg 193w, https:\/\/echta-derminga.de\/wp-content\/uploads\/2024\/11\/465914615_8617544178340231_197666177957818056_n-768x1194.jpg 768w, https:\/\/echta-derminga.de\/wp-content\/uploads\/2024\/11\/465914615_8617544178340231_197666177957818056_n-988x1536.jpg 988w, https:\/\/echta-derminga.de\/wp-content\/uploads\/2024\/11\/465914615_8617544178340231_197666177957818056_n.jpg 1029w\" sizes=\"auto, (max-width: 700px) 100vw, 700px\" \/><\/figure>\n<\/div>","protected":false},"excerpt":{"rendered":"<p>Mit Blick auf den Mittelalterlichen Weihnachtsmarkt kann man schon die ein oder andere Sorgenfalte bekommen. Terrorsperren, Betonbarrieren, querstehende Lkw und un\u00fcberwindliche H\u00fcrden in Sicherheitskonzepten bringen unsere Vereine an den Rand des M\u00f6glichen. &nbsp;Unsere Vereine sind schon bei der Erstellung eines Sicherheitskonzeptes ganz oft \u00fcberfordert. Kosten explodieren und ehrenamtliche Helferinnen und Helfer m\u00fcssen immer mehr Verantwortung \u00fcbernehmen. Unser Kulturverein Dirmingen \u00fcbernimmt<\/p>\n","protected":false},"author":1,"featured_media":19324,"comment_status":"open","ping_status":"closed","sticky":false,"template":"","format":"standard","meta":{"_crdt_document":"","footnotes":""},"categories":[1,9,100],"tags":[5,618,127,956,310],"class_list":["post-19321","post","type-post","status-publish","format-standard","has-post-thumbnail","hentry","category-allgemein","category-dorfgetratsche","category-meine-kulturaner","tag-dirmingen","tag-gemeinde-eppelborn","tag-landkreis-neunkirchen","tag-mittelalterlicher-weihnachtsmarkt-dirmingen","tag-saarland"],"_links":{"self":[{"href":"https:\/\/echta-derminga.de\/index.php?rest_route=\/wp\/v2\/posts\/19321","targetHints":{"allow":["GET"]}}],"collection":[{"href":"https:\/\/echta-derminga.de\/index.php?rest_route=\/wp\/v2\/posts"}],"about":[{"href":"https:\/\/echta-derminga.de\/index.php?rest_route=\/wp\/v2\/types\/post"}],"author":[{"embeddable":true,"href":"https:\/\/echta-derminga.de\/index.php?rest_route=\/wp\/v2\/users\/1"}],"replies":[{"embeddable":true,"href":"https:\/\/echta-derminga.de\/index.php?rest_route=%2Fwp%2Fv2%2Fcomments&post=19321"}],"version-history":[{"count":8,"href":"https:\/\/echta-derminga.de\/index.php?rest_route=\/wp\/v2\/posts\/19321\/revisions"}],"predecessor-version":[{"id":19342,"href":"https:\/\/echta-derminga.de\/index.php?rest_route=\/wp\/v2\/posts\/19321\/revisions\/19342"}],"wp:featuredmedia":[{"embeddable":true,"href":"https:\/\/echta-derminga.de\/index.php?rest_route=\/wp\/v2\/media\/19324"}],"wp:attachment":[{"href":"https:\/\/echta-derminga.de\/index.php?rest_route=%2Fwp%2Fv2%2Fmedia&parent=19321"}],"wp:term":[{"taxonomy":"category","embeddable":true,"href":"https:\/\/echta-derminga.de\/index.php?rest_route=%2Fwp%2Fv2%2Fcategories&post=19321"},{"taxonomy":"post_tag","embeddable":true,"href":"https:\/\/echta-derminga.de\/index.php?rest_route=%2Fwp%2Fv2%2Ftags&post=19321"}],"curies":[{"name":"wp","href":"https:\/\/api.w.org\/{rel}","templated":true}]}}