{"id":19358,"date":"2025-12-04T15:13:06","date_gmt":"2025-12-04T14:13:06","guid":{"rendered":"https:\/\/echta-derminga.de\/?p=19358"},"modified":"2025-12-04T15:13:07","modified_gmt":"2025-12-04T14:13:07","slug":"barbaratag-2025-glueck-aufund-er-hat-sein-helles-licht-in-der-nacht-schon-angezuendt","status":"publish","type":"post","link":"https:\/\/echta-derminga.de\/?p=19358","title":{"rendered":"Barbaratag 2025 &#8211; \u201eGl\u00fcck auf,\u2026und er hat sein helles Licht in der Nacht schon angez\u00fcndt\u201c"},"content":{"rendered":"\n<blockquote class=\"wp-block-quote is-layout-flow wp-block-quote-is-layout-flow\">\n<p class=\"has-medium-font-size wp-block-paragraph\">Wir richten, eh\u2019 wir niederfahren, Den Blick, o Gott empor zu dir.O woll uns, Herr, getreu bewahren, La\u00df wiederkehren uns nach hier. Schlie\u00df auf den Stollen Deiner Liebe, Den finsteren Schacht, in dem wir bauen. Schirm uns vor Ort und im Betriebe, La\u00df fromm und treu uns Dir vertrauen. Herr, segne Streben, Schacht und Stollen, Bewahr uns vor Flut und Brand.Herr, dem wir treu geh\u00f6ren wollen,Du hast die Welt in Deiner Hand. (Einfahrtsgebet der Bergleute)<\/p>\n<\/blockquote>\n\n\n\n<p class=\"has-medium-font-size wp-block-paragraph\"><br><strong>In Zeiten v\u00f6lliger Verrohung sind Tugenden wie Hilfsbereitschaft, Kameradschaft, Solidarit\u00e4t, Standhaftigkeit, Verl\u00e4sslichkeit und Zusammenhalt so gut wie ausgestorben. Wir leben in einer schnelllebigen Zeit, in der jeder in erster Linie nur an sich selbst denkt und den Blick auf andere zur Seite schiebt. Der 04. Dezember ist der Patronatstag der heiligen Barbara. Obwohl ich als Protestant keinen engen Bezug zur Heiligenverehrung der katholischen Kirche pflege, genie\u00dft der Barbaratag in meinem Leben eine hohe Bedeutung. Im Saarland, Nordrhein- Westfalen, Sachsen, Th\u00fcringen, Schlesien, B\u00f6hmen, Lothringen und \u00fcberall dort wo Bergbau betrieben wurde, wird die heilige Barbara verehrt. <\/strong><\/p>\n\n\n\n<p class=\"has-medium-font-size wp-block-paragraph\">Auch heute noch, viele Jahre nach dem Ende des Bergbaus z\u00fcnden viele ehemalige Bergm\u00e4nner am Barbara-Tag eine Kerze an. Zahlreiche Br\u00e4uche und Sitten stehen f\u00fcr die Beliebtheit der heiligen Barbara. An ihrem Gedenktag werden sogenannte Barbarazweige von Apfel- oder Kirschb\u00e4umen abgeschnitten und ins Wasser gestellt; bl\u00fchen sie am Weihnachtsfest, dann wird das als gutes Zeichen f\u00fcr die Zukunft gewertet.<\/p>\n\n\n\n<p class=\"has-medium-font-size wp-block-paragraph\"><strong>Die heilige Barbara lebte im 3. Jahrhundert. Sie wurde aufgrund ihres Glaubens gefoltert und vom eigenen Vater get\u00f6tet. Die heilige Barbara ist Patronin der Sterbenden und der Bergleute. Die Standhaftigkeit, mit der die M\u00e4rtyrerinnen ihre Folter und ihren Tod hinnahm, ist bemerkenswert. Genau diesen Mut, die Standhaftigkeit und die Entschlossenheit lassen viele Menschen in der heutigen Zeit vermissen. Wir leben in Zeiten des Egoismus, der Schuldzuweisung, des Neids, des Hasses und des Gr\u00f6\u00dfenwahns. <\/strong><\/p>\n\n\n<div class=\"wp-block-image\">\n<figure class=\"aligncenter size-full\"><img loading=\"lazy\" decoding=\"async\" width=\"644\" height=\"580\" src=\"https:\/\/echta-derminga.de\/wp-content\/uploads\/2023\/12\/IMG_20190404_212037_resized_20190426_051955989-644x580-1.jpg\" alt=\"\" class=\"wp-image-16212\" srcset=\"https:\/\/echta-derminga.de\/wp-content\/uploads\/2023\/12\/IMG_20190404_212037_resized_20190426_051955989-644x580-1.jpg 644w, https:\/\/echta-derminga.de\/wp-content\/uploads\/2023\/12\/IMG_20190404_212037_resized_20190426_051955989-644x580-1-300x270.jpg 300w\" sizes=\"auto, (max-width: 644px) 100vw, 644px\" \/><\/figure>\n<\/div>\n\n\n<p class=\"has-medium-font-size wp-block-paragraph\">Viele Jahre nach dem Ende des Bergbaus an der Saar geht unsere Erinnerungskultur sprichw\u00f6rtlich den Bach herunter. Irgendwann wird der Bergmann bestenfalls noch im Geschichtsunterricht in der Schule vorkommen. Am Ende liegt es an uns selbst diesem Trend entgegenzuwirken. Der Bergbau brachte vielen Generationen den langersehnten Wohlstand. Mein Ur-Gro\u00dfvater, mein Gro\u00dfvater, mein Vater und ich selbst arbeiteten \u201eUnter Tage\u201c. Der Bergbau hat mich und meine Familie ern\u00e4hrt und gepr\u00e4gt.<\/p>\n\n\n\n<p class=\"has-medium-font-size wp-block-paragraph\"><strong>Ich habe \u201eUnter Tage\u201c viele schmerzliche Erfahrungen gesammelt. Der Bergbau hat mich geformt und mir viele wichtige Eigenschaften nahegelegt. Mit meiner Zeit \u201eUnter Tage\u201c verbinde ich: Hitze, Staub, schwere Last, rauer Umgangston, schwer-verletzte und sogar Tote. Ich erinnere mich aber auch an: Schulterklopfen, Zuspruch, Ermutigung und Kameradschaft. Ich denke gerade am Barbaratag sollten wir Saarl\u00e4nder nicht nur der Schutzpatronin der Bergleute, sondern auch dem Berufsstand des Bergmannes selbst Gedenken. Immerhin haben uns Kohle und Stahl zu dem gemacht, was wir heute noch sind! In letzter Zeit beschleicht mich immer \u00f6fter das Gef\u00fchl, dass wir im Begriff sind unsere Erinnerungskultur zu vernachl\u00e4ssigen. Ich habe &#8222;Unter Tage&#8220; gelernt mich f\u00fcr den anderen zu b\u00fccken. Ich habe gelernt zu erkennen, wann ein anderer Hilfe ben\u00f6tigt. Ich habe &#8222;Unter Tage&#8220; gelernt zu verzeihen und bei einem Bier den Streit zu begraben. Das alles sind Eigenschaften, die uns noch heute gut zu Gesicht stehen w\u00fcrden.<\/strong><\/p>\n\n\n\n<p class=\"has-medium-font-size wp-block-paragraph\">Loyalit\u00e4t, Treue, Solidarit\u00e4t und Kameradschaft waren f\u00fcr den Bergmann selbstverst\u00e4ndlich und wurden stets gro\u00dfgeschrieben. Das alles geht heute Zusehens verloren. Manchmal w\u00fcnschte ich mir, wir alle w\u00fcrden uns etwas mehr an die Bergleute und deren Mentalit\u00e4t erinnern. &#8222;Unter Tage&#8220; gab es keine Feinde, dort mussten alle zusammenhalten. In der Gefahr sollte niemand alleine stehen.<\/p>\n\n\n<div class=\"wp-block-image\">\n<figure class=\"aligncenter size-large\"><img loading=\"lazy\" decoding=\"async\" width=\"700\" height=\"617\" src=\"https:\/\/echta-derminga.de\/wp-content\/uploads\/2023\/12\/IMG_20190404_212142_resized_20190426_051956570-700x617.jpg\" alt=\"\" class=\"wp-image-16211\" srcset=\"https:\/\/echta-derminga.de\/wp-content\/uploads\/2023\/12\/IMG_20190404_212142_resized_20190426_051956570-700x617.jpg 700w, https:\/\/echta-derminga.de\/wp-content\/uploads\/2023\/12\/IMG_20190404_212142_resized_20190426_051956570-300x264.jpg 300w, https:\/\/echta-derminga.de\/wp-content\/uploads\/2023\/12\/IMG_20190404_212142_resized_20190426_051956570-768x677.jpg 768w, https:\/\/echta-derminga.de\/wp-content\/uploads\/2023\/12\/IMG_20190404_212142_resized_20190426_051956570.jpg 800w\" sizes=\"auto, (max-width: 700px) 100vw, 700px\" \/><\/figure>\n<\/div>\n\n\n<p class=\"has-medium-font-size wp-block-paragraph\"><strong>Eine kleine Geschichte aus meiner Lehrzeit &#8222;Unter Tage&#8220; auf der Anlage Duhamel: Nach einigen Stunden Arbeit gab meine Kopflampe den Geist auf. Irgendein Fehler sorgte daf\u00fcr, dass ich pl\u00f6tzlich im Dunkeln stand. Ich versuchte verzweifelt am Knopf der Lampe zu drehen um irgendetwas zu retten. Pl\u00f6tzlich klopfte es auf meine Schultern. &#8222;Was ist los&#8220;, fragte mein Kumpel, &#8222;bist du im dunkel?&#8220; Ich klopfte meine dunkle Lampe und hob ahnungslos die Schultern. Der Steiger beobachtete das Geschehen und beschloss, dass zwei Kollegen mich die zwei Kilometer bis zum Schacht begleiten sollten. Zwei Kilometer lang war ich auf das Licht meiner Kollegen angewiesen. Ich konnte mich absolut auf die beiden verlassen. Meine Kollegen wischen nicht von meiner Seite. Jede Hilfe war wie selbstverst\u00e4ndlich ! Irgendwie hat diese harmlose Geschichte eine Art Symbolcharakter. Wir m\u00fcssen wieder lernen aufeinander acht zu geben und dem anderen in der Not den Weg zu leuchten.<\/strong><\/p>\n\n\n\n<p class=\"has-medium-font-size wp-block-paragraph\"><strong>Gl\u00fcck auf !<\/strong><\/p>\n","protected":false},"excerpt":{"rendered":"<p>Wir richten, eh\u2019 wir niederfahren, Den Blick, o Gott empor zu dir.O woll uns, Herr, getreu bewahren, La\u00df wiederkehren uns nach hier. Schlie\u00df auf den Stollen Deiner Liebe, Den finsteren Schacht, in dem wir bauen. Schirm uns vor Ort und im Betriebe, La\u00df fromm und treu uns Dir vertrauen. Herr, segne Streben, Schacht und Stollen, Bewahr uns vor Flut und<\/p>\n","protected":false},"author":1,"featured_media":16217,"comment_status":"open","ping_status":"closed","sticky":false,"template":"","format":"standard","meta":{"_crdt_document":"","footnotes":""},"categories":[1],"tags":[543,196,5,618,127,310],"class_list":["post-19358","post","type-post","status-publish","format-standard","has-post-thumbnail","hentry","category-allgemein","tag-barbaratag","tag-bergbau","tag-dirmingen","tag-gemeinde-eppelborn","tag-landkreis-neunkirchen","tag-saarland"],"_links":{"self":[{"href":"https:\/\/echta-derminga.de\/index.php?rest_route=\/wp\/v2\/posts\/19358","targetHints":{"allow":["GET"]}}],"collection":[{"href":"https:\/\/echta-derminga.de\/index.php?rest_route=\/wp\/v2\/posts"}],"about":[{"href":"https:\/\/echta-derminga.de\/index.php?rest_route=\/wp\/v2\/types\/post"}],"author":[{"embeddable":true,"href":"https:\/\/echta-derminga.de\/index.php?rest_route=\/wp\/v2\/users\/1"}],"replies":[{"embeddable":true,"href":"https:\/\/echta-derminga.de\/index.php?rest_route=%2Fwp%2Fv2%2Fcomments&post=19358"}],"version-history":[{"count":3,"href":"https:\/\/echta-derminga.de\/index.php?rest_route=\/wp\/v2\/posts\/19358\/revisions"}],"predecessor-version":[{"id":19361,"href":"https:\/\/echta-derminga.de\/index.php?rest_route=\/wp\/v2\/posts\/19358\/revisions\/19361"}],"wp:featuredmedia":[{"embeddable":true,"href":"https:\/\/echta-derminga.de\/index.php?rest_route=\/wp\/v2\/media\/16217"}],"wp:attachment":[{"href":"https:\/\/echta-derminga.de\/index.php?rest_route=%2Fwp%2Fv2%2Fmedia&parent=19358"}],"wp:term":[{"taxonomy":"category","embeddable":true,"href":"https:\/\/echta-derminga.de\/index.php?rest_route=%2Fwp%2Fv2%2Fcategories&post=19358"},{"taxonomy":"post_tag","embeddable":true,"href":"https:\/\/echta-derminga.de\/index.php?rest_route=%2Fwp%2Fv2%2Ftags&post=19358"}],"curies":[{"name":"wp","href":"https:\/\/api.w.org\/{rel}","templated":true}]}}