{"id":19375,"date":"2025-12-21T16:43:59","date_gmt":"2025-12-21T15:43:59","guid":{"rendered":"https:\/\/echta-derminga.de\/?p=19375"},"modified":"2025-12-21T16:55:16","modified_gmt":"2025-12-21T15:55:16","slug":"sind-wir-weihnachtsblind-stellt-euch-vor-die-weihnachtsgeschichte-waere-wahr","status":"publish","type":"post","link":"https:\/\/echta-derminga.de\/?p=19375","title":{"rendered":"Sind wir Weihnachtsblind? &#8211; Stellt euch vor, die Weihnachtsgeschichte w\u00e4re wahr?!?"},"content":{"rendered":"\n<p class=\"has-medium-font-size wp-block-paragraph\"><strong>Von wei\u00dfen Weihnachten wieder mal keine Spur. Wie soll in dieser Zeit eine Weihnachtsstimmung aufkommen? Zu Weihnachten freuen sich die Menschen auf ein paar freie entspannte Tage mit der Familie. Die christliche Botschaft nehmen wir in meisten F\u00e4llen kaum noch zur Notiz genommen. Das christliche Abendland ist auf dem besten Wege sich abzuschaffen. Daran tr\u00e4gt keine Migrationspolitik und auch keine andere Religion die Verantwortung. Wenn wir nicht bald lernen unsere eigene Kultur zu pflegen, wird es ein b\u00f6ses Erwachen geben. Umdenken liegt nicht alleine in der Verantwortung irgendeiner Partei, sondern auch bei uns selbst.<\/strong> <\/p>\n\n\n\n<p class=\"has-medium-font-size wp-block-paragraph\">Weihnachten ist ein wenig wie Nachhause kommen. Das wurde mir gerade in diesem Jahr wieder deutlich vor Augen gef\u00fchrt. Manchmal ben\u00f6tigen wir einen Schicksalsschlag, der uns wieder auf den Boden der Realit\u00e4t zur\u00fcckbringt. Viele von uns befinden sich gerade in dieser besinnlichen Zeit auf der Suche nach Weihnachten? Ein schlimmer Verlust, eine Krankheit oder eine schlechte Nachricht bringt pl\u00f6tzlich unsere heile Welt ins Wankeln. In der Not versuchen wir unsere Sterne neu zu ordnen und beginnen zu hoffen und vielleicht sogar zu beten. Wir alle machen uns in der Adventszeit auf den Weg zu mehr Ruhe, Gelassenheit und der inneren Heimkehr. Stellt sich die Frage, warum wir unsere eigene Erwartung so hochstecken und uns unn\u00f6tigen Stress aussetzen. Haben wir den eigentlichen Sinn von Weihnachten \u00fcberhaupt verstanden oder sind wir l\u00e4ngst Weihnachtsblind geworden?<\/p>\n\n\n\n<p class=\"has-medium-font-size wp-block-paragraph\"><strong>Ich pers\u00f6nlich diene als abschreckendes Beispiel, Im Radio l\u00e4uft der Klassiker \u201eHave yourself a merry little Christmas\u201c und ich stolpere ruhelos durch die Adventszeit. Auf der Suche nach dem sch\u00f6nsten und besten Weihnachtsfest verliere ich die eigentliche Botschaft total aus den Augen. P\u00fcnktlich mit dem Entz\u00fcnden der ersten Kerze, beginnt die Jagd nach den besten Geschenken, dem perfekten Weihnachtsessen und dem sch\u00f6nsten Weihnachtsfest. Wir hetzen und wetzen durch die Adventszeit von einem Termin zum N\u00e4chsten und verlieren uns im Alltagsstress. Was ist Weihnachten f\u00fcr dich pers\u00f6nlich? Familie, freie Tage, Urlaubszeit, gutes Essen oder doch innehalten und zur Besinnung kommen?<\/strong><\/p>\n\n\n<div class=\"wp-block-image\">\n<figure class=\"aligncenter size-large\"><img loading=\"lazy\" decoding=\"async\" width=\"644\" height=\"436\" src=\"https:\/\/echta-derminga.de\/wp-content\/uploads\/2019\/12\/Blog-Kerch-644x436.jpg\" alt=\"\" class=\"wp-image-5139\" srcset=\"https:\/\/echta-derminga.de\/wp-content\/uploads\/2019\/12\/Blog-Kerch-644x436.jpg 644w, https:\/\/echta-derminga.de\/wp-content\/uploads\/2019\/12\/Blog-Kerch-300x203.jpg 300w, https:\/\/echta-derminga.de\/wp-content\/uploads\/2019\/12\/Blog-Kerch-768x520.jpg 768w, https:\/\/echta-derminga.de\/wp-content\/uploads\/2019\/12\/Blog-Kerch.jpg 900w\" sizes=\"auto, (max-width: 644px) 100vw, 644px\" \/><\/figure>\n<\/div>\n\n\n<p class=\"has-medium-font-size wp-block-paragraph\">Weihnachtsm\u00e4rkte, Weihnachtsd\u00fcfte, Pl\u00e4tzchenbacken, Liedersingen. Wir Christen Gedenken an Weihnachten der Geburt des Retters. Da war doch etwas? Ja stimmt, die Weihnachtsgeschichte. Wie war das nochmal mit dem kleinen Kind im Stall? Habt ihr es Vergessen oder bekommt ihr es noch hin? Das Nachlesen im Lukasevangelium kann nicht schaden. Habt ihr euch mal die Frage gestellt, wie es w\u00e4re, wenn die Bibel tats\u00e4chlich Recht h\u00e4tte ? Was w\u00e4re, wenn sich die Weihnachtsgeschichte tats\u00e4chlich genauso zugetragen h\u00e4tte ? Okay, auch Christen m\u00fcssen sich eingestehen, dass sich die Geschichte nach Lukas eher nicht so abgespielt haben kann. Die Weihnachtsgeschichte, so wie sie im Lukasevangelium steht, ist ganz offensichtlich kein Tatsachenbericht. Dazu gibt es viel zu viele Ungereimtheiten. Nur die Evangelisten Lukas und Matth\u00e4us berichten \u00fcber Jesu&#8216; Geburt. Zudem hat kein r\u00f6mischer Historiker die von Lukas erw\u00e4hnte Volksz\u00e4hlung erw\u00e4hnt. K\u00f6nig Herodes, der laut Lukas w\u00e4hrend der Geburt regiert haben soll, war bereits zehn Jahre tot, als der R\u00f6mer Quirinius sein Amt in Syrien antrat. Ja, in der Weihnachtsgeschichte passt offensichtlich so vieles nicht \u00fcberein. Dennoch beinhaltet die Weihnachtsgeschichte sehr viel Spielraum f\u00fcr eigene Interpretationen. Genau, dass macht wiederum Hoffnung. Beim Thema Weihnachtsstern ist sich die Wissenschaft nicht einig. Gab es den Stern \u00fcber Bethlehem tats\u00e4chlich ? Gut m\u00f6glich ! Das Hirten jedoch im Winter ihre Herden auf dem Feld h\u00fcteten, ist eher unwahrscheinlich. Die beiden Evangelisten Matth\u00e4us und Lukas schrieben ihre Weihnachtsgeschichte ca. 80- 90 Jahre nach Christi tot nieder. Das sind viele Jahre in denen vieles vergessen, angepasst oder ver\u00e4ndert werden musste. Am Ende ist auch die Weihnachtsgeschichte eine Glaubensangelegenheit. Die Existenz von Jesus Christus liegt nicht alleine in der Weihnachtsgeschichte zu Grunde. Was w\u00e4re jedoch, wenn die Bibel Recht h\u00e4tte. W\u00e4re dass Leben dann nicht viel sch\u00f6ner und einfacher ? Die Weihnachtsgeschichte, wie wir sie kennen sollten, beinhaltet neben ihrer Romantik auch viel Hoffnung und Zuversicht. Das sind Eigenschaften, die in unserer heutigen Zeit Zusehens verloren gehen.<\/p>\n\n\n\n<p class=\"has-medium-font-size wp-block-paragraph\"><strong>Wo Licht ist, ist auch Schatten. Die einen k\u00f6nnen vom Fest nicht genug bekommen und die anderen haben richtig Angst davor. Viele Menschen sind gerade zu Weihnachten allein oder haben im Laufe des Jahres einen geliebten Menschen verloren. Andere wiederum haben eine schlechte Diagnose erhalten und feiern Weihnachten in Angst. Wo finden wir bei soviel Leid noch Platz f\u00fcr die Weihnachtsgeschichte ? F\u00fcr die Menschen in der Ukraine, im Senegal oder in den vielen Krisengebieten dieser Welt spielt die Weihnachtsgeschichte eine untergeordnete Rolle.<\/strong> <strong>W\u00e4hrend wir Weihnachten feiern, leben Millionen Menschen weltweit im Krieg oder im Hunger. Kein Schutz, kein Zuhause, keine Nahrung und keine W\u00e4rme. Vor dem Fernseher ist das Ganze noch einigerma\u00dfen zu ertragen. Eine Spende erleichtert das Gewissen und gibt zumindest kurzzeitig ein gutes Gef\u00fchl. Dabei ist es so leicht jeden Tag etwas Gutes zu tun. Der Zauber steckt in den kleinen Dingen des Lebens. Das geht auch ohne Geldspenden oder gro\u00dfen Aufwand. Etwas weniger ich und etwas mehr wir kann Wunder bewirken. Die Chancen dazu er\u00f6ffnen sich jeden Tag aufs Neue.<\/strong><\/p>\n\n\n<div class=\"wp-block-image\">\n<figure class=\"aligncenter size-large\"><img loading=\"lazy\" decoding=\"async\" width=\"700\" height=\"944\" src=\"https:\/\/echta-derminga.de\/wp-content\/uploads\/2025\/12\/15672995_1207100999384623_1087455029309221923_n-700x944.jpg\" alt=\"\" class=\"wp-image-19381\" srcset=\"https:\/\/echta-derminga.de\/wp-content\/uploads\/2025\/12\/15672995_1207100999384623_1087455029309221923_n-700x944.jpg 700w, https:\/\/echta-derminga.de\/wp-content\/uploads\/2025\/12\/15672995_1207100999384623_1087455029309221923_n-223x300.jpg 223w, https:\/\/echta-derminga.de\/wp-content\/uploads\/2025\/12\/15672995_1207100999384623_1087455029309221923_n.jpg 712w\" sizes=\"auto, (max-width: 700px) 100vw, 700px\" \/><figcaption class=\"wp-element-caption\">Fenster Bild Evangelische Kirche Dirmingen<\/figcaption><\/figure>\n<\/div>\n\n\n<p class=\"has-medium-font-size wp-block-paragraph\">Der Zeitgeist ist ein rauer Geselle. Harte Zeiten f\u00fcr Gutmenschen, Optimisten und \u201eJa-Sager\u201c. Wir alle haben das Gef\u00fchl, dass uns der ganze Laden in K\u00fcrze um die Ohren fliegen k\u00f6nnte. Dabei liegt es alleine in unseren H\u00e4nden, dass zu verhindern. Ein gutes Wort, ein Schulterklopfen, ein Lob oder ein guter Zuspruch. Das ist wie ne&#8216; Prise Zimt im Cappuccino oder ein St\u00fcck Schokolade zum guten Rotwein. Ganz nebenbei gibt das noch ein gutes Gef\u00fchl und w\u00e4rmt das eigene Herz.<\/p>\n\n\n\n<p class=\"has-medium-font-size wp-block-paragraph\"><strong>Weihnachten ist wie Nachhause kommen. Das Fest f\u00fchrt mir immer wieder deutlich vor Augen, dass ich nicht aus meiner Haut herauskann. Blut ist dicker als Wasser. Zum Weihnachtsgef\u00fchl geh\u00f6rt das Erinnern an die eigene Kinderzeit, an alte Familientraditionen, den Streit unter dem Weihnachtsbaum und den gemeinsamen Kirchgang am heiligen Abend. Wir sind, wer wir sind und \u201eDehemm es Dehemm\u201c.<\/strong><\/p>\n\n\n\n<p class=\"has-medium-font-size wp-block-paragraph\">Keine Ahnung, wann es bei uns zum letzten Mal an Weihnachten schneite. Ich frage mich: Wo ist mein Weihnachtsgef\u00fchl geblieben. Ich h\u00f6re Weihnachtslieder bis zum Abwinken und verschlinge Tonnen von selbstgemachtem Geb\u00e4ck. Nichts zu sp\u00fcren von einem sch\u00f6nen, entspannten Weihnachtsfeeling. Vielleicht habe ich auf der Suche nach diesem unbeschreiblichen Gef\u00fchl und dem perfekten Weihnachten das Wichtigste \u00fcbersehen. Der Fehler steckt allzu oft im Detail. Keine Ahnung, ob es am fehlenden Schnee liegt, aber irgendetwas fehlt! Vielleicht liegt ein gewisser Zauber im Loslassen, Verzeihen und Vergessen.<\/p>\n\n\n<div class=\"wp-block-image\">\n<figure class=\"aligncenter size-large\"><img loading=\"lazy\" decoding=\"async\" width=\"700\" height=\"438\" src=\"https:\/\/echta-derminga.de\/wp-content\/uploads\/2025\/12\/w2100_h1313_x1294_y665_Postkarte_Dirmingen-e439c2c8433406bc-700x438.jpeg\" alt=\"\" class=\"wp-image-19385\" srcset=\"https:\/\/echta-derminga.de\/wp-content\/uploads\/2025\/12\/w2100_h1313_x1294_y665_Postkarte_Dirmingen-e439c2c8433406bc-700x438.jpeg 700w, https:\/\/echta-derminga.de\/wp-content\/uploads\/2025\/12\/w2100_h1313_x1294_y665_Postkarte_Dirmingen-e439c2c8433406bc-300x188.jpeg 300w, https:\/\/echta-derminga.de\/wp-content\/uploads\/2025\/12\/w2100_h1313_x1294_y665_Postkarte_Dirmingen-e439c2c8433406bc-768x480.jpeg 768w, https:\/\/echta-derminga.de\/wp-content\/uploads\/2025\/12\/w2100_h1313_x1294_y665_Postkarte_Dirmingen-e439c2c8433406bc-1536x960.jpeg 1536w, https:\/\/echta-derminga.de\/wp-content\/uploads\/2025\/12\/w2100_h1313_x1294_y665_Postkarte_Dirmingen-e439c2c8433406bc-2048x1280.jpeg 2048w\" sizes=\"auto, (max-width: 700px) 100vw, 700px\" \/><\/figure>\n<\/div>\n\n\n<p class=\"has-medium-font-size wp-block-paragraph\"><strong>Ich verbinde Weihnachten immer noch mit Hoffnung. M\u00f6glich, dass die Geschichte von dem kleinen Kind in der Krippe frei erfunden wurde und wir uns an ein M\u00e4rchen klammern. Was aber, wenn die Bibel recht hat und es tats\u00e4chlich Hoffnung gibt. Was aber, wenn es sich tats\u00e4chlich lohnt zu Glauben? W\u00fcrde das nicht alles ver\u00e4ndern? W\u00e4re das nicht wunderbar? Um es herauszufinden, muss man sich \u00f6ffnen und der Sache Jesu eine Chance geben. Versuch\u2019s mal, was hast du zu verlieren?<\/strong> <strong>Die Weihnachtsgeschichte nach dem Lukasevangelium beinhaltet eines meiner Lieblingsverse aus der Bibel. Im Vers 2:10 finden wir sehr viel Hoffnung und Zuversicht.<\/strong> <strong>Genau dass ist es, was unsere Welt im Moment am meisten ben\u00f6tigt.<\/strong><\/p>\n\n\n\n<blockquote class=\"wp-block-quote has-medium-font-size is-layout-flow wp-block-quote-is-layout-flow\">\n<p class=\"has-medium-font-size wp-block-paragraph\"><strong>Und der Engel sprach zu ihnen: F\u00fcrchtet euch nicht! siehe, ich verk\u00fcndige euch gro\u00dfe Freude, die allem Volk widerfahren wird; denn euch ist heute der Heiland geboren, welcher ist Christus, der HERR, in der Stadt Davids. ( Lukas 2:10) <\/strong><\/p>\n<\/blockquote>\n\n\n\n<p class=\"has-medium-font-size wp-block-paragraph\">Ich w\u00fcnsche euch allen ein gesegnetes Weihnachtsfest mit einer pers\u00f6nlichen inneren Ankunft. Ich w\u00fcnsche euch ein Weihnachtsfest mit vielen Kindheitserinnerungen, sch\u00f6nen Momenten und ganz viel Herzbeben. Nat\u00fcrlich darf dann auch etwas Entspannung und ein gutes Essen nicht fehlen. Egal, wie ihr es gerne hegt und pflegt. Macht das Beste daraus!<\/p>\n\n\n\n<p class=\"has-medium-font-size wp-block-paragraph\"><strong>Frohe Weihnachten!<\/strong><\/p>\n\n\n<div class=\"wp-block-image\">\n<figure class=\"aligncenter size-large\"><img loading=\"lazy\" decoding=\"async\" width=\"700\" height=\"467\" src=\"https:\/\/echta-derminga.de\/wp-content\/uploads\/2020\/12\/1-1-700x467.jpg\" alt=\"\" class=\"wp-image-8212\" srcset=\"https:\/\/echta-derminga.de\/wp-content\/uploads\/2020\/12\/1-1-700x467.jpg 700w, https:\/\/echta-derminga.de\/wp-content\/uploads\/2020\/12\/1-1-300x200.jpg 300w, https:\/\/echta-derminga.de\/wp-content\/uploads\/2020\/12\/1-1-768x512.jpg 768w, https:\/\/echta-derminga.de\/wp-content\/uploads\/2020\/12\/1-1.jpg 900w\" sizes=\"auto, (max-width: 700px) 100vw, 700px\" \/><\/figure>\n<\/div>","protected":false},"excerpt":{"rendered":"<p>Von wei\u00dfen Weihnachten wieder mal keine Spur. Wie soll in dieser Zeit eine Weihnachtsstimmung aufkommen? Zu Weihnachten freuen sich die Menschen auf ein paar freie entspannte Tage mit der Familie. Die christliche Botschaft nehmen wir in meisten F\u00e4llen kaum noch zur Notiz genommen. Das christliche Abendland ist auf dem besten Wege sich abzuschaffen. Daran tr\u00e4gt keine Migrationspolitik und auch keine<\/p>\n","protected":false},"author":1,"featured_media":8159,"comment_status":"open","ping_status":"closed","sticky":false,"template":"","format":"standard","meta":{"_crdt_document":"","footnotes":""},"categories":[1,9,902],"tags":[5,618,127,795,310],"class_list":["post-19375","post","type-post","status-publish","format-standard","has-post-thumbnail","hentry","category-allgemein","category-dorfgetratsche","category-meine-meinung","tag-dirmingen","tag-gemeinde-eppelborn","tag-landkreis-neunkirchen","tag-ortsvorsteher-dirmingen","tag-saarland"],"_links":{"self":[{"href":"https:\/\/echta-derminga.de\/index.php?rest_route=\/wp\/v2\/posts\/19375","targetHints":{"allow":["GET"]}}],"collection":[{"href":"https:\/\/echta-derminga.de\/index.php?rest_route=\/wp\/v2\/posts"}],"about":[{"href":"https:\/\/echta-derminga.de\/index.php?rest_route=\/wp\/v2\/types\/post"}],"author":[{"embeddable":true,"href":"https:\/\/echta-derminga.de\/index.php?rest_route=\/wp\/v2\/users\/1"}],"replies":[{"embeddable":true,"href":"https:\/\/echta-derminga.de\/index.php?rest_route=%2Fwp%2Fv2%2Fcomments&post=19375"}],"version-history":[{"count":15,"href":"https:\/\/echta-derminga.de\/index.php?rest_route=\/wp\/v2\/posts\/19375\/revisions"}],"predecessor-version":[{"id":19397,"href":"https:\/\/echta-derminga.de\/index.php?rest_route=\/wp\/v2\/posts\/19375\/revisions\/19397"}],"wp:featuredmedia":[{"embeddable":true,"href":"https:\/\/echta-derminga.de\/index.php?rest_route=\/wp\/v2\/media\/8159"}],"wp:attachment":[{"href":"https:\/\/echta-derminga.de\/index.php?rest_route=%2Fwp%2Fv2%2Fmedia&parent=19375"}],"wp:term":[{"taxonomy":"category","embeddable":true,"href":"https:\/\/echta-derminga.de\/index.php?rest_route=%2Fwp%2Fv2%2Fcategories&post=19375"},{"taxonomy":"post_tag","embeddable":true,"href":"https:\/\/echta-derminga.de\/index.php?rest_route=%2Fwp%2Fv2%2Ftags&post=19375"}],"curies":[{"name":"wp","href":"https:\/\/api.w.org\/{rel}","templated":true}]}}