{"id":19428,"date":"2026-01-03T15:27:51","date_gmt":"2026-01-03T14:27:51","guid":{"rendered":"https:\/\/echta-derminga.de\/?p=19428"},"modified":"2026-01-03T15:38:16","modified_gmt":"2026-01-03T14:38:16","slug":"lasst-uns-den-guten-ton-nicht-verlieren","status":"publish","type":"post","link":"https:\/\/echta-derminga.de\/?p=19428","title":{"rendered":"Lasst uns den \u201eguten Ton\u201c nicht verlieren!"},"content":{"rendered":"\n<p class=\"has-medium-font-size wp-block-paragraph\"><strong>2018 sagte Alice Weidel im Bundestag die ber\u00fcchtigten Worte: \u201eBurkas, Kopftuchm\u00e4dchen, alimentierte Messerm\u00e4nner und sonstige Taugenichtse.\u201c<\/strong><\/p>\n\n\n\n<p class=\"has-medium-font-size wp-block-paragraph\"><strong>2024 sagte Bundeskanzler Merz: \u201e\u201eWir haben nat\u00fcrlich immer im Stadtbild noch dieses Problem.\u201c<\/strong><\/p>\n\n\n\n<p class=\"has-medium-font-size wp-block-paragraph\"><strong>2026 fordert die CSU mit Teilen der CDU eine Abschiebeoffensive mit \u201eNotfalls gegen deren Willen\u201c und mit \u201eR\u00fcckkehr-Roadmap f\u00fcr Syrer\u201c<\/strong><\/p>\n\n\n\n<p class=\"has-medium-font-size wp-block-paragraph\"><strong>Weihnachten 2025! Aus Sicht der CSU-Bundestagsgruppe ist es an der Zeit massiv abzuschieben, wobei insbesondere Syrer und Afghanen zur\u00fcckgef\u00fchrt werden sollten.<\/strong> <strong>Ausgerechnet die Partei, die unsere christlichen Werte vertreten soll, verliert zusehends den eigenen Kompass aus den Augen. Das christliche Abendland vergisst nicht nur die eigentliche Weihnachtsbotschaft, sondern auch die eigenen Werte. Mit ihrem Umgangston sorgen gerade Politikerinnen und Politiker der Union daf\u00fcr, dass die Sprache der \u201eRechten\u201c salonf\u00e4hig gemacht wird.<\/strong><\/p>\n\n\n\n<p class=\"has-medium-font-size wp-block-paragraph\">Der politische Umgangston wird auch wegen den Aggressionen in den sozialen Medien verst\u00e4rkt. Immer mehr Menschen f\u00fchlen sich von den Politikern verraten und verkauft. Auf der Suche nach L\u00f6sungen vergreift sich so mancher Politiker im Ton. Dabei spielt auch die Angst eine gewichtige Rolle: Die Sorge um den eigenen Posten, den Wahlerfolg oder das eigene \u201eStanding\u201c r\u00fccken in den Vordergrund. Schuld daran sind wiederum Beschimpfungen, Beleidigungen und sogar k\u00f6rperliche Bedrohungen gegen\u00fcber Politikern und Amtsinhabern \u00fcber Mails, Posts oder Reels. Unsere Demokratie ger\u00e4t zusehends ins Wanken. &nbsp;<\/p>\n\n\n\n<p class=\"has-medium-font-size wp-block-paragraph\"><strong>Wenn ich mich bem\u00fche, kann ich vieles verstehen. Nat\u00fcrlich versucht man als Politiker den eigenen W\u00e4hler zu erreichen und zur\u00fcckzugewinnen. Bleibt die Frage, wie hoch der Preis daf\u00fcr sein soll??? Die B\u00fcrgerinnen und B\u00fcrger sind nat\u00fcrlich gefrustet und haben sich nicht zuletzt durch die sozialen Medien eine Meinung gebildet. Die Menschen f\u00fchlen sich nicht mehr mitgenommen und schon gar nicht mehr repr\u00e4sentiert.<\/strong> <strong>Das alleine ist die Schuld der Politik. Zulange hat die Politik sich auf ihren fragw\u00fcrdigen Lorbeeren ausgeruht. Ich verstehe, dass gerade die Migrationspolitik viele Fragezeichen aufruft. Schon unter der \u201eRot-Gr\u00fcnen-Regierung\u201c wurde verst\u00e4rkt abgeschoben. Die CDU wiederum, hat mit der Migrationspolitik Wahlkampf betrieben. Die Politik im Allgemeinen hat in den letzten Jahren daf\u00fcr gesorgt, dass sich der Fokus von einer sachlichen Debatte hin zu einer emotional aufgeladenen P\u00f6belei verschiebt.<\/strong> <strong>Die Schuld liegt im \u00dcbrigen bei allen politischen Lagern. Auch die &#8222;Linke&#8220; vergreift sich aktuell allzu oft in ihrem Ton.<\/strong> <strong>Es scheint so, als w\u00e4re ohne einen harten Umgangston \u00fcberhaupt keine Politik mehr m\u00f6glich.<\/strong><\/p>\n\n\n\n<p class=\"has-medium-font-size wp-block-paragraph\">Die Menschen wollen Antworten und kein politisches Kalk\u00fcl. Nat\u00fcrlich ist es nicht gut, wenn in unseren St\u00e4dten ein neues Kalifat, also ein islamistischer Gottesstaat ausgerufen wird. &nbsp;Auch die Forderungen nach der Abschaffung der freiheitlich-demokratischen Grundordnung sind inakzeptabel. Es kann nicht angehen, dass Menschen mit Migrationshintergrund, in unseren Gro\u00dfst\u00e4dten, ihr Demonstrationsrecht nutzen und dabei unsere Polizistinnen und Polizisten angreifen. Meistens ist es so, dass diese Menschen in ihrem Herkunftsland \u00fcberhaupt nicht demonstrieren d\u00fcrften. Das Verhalten so mancher G\u00e4ste k\u00f6nnte besser sein. Kein Wunder, wenn sich so mancher B\u00fcrger angesichts dieses Verhaltens verschaukelt f\u00fchlt. <\/p>\n\n\n\n<p class=\"has-medium-font-size wp-block-paragraph\"><strong>Die Kosten f\u00fcr die Asylbewerber sind in den letzten Jahren massiv angestiegen. Dies sorgt gerade in der Bev\u00f6lkerung f\u00fcr Unmut. Genau hier sollte man jedoch genau hinsehen und nicht \u00c4pfel mit Birnen vergleichen. Gerade die Rechts Populisten unseres Landes nutzen diesen Punkt allzu oft zum Wahlkampf. Die Menschlichkeit darf hier nicht aus den Augen verloren werden<\/strong> <strong>und letztens auf der Strecke bleiben.<\/strong> <strong>Der Missbrauch unseres Sozialsystems ist unbestritten. Die H\u00fcrden f\u00fcr eine gute und sinnvolle Migration in unser deutsches Sozialsystem m\u00fcssen auf den Pr\u00fcfstand. Dabei d\u00fcrfen wir nat\u00fcrlich nicht unsere eigenen B\u00fcrgerinnen und B\u00fcrger aus den Augen verlieren. Wir d\u00fcrfen aber auch nicht unsere Menschlichkeit aus den Augen verlieren. Wo fangen wir an und wo endet unsere Hilfe ?<\/strong> <strong>Letztendlich haben wir Europ\u00e4er eine gro\u00dfe menschliche Verantwortung.<\/strong><\/p>\n\n\n\n<p class=\"has-medium-font-size wp-block-paragraph\">Die Antwort auf unsere Migrationspolitik liegt zumindest nicht in einem rauen Umgangston oder einer rechtspopulistischen Polemik. In den Sozialen Medien wird die Politik alleine schon durch die KI in ein rechtes Licht ger\u00fcckt. Extreme Meinungen und radikalisierte Umgangst\u00f6ne sind mittlerweile Standard. Wo f\u00fchrt das alles hin? Hatten wir das alles nicht schon einmal gehabt ? Die Aggressionen im Netz \u00fcbertragen sich immer mehr auf das reale Leben. Die Anfeindungen gegen\u00fcber Politikerinnen und Politiker gehen soweit, dass Hassmails oder Falschmeldungen bis hin zur k\u00f6rperlichen Gewalt gestreut werden.<\/p>\n\n\n\n<p class=\"has-medium-font-size wp-block-paragraph\"><strong>Aus meiner Sicht muss sich die Politische Rhetorik drastisch ver\u00e4ndern. Ansonsten droht eine Gefahr f\u00fcr unsere Demokratie. Der raue Umgangston in unserer Politik und der Gesellschaft st\u00f6rt den sachlichen Diskurs. Ja, L\u00f6sungen m\u00fcssen schnell gesucht und gefunden werden. Auch, oder gerade in der Migrationspolitik. Das Ganze sollte jedoch besonnen und vern\u00fcnftig auf den Weg gebracht werden.<\/strong> <strong>Nat\u00fcrlich tragen alle Parteien eine gro\u00dfe Verantwortung.<\/strong> <strong>Jedoch erwarte ich gerade von den ehemaligen Gro\u00dfparteien und auch von denen<\/strong> <strong>mit dem &#8222;C&#8220; im Namen mehr Konzentration auf die Grundwerte unseres Landes.<\/strong><\/p>\n\n\n\n<p class=\"has-medium-font-size wp-block-paragraph\">So kann es nicht weitergehen. Neben der Belastung f\u00fcr Politikerinnen und Politiker und unsere Amtsinhaber w\u00e4chst zudem die Spaltung in unserer Gesellschaft. Wir d\u00fcrfen das nicht zulassen ! Durch den harten Umgangston entsteht eine Polarisierung zwischen den einzelnen Bev\u00f6lkerungsgruppen, den Migranten und den politischen Lagern. Das ist nicht gut und schon gar nicht zielf\u00fchrend. Jeder einzelne ist dazu aufgerufen dagegen zusteuern. Nein, dieses Land darf Asylbetr\u00fcgern und religi\u00f6sen Fanatikern keine neue Heimat bieten. Lasst uns jedoch nicht den Gleichen Fehler zweimal machen. Die Menschlichkeit darf in keinem Fall verloren gehen ! Die Jahreslosung f\u00fcr 2025 lautete:&nbsp;<mark><strong>\u201ePr\u00fcfet alles und behaltet das Gute!\u201c (1. Thessalonicher 5,21)<\/strong><\/mark><\/p>\n\n\n\n<p class=\"has-medium-font-size wp-block-paragraph\"><strong>Eine L\u00f6sung liegt in der eigenen Identit\u00e4t und unserer Identifikation. Ein intaktes, starkes \u201eWir-Gef\u00fchl\u201c und das gegenseitige Erinnern an die eigenen Grundwerte kann schon vieles bewegen und ver\u00e4ndern. Wir treten massenweise aus unseren Kirchen aus und wundern uns, wenn andere Religionen erstarken.<\/strong> <strong>Miteinander reden, Kritik \u00e4u\u00dfern und sich einbringen ist gut und angebracht. Lasst uns jedoch nicht den guten Ton und unsere gute Kinderstube vergessen. Hass spaltet und erzeugt Wut und Ungerechtigkeit. Das alles hat es in diesem Land schon einmal gegeben. Das braucht kein Mensch und schon gar nicht, kein Deutscher mehr !<\/strong><\/p>\n\n\n\n<p class=\"wp-block-paragraph\"><\/p>\n","protected":false},"excerpt":{"rendered":"<p>2018 sagte Alice Weidel im Bundestag die ber\u00fcchtigten Worte: \u201eBurkas, Kopftuchm\u00e4dchen, alimentierte Messerm\u00e4nner und sonstige Taugenichtse.\u201c 2024 sagte Bundeskanzler Merz: \u201e\u201eWir haben nat\u00fcrlich immer im Stadtbild noch dieses Problem.\u201c 2026 fordert die CSU mit Teilen der CDU eine Abschiebeoffensive mit \u201eNotfalls gegen deren Willen\u201c und mit \u201eR\u00fcckkehr-Roadmap f\u00fcr Syrer\u201c Weihnachten 2025! Aus Sicht der CSU-Bundestagsgruppe ist es an der Zeit<\/p>\n","protected":false},"author":1,"featured_media":19437,"comment_status":"open","ping_status":"closed","sticky":false,"template":"","format":"standard","meta":{"_crdt_document":"","footnotes":""},"categories":[1,9,902],"tags":[5,618,127,1211],"class_list":["post-19428","post","type-post","status-publish","format-standard","has-post-thumbnail","hentry","category-allgemein","category-dorfgetratsche","category-meine-meinung","tag-dirmingen","tag-gemeinde-eppelborn","tag-landkreis-neunkirchen","tag-meine-meinung"],"_links":{"self":[{"href":"https:\/\/echta-derminga.de\/index.php?rest_route=\/wp\/v2\/posts\/19428","targetHints":{"allow":["GET"]}}],"collection":[{"href":"https:\/\/echta-derminga.de\/index.php?rest_route=\/wp\/v2\/posts"}],"about":[{"href":"https:\/\/echta-derminga.de\/index.php?rest_route=\/wp\/v2\/types\/post"}],"author":[{"embeddable":true,"href":"https:\/\/echta-derminga.de\/index.php?rest_route=\/wp\/v2\/users\/1"}],"replies":[{"embeddable":true,"href":"https:\/\/echta-derminga.de\/index.php?rest_route=%2Fwp%2Fv2%2Fcomments&post=19428"}],"version-history":[{"count":9,"href":"https:\/\/echta-derminga.de\/index.php?rest_route=\/wp\/v2\/posts\/19428\/revisions"}],"predecessor-version":[{"id":19440,"href":"https:\/\/echta-derminga.de\/index.php?rest_route=\/wp\/v2\/posts\/19428\/revisions\/19440"}],"wp:featuredmedia":[{"embeddable":true,"href":"https:\/\/echta-derminga.de\/index.php?rest_route=\/wp\/v2\/media\/19437"}],"wp:attachment":[{"href":"https:\/\/echta-derminga.de\/index.php?rest_route=%2Fwp%2Fv2%2Fmedia&parent=19428"}],"wp:term":[{"taxonomy":"category","embeddable":true,"href":"https:\/\/echta-derminga.de\/index.php?rest_route=%2Fwp%2Fv2%2Fcategories&post=19428"},{"taxonomy":"post_tag","embeddable":true,"href":"https:\/\/echta-derminga.de\/index.php?rest_route=%2Fwp%2Fv2%2Ftags&post=19428"}],"curies":[{"name":"wp","href":"https:\/\/api.w.org\/{rel}","templated":true}]}}