{"id":19450,"date":"2026-01-10T14:21:27","date_gmt":"2026-01-10T13:21:27","guid":{"rendered":"https:\/\/echta-derminga.de\/?p=19450"},"modified":"2026-01-10T14:21:27","modified_gmt":"2026-01-10T13:21:27","slug":"wer-hott-et-recht-se-kehre","status":"publish","type":"post","link":"https:\/\/echta-derminga.de\/?p=19450","title":{"rendered":"Wer hott et \u201eRecht se Kehre\u201c?"},"content":{"rendered":"\n<p class=\"has-medium-font-size wp-block-paragraph\"><strong>Im Jahre 1839 wurde in Dirmingen das sogenannte \u201eRecht des Kehrens\u201c versteigert. In alten Unterlagen des damaligen Kreises Ottweiler wurden Niederschriften gefunden, in denen sich Einwohner um das &#8222;Recht des Stra\u00dfenkehrens\u201c beworben hatten. Am 01.Juni 1839 hatte der damalige Beigeordnete von Dirmingen, Schneider, im Auftrag des B\u00fcrgermeisters Peter Thetard das \u201eRecht zum Kehren\u201c vor dem evangelischen Pfarrhaus versteigert. <\/strong><\/p>\n\n\n\n<p class=\"has-medium-font-size wp-block-paragraph\">Der B\u00fcrgermeister Peter Thetard verwaltete damals in Personalunion die beiden B\u00fcrgermeistereien Dirmingen und Eppelborn. Das \u201eRecht des Kehrens\u201c wurde unter festgeschriebenen Konditionen versteigert. In den vorhandenen Akten wurde festgeschrieben, dass das \u201eRecht des Kehrens\u201c auf ein Jahr dem Meistbietenden zugesprochen wurde. Der P\u00e4chter muss jede Woche wenigstens zweimal kehren und den D\u00fcnger beseitigen. Der Pachtpreis musste an den Gemeindeeinnehmer in Illingen gezahlt werden. Weiterhin wurde festgelegt, dass jede entstehende Streitigkeit auf dem administrativen Wege entschieden werden sollte. Die finale Entscheidung jedoch, hatte die k\u00f6nigliche hochl\u00f6bliche Regierung in Trier zu treffen. <\/p>\n\n\n\n<p class=\"has-medium-font-size wp-block-paragraph\"><strong>Der sogenannte Steigerer hatte auf gerichtlichen Rekours zu verzichten. Der Bergmann Jacob Guth\u00f6rl, Ackersmann zu Dirmingen, ersteigerte sich als erstes das Recht zu der Preise von 21 Silbergroschen. Jacob Guth\u00f6rl konnte sich die Rechte des Kehrens rund um den Brunnen beim Pfarrhaus insgesamt drei Jahre lang leisten. Anschlie\u00dfend wurden weitere Stra\u00dfenteile an den H\u00f6chstbietenden versteigert. Der Pachtpreis musste stets zu Martini (Oktober) bezahlt werden. In der Regel bezahlten die P\u00e4chter 17 Silbergroschen und sechs Pfennige f\u00fcr eine Parzelle. Die Stra\u00dfen mussten mehrmals die Woche gekehrt werden, so dass die Kommunikation nicht gest\u00f6rt werden kann. In aller Regel waren es die Bauern, die gerne f\u00fcr das Kehrrecht bezahlten. <\/strong><\/p>\n\n\n\n<p class=\"has-medium-font-size wp-block-paragraph\">In Dirmingen durften Katholiken eine Zeitlang dieses Kehrrecht nicht ersteigern. Warum die Bauern damals gerne f\u00fcr die Arbeit bezahlten und das Recht des Stra\u00dfenkehrens erwarben ist nicht deutlich \u00fcberliefert. Es mag wohl an dem Eigensinn des damaligen B\u00fcrgertums gelegen haben. Wom\u00f6glich sollte mit dem Kehrrecht auch der pers\u00f6nliche Stellenwert im Dorf erh\u00f6ht werden. Auch das damalige Verh\u00e4ltnis zur Kirche spielt eine gewichtige Rolle. F\u00fcr die Menschen war es damals eine Selbstverst\u00e4ndlichkeit die eigene Kirche mit Hab und Gut zu unterst\u00fctzen. <\/p>\n\n\n\n<p class=\"has-medium-font-size wp-block-paragraph\"><strong>Aus den vorhandenen Dorfchronik geht hervor, dass nach Taufen oder Hochzeiten freiwillige Zuwendungen an die Kirche geleistet wurden. Neben finanziellen Zusch\u00fcssen wurden gerne Sach- oder Materialspenden \u00fcberwiesen. Heute ist es kaum vorstellbar, dass Menschen daf\u00fcr bezahlen, um in einer Kommune die Stra\u00dfe zu fegen. Im Anbetracht dessen, dass die Menschen damals nicht besonders wohlhabend waren, ist die H\u00f6he der Pacht beachtlich. Im Laufe der Jahre hat sich die Einstellung zur Kommune und zur Kirche ver\u00e4ndert. Die heutige Gemeinde Eppelborn w\u00fcrde sich bestimmt \u00fcber die Wiedereinf\u00fchrung des Kehrrechts freuen.<\/strong><\/p>\n","protected":false},"excerpt":{"rendered":"<p>Im Jahre 1839 wurde in Dirmingen das sogenannte \u201eRecht des Kehrens\u201c versteigert. In alten Unterlagen des damaligen Kreises Ottweiler wurden Niederschriften gefunden, in denen sich Einwohner um das &#8222;Recht des Stra\u00dfenkehrens\u201c beworben hatten. Am 01.Juni 1839 hatte der damalige Beigeordnete von Dirmingen, Schneider, im Auftrag des B\u00fcrgermeisters Peter Thetard das \u201eRecht zum Kehren\u201c vor dem evangelischen Pfarrhaus versteigert. Der B\u00fcrgermeister<\/p>\n","protected":false},"author":1,"featured_media":18816,"comment_status":"open","ping_status":"closed","sticky":false,"template":"","format":"standard","meta":{"_crdt_document":"","footnotes":""},"categories":[1,9,8],"tags":[673,5,618,1212,127,310],"class_list":["post-19450","post","type-post","status-publish","format-standard","has-post-thumbnail","hentry","category-allgemein","category-dorfgetratsche","category-sellemols-und-awweile","tag-buergermeisterei-dirmingen","tag-dirmingen","tag-gemeinde-eppelborn","tag-kehrrecht","tag-landkreis-neunkirchen","tag-saarland"],"_links":{"self":[{"href":"https:\/\/echta-derminga.de\/index.php?rest_route=\/wp\/v2\/posts\/19450","targetHints":{"allow":["GET"]}}],"collection":[{"href":"https:\/\/echta-derminga.de\/index.php?rest_route=\/wp\/v2\/posts"}],"about":[{"href":"https:\/\/echta-derminga.de\/index.php?rest_route=\/wp\/v2\/types\/post"}],"author":[{"embeddable":true,"href":"https:\/\/echta-derminga.de\/index.php?rest_route=\/wp\/v2\/users\/1"}],"replies":[{"embeddable":true,"href":"https:\/\/echta-derminga.de\/index.php?rest_route=%2Fwp%2Fv2%2Fcomments&post=19450"}],"version-history":[{"count":1,"href":"https:\/\/echta-derminga.de\/index.php?rest_route=\/wp\/v2\/posts\/19450\/revisions"}],"predecessor-version":[{"id":19451,"href":"https:\/\/echta-derminga.de\/index.php?rest_route=\/wp\/v2\/posts\/19450\/revisions\/19451"}],"wp:featuredmedia":[{"embeddable":true,"href":"https:\/\/echta-derminga.de\/index.php?rest_route=\/wp\/v2\/media\/18816"}],"wp:attachment":[{"href":"https:\/\/echta-derminga.de\/index.php?rest_route=%2Fwp%2Fv2%2Fmedia&parent=19450"}],"wp:term":[{"taxonomy":"category","embeddable":true,"href":"https:\/\/echta-derminga.de\/index.php?rest_route=%2Fwp%2Fv2%2Fcategories&post=19450"},{"taxonomy":"post_tag","embeddable":true,"href":"https:\/\/echta-derminga.de\/index.php?rest_route=%2Fwp%2Fv2%2Ftags&post=19450"}],"curies":[{"name":"wp","href":"https:\/\/api.w.org\/{rel}","templated":true}]}}