{"id":19458,"date":"2026-01-26T10:41:11","date_gmt":"2026-01-26T09:41:11","guid":{"rendered":"https:\/\/echta-derminga.de\/?p=19458"},"modified":"2026-01-26T10:59:35","modified_gmt":"2026-01-26T09:59:35","slug":"in-sachen-ortsvorsteher-von-einem-eisigen-jahreswechsel-und-ermutigenden-neujahrsempfaengen","status":"publish","type":"post","link":"https:\/\/echta-derminga.de\/?p=19458","title":{"rendered":"In Sachen Ortsvorsteher: Von einem eisigen Jahreswechsel, ermutigenden Neujahrsempf\u00e4ngen und der n\u00e4rrischen f\u00fcnften Jahreszeit"},"content":{"rendered":"\n<p class=\"has-medium-font-size wp-block-paragraph\">Liebe Mitb\u00fcrgerinnen, liebe Mitb\u00fcrger,<\/p>\n\n\n\n<p class=\"has-medium-font-size wp-block-paragraph\">ich hoffe Sie sind gut in das neue Jahr 2024 gekommen ?1? Zum Jahreswechsel hatte \u201eLady Winter\u201c unseren Heimatort fest im Griff. Mit der Veranstaltung \u201eLetschd Schicht am Kl\u00e4se Keller\u201c wurde ein v\u00f6llig neues Angebot ins Leben gerufen. Das zeigt, dass die Menschen in unserem Dorf immer wieder neue Wege finden, um unsere Dorfgemeinschaft aufzuwerten. Irgendwie scheint alles ganz schnell zu gehen: Kaum sind die Weihnachtsb\u00e4ume entsorgt, bewegen wir uns mit Riesenschritten in Richtung Fastnacht. Im Januar fanden in unserer Region diverse Neujahrsempf\u00e4nge statt. Diese Veranstaltungen boten die M\u00f6glichkeit zum Gedankenaustausch und Pl\u00e4ne schmieden. Das neue Jahr bringt die altbekannten Probleme mit sich und ermahnt uns alle zum Umdenken. Vandalismus, Umweltverschmutzung und mutwillige Zerst\u00f6rung fremden Eigentums fanden auch zum Jahreswechsel statt. <\/p>\n\n\n\n<p class=\"has-medium-font-size wp-block-paragraph\"><strong>&#8222;Letschd Schicht&#8220; in Dirmingen<\/strong><\/p>\n\n\n\n<p class=\"has-medium-font-size wp-block-paragraph\">Mit der Veranstaltung &#8222;Letzschd Schicht am Kl\u00e4se Keller&#8220; wurde ein v\u00f6llig neues Event ins Leben gerufen. Dabei haben die Verantwortlichen erneut ihren Einfallsreichtum bewiesen. Die Veranstaltung wurde ausgesprochen gut angenommen. Aus meiner Sicht bietet uns der &#8222;Kl\u00e4se Keller&#8220; durchaus die M\u00f6glichkeit neue Veranstaltungsformen ins Leben zu rufen. Die &#8222;Letschd Schicht&#8220; 2025 hat Spa\u00df und Lust auf mehr gemacht.<\/p>\n\n\n\n<div class=\"wp-block-columns is-layout-flex wp-container-core-columns-is-layout-8f761849 wp-block-columns-is-layout-flex\">\n<div class=\"wp-block-column is-layout-flow wp-block-column-is-layout-flow\">\n<figure class=\"wp-block-image size-large\"><img loading=\"lazy\" decoding=\"async\" width=\"700\" height=\"525\" src=\"https:\/\/echta-derminga.de\/wp-content\/uploads\/2026\/01\/20251230_182355-700x525.jpg\" alt=\"\" class=\"wp-image-19460\" srcset=\"https:\/\/echta-derminga.de\/wp-content\/uploads\/2026\/01\/20251230_182355-700x525.jpg 700w, https:\/\/echta-derminga.de\/wp-content\/uploads\/2026\/01\/20251230_182355-300x225.jpg 300w, https:\/\/echta-derminga.de\/wp-content\/uploads\/2026\/01\/20251230_182355-768x576.jpg 768w, https:\/\/echta-derminga.de\/wp-content\/uploads\/2026\/01\/20251230_182355-1536x1152.jpg 1536w, https:\/\/echta-derminga.de\/wp-content\/uploads\/2026\/01\/20251230_182355-2048x1536.jpg 2048w\" sizes=\"auto, (max-width: 700px) 100vw, 700px\" \/><\/figure>\n<\/div>\n\n\n\n<div class=\"wp-block-column is-layout-flow wp-block-column-is-layout-flow\">\n<figure class=\"wp-block-image size-large\"><img loading=\"lazy\" decoding=\"async\" width=\"700\" height=\"525\" src=\"https:\/\/echta-derminga.de\/wp-content\/uploads\/2026\/01\/20251230_185226-700x525.jpg\" alt=\"\" class=\"wp-image-19459\" srcset=\"https:\/\/echta-derminga.de\/wp-content\/uploads\/2026\/01\/20251230_185226-700x525.jpg 700w, https:\/\/echta-derminga.de\/wp-content\/uploads\/2026\/01\/20251230_185226-300x225.jpg 300w, https:\/\/echta-derminga.de\/wp-content\/uploads\/2026\/01\/20251230_185226-768x576.jpg 768w, https:\/\/echta-derminga.de\/wp-content\/uploads\/2026\/01\/20251230_185226-1536x1152.jpg 1536w, https:\/\/echta-derminga.de\/wp-content\/uploads\/2026\/01\/20251230_185226-2048x1536.jpg 2048w\" sizes=\"auto, (max-width: 700px) 100vw, 700px\" \/><\/figure>\n<\/div>\n<\/div>\n\n\n\n<p class=\"has-medium-font-size wp-block-paragraph\"><strong>Neujahrsempfang der Gemeinde Eppelborn<\/strong><\/p>\n\n\n\n<p class=\"has-medium-font-size wp-block-paragraph\">B\u00fcrgermeister Dr. Feld und seine Verwaltung hatten auch im Januar 2026 zum traditionellen Neujahrsempfang im &#8222;Big Eppel&#8220; eingeladen. Der Empfang bot erneut die M\u00f6glichkeit Kontakte zu kn\u00fcpfen und zielf\u00fchrende Gespr\u00e4che zu f\u00fchren. Im Rahmen der Veranstaltung wurde der ehemalige Ministerpr\u00e4sident des Saarlandes Peter M\u00fcller zum Ehrenb\u00fcrger ausgezeichnet. Der Gemeinderat hatte in seiner Sitzung den notwendigen Beschluss gefasst. Genauso wie in Eppelborn fanden in der ganzen Region diverse Neujahrsempf\u00e4nge statt. Ich pers\u00f6nlich durfte am Neujahrsempfang der Ministerpr\u00e4sidentin in der Saarlandhalle teilnehmen. Tausende Menschen folgten der Ansprache in der Ministerpr\u00e4sidentin Anke Rehlinger und genossen einen ereignisreichen Abend. <\/p>\n\n\n\n<div class=\"wp-block-columns is-layout-flex wp-container-core-columns-is-layout-8f761849 wp-block-columns-is-layout-flex\">\n<div class=\"wp-block-column is-layout-flow wp-block-column-is-layout-flow\">\n<figure class=\"wp-block-image size-large\"><img loading=\"lazy\" decoding=\"async\" width=\"700\" height=\"712\" src=\"https:\/\/echta-derminga.de\/wp-content\/uploads\/2026\/01\/20260110_210857-700x712.jpg\" alt=\"\" class=\"wp-image-19461\" srcset=\"https:\/\/echta-derminga.de\/wp-content\/uploads\/2026\/01\/20260110_210857-700x712.jpg 700w, https:\/\/echta-derminga.de\/wp-content\/uploads\/2026\/01\/20260110_210857-295x300.jpg 295w, https:\/\/echta-derminga.de\/wp-content\/uploads\/2026\/01\/20260110_210857-768x781.jpg 768w, https:\/\/echta-derminga.de\/wp-content\/uploads\/2026\/01\/20260110_210857-1510x1536.jpg 1510w, https:\/\/echta-derminga.de\/wp-content\/uploads\/2026\/01\/20260110_210857-2014x2048.jpg 2014w, https:\/\/echta-derminga.de\/wp-content\/uploads\/2026\/01\/20260110_210857-75x75.jpg 75w\" sizes=\"auto, (max-width: 700px) 100vw, 700px\" \/><\/figure>\n<\/div>\n\n\n\n<div class=\"wp-block-column is-layout-flow wp-block-column-is-layout-flow\">\n<figure class=\"wp-block-image size-large\"><img loading=\"lazy\" decoding=\"async\" width=\"700\" height=\"688\" src=\"https:\/\/echta-derminga.de\/wp-content\/uploads\/2026\/01\/FB_IMG_1768422151478-700x688.jpg\" alt=\"\" class=\"wp-image-19462\" srcset=\"https:\/\/echta-derminga.de\/wp-content\/uploads\/2026\/01\/FB_IMG_1768422151478-700x688.jpg 700w, https:\/\/echta-derminga.de\/wp-content\/uploads\/2026\/01\/FB_IMG_1768422151478-300x295.jpg 300w, https:\/\/echta-derminga.de\/wp-content\/uploads\/2026\/01\/FB_IMG_1768422151478-768x755.jpg 768w, https:\/\/echta-derminga.de\/wp-content\/uploads\/2026\/01\/FB_IMG_1768422151478-75x75.jpg 75w, https:\/\/echta-derminga.de\/wp-content\/uploads\/2026\/01\/FB_IMG_1768422151478.jpg 1390w\" sizes=\"auto, (max-width: 700px) 100vw, 700px\" \/><\/figure>\n<\/div>\n<\/div>\n\n\n<div class=\"wp-block-image\">\n<figure class=\"aligncenter size-large\"><img loading=\"lazy\" decoding=\"async\" width=\"700\" height=\"525\" src=\"https:\/\/echta-derminga.de\/wp-content\/uploads\/2026\/01\/IMG-20260110-WA0016-700x525.jpg\" alt=\"\" class=\"wp-image-19468\" srcset=\"https:\/\/echta-derminga.de\/wp-content\/uploads\/2026\/01\/IMG-20260110-WA0016-700x525.jpg 700w, https:\/\/echta-derminga.de\/wp-content\/uploads\/2026\/01\/IMG-20260110-WA0016-300x225.jpg 300w, https:\/\/echta-derminga.de\/wp-content\/uploads\/2026\/01\/IMG-20260110-WA0016-768x576.jpg 768w, https:\/\/echta-derminga.de\/wp-content\/uploads\/2026\/01\/IMG-20260110-WA0016-1536x1152.jpg 1536w, https:\/\/echta-derminga.de\/wp-content\/uploads\/2026\/01\/IMG-20260110-WA0016.jpg 2048w\" sizes=\"auto, (max-width: 700px) 100vw, 700px\" \/><\/figure>\n<\/div>\n\n\n<h3 class=\"wp-block-heading has-medium-font-size\">Narrenempfang im \u201eBig Eppel\u201c<\/h3>\n\n\n\n<p class=\"has-medium-font-size wp-block-paragraph\">Am Donnerstag, 15. Januar fand im Kossmann Forum des \u201eBig Eppel\u201c der diesj\u00e4hrige Narrenempfang des B\u00fcrgermeisters und seiner Verwaltung statt. Neben den Karnevalsvereinen aus der Gemeinde Eppelborn beteiligte sich auch unser KKV Dirmingen an dieser Auftaktveranstaltung. Der B\u00fcrgermeister Andreas Feld verwies in seiner n\u00e4rrischen Ansprache auf die Veranstaltung &#8222;Sturm auf den Big Eppel&#8220;. Der KKV Dirmingen scheint f\u00fcr die neue Session besten ger\u00fcstet zu sein. Wir freuen uns auf eine ereignisreiche f\u00fcnfte Jahreszeit. Hoppla Hopp !<\/p>\n\n\n<div class=\"wp-block-image\">\n<figure class=\"aligncenter size-large\"><img loading=\"lazy\" decoding=\"async\" width=\"700\" height=\"618\" src=\"https:\/\/echta-derminga.de\/wp-content\/uploads\/2026\/01\/FB_IMG_1768544240813-700x618.jpg\" alt=\"\" class=\"wp-image-19463\" srcset=\"https:\/\/echta-derminga.de\/wp-content\/uploads\/2026\/01\/FB_IMG_1768544240813-700x618.jpg 700w, https:\/\/echta-derminga.de\/wp-content\/uploads\/2026\/01\/FB_IMG_1768544240813-300x265.jpg 300w, https:\/\/echta-derminga.de\/wp-content\/uploads\/2026\/01\/FB_IMG_1768544240813-768x678.jpg 768w, https:\/\/echta-derminga.de\/wp-content\/uploads\/2026\/01\/FB_IMG_1768544240813.jpg 1200w\" sizes=\"auto, (max-width: 700px) 100vw, 700px\" \/><\/figure>\n<\/div>\n\n\n<p class=\"has-medium-font-size wp-block-paragraph\"><strong>Sternsingeraktion 2026<\/strong><\/p>\n\n\n\n<p class=\"has-medium-font-size wp-block-paragraph\">Der Kampf gegen Kinderarbeit stand im Fokus der diesj\u00e4hrigen Sternsingeraktion. &#8222;Schule statt Fabrik &#8211; Sternsingen gegen Kinderarbeit&#8220; lautete das Motto der Aktion Dreik\u00f6nigssingen 2026. Bei der Sternsingeraktion gehen Kinder j\u00e4hrlich im Januar von T\u00fcr zu T\u00fcr und bitten um Spenden f\u00fcr Gleichaltrige in aller Welt. Auf Wunsch verteilen die Sternsinger einen Aufkleber mit dem traditionellen Segenswunsch \u201eChristus mansionem benedicat (Christus segne dieses Haus). Im Januar fand die Sternsinger Aussendung der neuen Pfarrei \u201eHeilig Geist Eppelborn\u201c statt. In diesem Jahr beteiligten sich rund 70 Kinder aus der Pfarrei \u201eHeilig Geist Eppelborn\u201c an der diesj\u00e4hrigen Sternsinger Aktion. Kinder sammeln Spenden f\u00fcr Kinder in der Not. Eine wunderbare Aktion, die auch in Dirmingen, seit vielen praktiziert wird. Nebenbei dient die j\u00e4hrliche Sternsingeraktion auch der \u00d6kumene. Am vergangenen Sonntag besuchten die Sternsinger aus Dirmingen den Gottesdienst in der evangelischen Kirche Dirmingen. In Dirmingen waren in diesem Jahr 7 Sternsinger f\u00fcr die gute Sache unterwegs. Vielen Dank an alle Sternsinger, an die Eltern sowie an alle ehrenamtlichen Helferinnen und Helfer in der katholischen Pfarrei Heilig Geist Eppelborn.<\/p>\n\n\n<div class=\"wp-block-image\">\n<figure class=\"aligncenter size-large\"><img loading=\"lazy\" decoding=\"async\" width=\"700\" height=\"1345\" src=\"https:\/\/echta-derminga.de\/wp-content\/uploads\/2026\/01\/FB_IMG_1767698941220-700x1345.jpg\" alt=\"\" class=\"wp-image-19466\" srcset=\"https:\/\/echta-derminga.de\/wp-content\/uploads\/2026\/01\/FB_IMG_1767698941220-700x1345.jpg 700w, https:\/\/echta-derminga.de\/wp-content\/uploads\/2026\/01\/FB_IMG_1767698941220-156x300.jpg 156w, https:\/\/echta-derminga.de\/wp-content\/uploads\/2026\/01\/FB_IMG_1767698941220-768x1475.jpg 768w, https:\/\/echta-derminga.de\/wp-content\/uploads\/2026\/01\/FB_IMG_1767698941220-800x1536.jpg 800w, https:\/\/echta-derminga.de\/wp-content\/uploads\/2026\/01\/FB_IMG_1767698941220.jpg 1066w\" sizes=\"auto, (max-width: 700px) 100vw, 700px\" \/><\/figure>\n<\/div>\n\n\n<h3 class=\"wp-block-heading has-medium-font-size\">Jahreshauptversammlung des L\u00f6schbezirk Dirmingen im Feuerwehrger\u00e4tehaus<\/h3>\n\n\n\n<p class=\"has-medium-font-size wp-block-paragraph\">Gemeinsam mit dem Beigeordneten Sebastian Michel und dem Wehrf\u00fchrer Andreas Gro\u00df sowie Simon Ziegler von der Verwaltung durfte ich am Sonntag, 18. Januar der Jahreshauptversammlung unseres L\u00f6schbezirks Dirmingen beiwohnen. Der L\u00f6schbezirksf\u00fchrer Heino Molter konnte einen positiven Jahresbericht abgeben. Mit Stefanie Kuhn und Pascal Engeldinger wurden zwei verdiente Mitglieder von der Kreisfeuerwehr ausgezeichnet. Max Wagner, Adrian Wern und Sascha Br\u00fcck wurden bef\u00f6rdert. Rainer Wagner und Reiner Weber wurden f\u00fcr ihre 45-j\u00e4hrige Mitgliedschaft in der Dirminger Feuerwehr ausgezeichnet. In meinem Gru\u00dfwort durfte ich den Feuerwehrfrauen und Feuerwehrm\u00e4nnern unseres L\u00f6schbezirks meinen Dank aussprechen. Der L\u00f6schbezirk Dirmingen leistet einen wertvollen Beitrag zur Sicherheit unserer Dorfgemeinschaft. Auch in kultureller Hinsicht spielt die Dirminger Feuerwehr eine gro\u00dfe Rolle f\u00fcr unseren Heimatort. Vielen Dank f\u00fcr das gelebte Ehrenamt und die gro\u00dfe Leistungsbereitschaft. Vielen Dank auch f\u00fcr die wertvolle Jugendarbeit, die im Sinne der guten Sache mit viel Herzblut durchgef\u00fchrt wird. Im Juni findet wieder das Dirminger Feuerwehr am Ger\u00e4tehaus statt.<\/p>\n\n\n\n<div class=\"wp-block-columns is-layout-flex wp-container-core-columns-is-layout-8f761849 wp-block-columns-is-layout-flex\">\n<div class=\"wp-block-column is-layout-flow wp-block-column-is-layout-flow\">\n<figure class=\"wp-block-image size-large\"><img loading=\"lazy\" decoding=\"async\" width=\"700\" height=\"525\" src=\"https:\/\/echta-derminga.de\/wp-content\/uploads\/2026\/01\/IMG-20260118-WA0021-700x525.jpg\" alt=\"\" class=\"wp-image-19469\" srcset=\"https:\/\/echta-derminga.de\/wp-content\/uploads\/2026\/01\/IMG-20260118-WA0021-700x525.jpg 700w, https:\/\/echta-derminga.de\/wp-content\/uploads\/2026\/01\/IMG-20260118-WA0021-300x225.jpg 300w, https:\/\/echta-derminga.de\/wp-content\/uploads\/2026\/01\/IMG-20260118-WA0021-768x576.jpg 768w, https:\/\/echta-derminga.de\/wp-content\/uploads\/2026\/01\/IMG-20260118-WA0021-1536x1152.jpg 1536w, https:\/\/echta-derminga.de\/wp-content\/uploads\/2026\/01\/IMG-20260118-WA0021-2048x1536.jpg 2048w\" sizes=\"auto, (max-width: 700px) 100vw, 700px\" \/><\/figure>\n<\/div>\n\n\n\n<div class=\"wp-block-column is-layout-flow wp-block-column-is-layout-flow\">\n<figure class=\"wp-block-image size-large\"><img loading=\"lazy\" decoding=\"async\" width=\"700\" height=\"525\" src=\"https:\/\/echta-derminga.de\/wp-content\/uploads\/2026\/01\/IMG-20260118-WA0022-700x525.jpg\" alt=\"\" class=\"wp-image-19470\" srcset=\"https:\/\/echta-derminga.de\/wp-content\/uploads\/2026\/01\/IMG-20260118-WA0022-700x525.jpg 700w, https:\/\/echta-derminga.de\/wp-content\/uploads\/2026\/01\/IMG-20260118-WA0022-300x225.jpg 300w, https:\/\/echta-derminga.de\/wp-content\/uploads\/2026\/01\/IMG-20260118-WA0022-768x576.jpg 768w, https:\/\/echta-derminga.de\/wp-content\/uploads\/2026\/01\/IMG-20260118-WA0022-1536x1152.jpg 1536w, https:\/\/echta-derminga.de\/wp-content\/uploads\/2026\/01\/IMG-20260118-WA0022-2048x1536.jpg 2048w\" sizes=\"auto, (max-width: 700px) 100vw, 700px\" \/><\/figure>\n<\/div>\n<\/div>\n\n\n<div class=\"wp-block-image\">\n<figure class=\"aligncenter size-large\"><img loading=\"lazy\" decoding=\"async\" width=\"700\" height=\"545\" src=\"https:\/\/echta-derminga.de\/wp-content\/uploads\/2026\/01\/IMG-20260118-WA0016-700x545.jpg\" alt=\"\" class=\"wp-image-19471\" srcset=\"https:\/\/echta-derminga.de\/wp-content\/uploads\/2026\/01\/IMG-20260118-WA0016-700x545.jpg 700w, https:\/\/echta-derminga.de\/wp-content\/uploads\/2026\/01\/IMG-20260118-WA0016-300x234.jpg 300w, https:\/\/echta-derminga.de\/wp-content\/uploads\/2026\/01\/IMG-20260118-WA0016-768x598.jpg 768w, https:\/\/echta-derminga.de\/wp-content\/uploads\/2026\/01\/IMG-20260118-WA0016-1536x1196.jpg 1536w, https:\/\/echta-derminga.de\/wp-content\/uploads\/2026\/01\/IMG-20260118-WA0016-2048x1594.jpg 2048w\" sizes=\"auto, (max-width: 700px) 100vw, 700px\" \/><\/figure>\n<\/div>\n\n\n<p class=\"has-medium-font-size wp-block-paragraph\"><strong>KKV Dirmingen startet in die Session !<\/strong><\/p>\n\n\n\n<p class=\"has-medium-font-size wp-block-paragraph\">Am vergangenen Wochenende begann beim KKV Dirmingen die Vorverkaufsphase. Die Kappensitzungen unserer \u201eFaasebooze\u201c finden am 31. Januar und am 07.02.2026 in der Hirschberghalle in Bubach\/Calmesweiler statt. Restkarten sind im Gasthausd Bohlen in Bubach\/Calmesweiler erh\u00e4ltlich. Am Freitag, 06. Februar findet ab 16:11 Uhr die diesj\u00e4hrige Kinderfasend-Party in der Hirschberghalle statt. Herzliche Einladung an alle \u201eDerminga Faasebooze\u201c. Die hei\u00dfe Aufbauphase in der Hirschberghalle in Bubach\/Calmesweiler l\u00e4uft auf Hochtouren. Wir freuen uns auf eine tolle n\u00e4rrische Session 2026. Hoppla Hopp<\/p>\n\n\n<div class=\"wp-block-image\">\n<figure class=\"aligncenter size-large\"><img loading=\"lazy\" decoding=\"async\" width=\"700\" height=\"525\" src=\"https:\/\/echta-derminga.de\/wp-content\/uploads\/2026\/01\/20260125_141735-700x525.jpg\" alt=\"\" class=\"wp-image-19487\" srcset=\"https:\/\/echta-derminga.de\/wp-content\/uploads\/2026\/01\/20260125_141735-700x525.jpg 700w, https:\/\/echta-derminga.de\/wp-content\/uploads\/2026\/01\/20260125_141735-300x225.jpg 300w, https:\/\/echta-derminga.de\/wp-content\/uploads\/2026\/01\/20260125_141735-768x576.jpg 768w, https:\/\/echta-derminga.de\/wp-content\/uploads\/2026\/01\/20260125_141735-1536x1152.jpg 1536w, https:\/\/echta-derminga.de\/wp-content\/uploads\/2026\/01\/20260125_141735-2048x1536.jpg 2048w\" sizes=\"auto, (max-width: 700px) 100vw, 700px\" \/><\/figure>\n<\/div>\n\n\n<h3 class=\"wp-block-heading\">Dirminger Neujahrsempfang f\u00fcr das Ehrenamt, Vereine und Gewerbe<\/h3>\n\n\n\n<p class=\"has-medium-font-size wp-block-paragraph\">Dirminger Neujahrsempfang f\u00fcr Ehrenamtler, Vereine und Gewerbe im Reservistenheim des RK Illtal. Roter Teppich f\u00fcr die Menschen die unser Ehrenamt leben. Gute Gespr\u00e4che, Ehrungen und nachdenkliche Reden von Ortsvorsteher Frank Klein, B\u00fcrgermeister Dr.Andreas Feld und dem Vorsitzenden des RK Illtal Peter Schuhmacher. Vielen Dank f\u00fcr das Ehrenamt und unser Gewerbe. Gemeinsam werden wir unsere Dorfgemeinschaft am Laufen halten. Vielen Dank auch an die Reservistenkameradschaft f\u00fcr die Gastfreundschaft und an alle Helferinnen und Helfer im Hintergrund. Vielen Dank an Hans-Werner Guth\u00f6rl , Christa K\u00f6hl, Anni Senzig, Susanne Pesch ind Chris Petry, meinen Stellvertreter Michael Polotzek und ein besonderer Dank an Dominik Krabbe und Bjorn Krabbe. Ein pers\u00f6nlicher Dank wurde an Erwin Gerstner. Harald Gerstner und Reimund Klein ausgesprochen. Besonders gefreut haben wir uns \u00fcber den Besuch von Pastor Achim Thieser von der Pfarrei Heilig Geist Eppelborn und Pfarrerin Heike Schmidt von der evangelischen Kirchengemeinde St.Wendel-Illtal. Danke f\u00fcr das gro\u00dfartige Engagement f\u00fcr unseren Heimatort Dirmingen.&nbsp;<\/p>\n\n\n\n<div class=\"wp-block-columns is-layout-flex wp-container-core-columns-is-layout-8f761849 wp-block-columns-is-layout-flex\">\n<div class=\"wp-block-column is-layout-flow wp-block-column-is-layout-flow\">\n<figure class=\"wp-block-image size-large\"><img loading=\"lazy\" decoding=\"async\" width=\"700\" height=\"525\" src=\"https:\/\/echta-derminga.de\/wp-content\/uploads\/2026\/01\/20260124_163758-700x525.jpg\" alt=\"\" class=\"wp-image-19489\" srcset=\"https:\/\/echta-derminga.de\/wp-content\/uploads\/2026\/01\/20260124_163758-700x525.jpg 700w, https:\/\/echta-derminga.de\/wp-content\/uploads\/2026\/01\/20260124_163758-300x225.jpg 300w, https:\/\/echta-derminga.de\/wp-content\/uploads\/2026\/01\/20260124_163758-768x576.jpg 768w, https:\/\/echta-derminga.de\/wp-content\/uploads\/2026\/01\/20260124_163758-1536x1152.jpg 1536w, https:\/\/echta-derminga.de\/wp-content\/uploads\/2026\/01\/20260124_163758-2048x1536.jpg 2048w\" sizes=\"auto, (max-width: 700px) 100vw, 700px\" \/><\/figure>\n<\/div>\n\n\n\n<div class=\"wp-block-column is-layout-flow wp-block-column-is-layout-flow\">\n<figure class=\"wp-block-image size-large\"><img loading=\"lazy\" decoding=\"async\" width=\"700\" height=\"525\" src=\"https:\/\/echta-derminga.de\/wp-content\/uploads\/2026\/01\/20260124_173634-700x525.jpg\" alt=\"\" class=\"wp-image-19490\" srcset=\"https:\/\/echta-derminga.de\/wp-content\/uploads\/2026\/01\/20260124_173634-700x525.jpg 700w, https:\/\/echta-derminga.de\/wp-content\/uploads\/2026\/01\/20260124_173634-300x225.jpg 300w, https:\/\/echta-derminga.de\/wp-content\/uploads\/2026\/01\/20260124_173634-768x576.jpg 768w, https:\/\/echta-derminga.de\/wp-content\/uploads\/2026\/01\/20260124_173634-1536x1152.jpg 1536w, https:\/\/echta-derminga.de\/wp-content\/uploads\/2026\/01\/20260124_173634-2048x1536.jpg 2048w\" sizes=\"auto, (max-width: 700px) 100vw, 700px\" \/><\/figure>\n<\/div>\n<\/div>\n\n\n<div class=\"wp-block-image\">\n<figure class=\"aligncenter size-large\"><img loading=\"lazy\" decoding=\"async\" width=\"700\" height=\"525\" src=\"https:\/\/echta-derminga.de\/wp-content\/uploads\/2026\/01\/IMG-20260125-WA0075-700x525.jpg\" alt=\"\" class=\"wp-image-19492\" srcset=\"https:\/\/echta-derminga.de\/wp-content\/uploads\/2026\/01\/IMG-20260125-WA0075-700x525.jpg 700w, https:\/\/echta-derminga.de\/wp-content\/uploads\/2026\/01\/IMG-20260125-WA0075-300x225.jpg 300w, https:\/\/echta-derminga.de\/wp-content\/uploads\/2026\/01\/IMG-20260125-WA0075-768x576.jpg 768w, https:\/\/echta-derminga.de\/wp-content\/uploads\/2026\/01\/IMG-20260125-WA0075-1536x1152.jpg 1536w, https:\/\/echta-derminga.de\/wp-content\/uploads\/2026\/01\/IMG-20260125-WA0075-2048x1536.jpg 2048w\" sizes=\"auto, (max-width: 700px) 100vw, 700px\" \/><\/figure>\n<\/div>\n\n\n<p class=\"has-medium-font-size wp-block-paragraph\"><strong>Herzliche Einladung zum Einf\u00fchrungsgottesdienst von Pfarrer Daniel Storb<\/strong><\/p>\n\n\n\n<p class=\"has-medium-font-size wp-block-paragraph\">Pfarrer Daniel Storb von der evangelischen Kirchengemeinde St. Wendel- Illtal wurde, nach der erfolgreichen Ableistung seines in der Kirchenordnung vorgesehenen Probedienstes, in die 1. Pfarrstelle der Kirchengemeinde gew\u00e4hlt. Herzlichen Gl\u00fcckwunsch und alles erdenklich Gute an Pfarrer Daniel Storb aus Dirmingen ! Die Kirchengemeinde l\u00e4dt alle sehr herzlich zum feierlichen Einf\u00fchrungsgottesdienst am&nbsp;1. Februar 2026 um 10.00 Uhr in die evangelische Kirche nach Uchtelfangen ein. Pfarrer Markus Karsch wird Pfarrer Daniel Storb in sein Amt einf\u00fchren. Musikalisch wird der Gottesdienst vom Ensemble \u201eKlangmosaik\u201c gestaltet. Im Anschluss an den Gottesdienst laden wir Sie ebenso herzlich zu einem Umtrunk in unser Gemeindehaus ein. Wir freuen uns, mit Ihnen Allen dieses freudige Ereignis zu feiern, im Gottesdienst Gemeinschaft und Gottes Zuspruch f\u00fcr all das, was vor uns liegt zu empfangen und anschlie\u00dfend in entspannter Atmosph\u00e4re mit Ihnen anzusto\u00dfen.<\/p>\n\n\n<div class=\"wp-block-image\">\n<figure class=\"aligncenter size-large\"><img loading=\"lazy\" decoding=\"async\" width=\"700\" height=\"500\" src=\"https:\/\/echta-derminga.de\/wp-content\/uploads\/2026\/01\/FB_IMG_1769419255917-700x500.jpg\" alt=\"\" class=\"wp-image-19494\" srcset=\"https:\/\/echta-derminga.de\/wp-content\/uploads\/2026\/01\/FB_IMG_1769419255917-700x500.jpg 700w, https:\/\/echta-derminga.de\/wp-content\/uploads\/2026\/01\/FB_IMG_1769419255917-300x214.jpg 300w, https:\/\/echta-derminga.de\/wp-content\/uploads\/2026\/01\/FB_IMG_1769419255917-768x549.jpg 768w, https:\/\/echta-derminga.de\/wp-content\/uploads\/2026\/01\/FB_IMG_1769419255917.jpg 1400w\" sizes=\"auto, (max-width: 700px) 100vw, 700px\" \/><\/figure>\n<\/div>\n\n\n<p class=\"has-medium-font-size wp-block-paragraph\"><strong>Sanierung der Friedhofsmauer in Dirmingen beginnt<\/strong><\/p>\n\n\n\n<p class=\"has-medium-font-size wp-block-paragraph\">Die Gemeindeverwaltung informierte dar\u00fcber, dass die im April 2024 eingest\u00fcrzte Teil der Friedhofsmauer nun saniert wird. Nachdem der Gemeinderat hdie Finanzierung im Haushalt sichergestellt hatte, konnte der B\u00fcrgermeister nun den Auftrag an die \u00f6rtliche Firma Gihl vergeben. , Sobald die verkehrsrechtliche Anordnung des Landkreises vorliegt, beginnen die Sanierung arbeiten. Die Mauer wird mit den noch zur Verf\u00fcgung stehenden Bruchsteinen aus dem Bestand sowie den Abbruchsteinen vom ehemaligen Bauernhaus in der Ortsmitte Dirmingen wieder errichtet.&nbsp;Genau dass war ein Anliegen des Ortsrates Dirmingen der dieses Anliegen in seiner letzten Sitzung er\u00f6rterte. Nach dem Wiederaufbau der Mauer wird die Fl\u00e4che aufgesch\u00fcttet und verdichtet. Im Namen des Ortsrates m\u00f6chte ich allen Verantwortlichen danken. Sch\u00f6n, dass dieser uns\u00e4gliche Zustand zeitnah der Geschichte angeh\u00f6rt. <strong>Bildquelle: Gemeinde Eppelborn<\/strong><\/p>\n\n\n<div class=\"wp-block-image\">\n<figure class=\"aligncenter size-large\"><img loading=\"lazy\" decoding=\"async\" width=\"700\" height=\"565\" src=\"https:\/\/echta-derminga.de\/wp-content\/uploads\/2026\/01\/facebook_1769418684470_7421479865948262969-700x565.jpg\" alt=\"\" class=\"wp-image-19485\" srcset=\"https:\/\/echta-derminga.de\/wp-content\/uploads\/2026\/01\/facebook_1769418684470_7421479865948262969-700x565.jpg 700w, https:\/\/echta-derminga.de\/wp-content\/uploads\/2026\/01\/facebook_1769418684470_7421479865948262969-300x242.jpg 300w, https:\/\/echta-derminga.de\/wp-content\/uploads\/2026\/01\/facebook_1769418684470_7421479865948262969-768x620.jpg 768w, https:\/\/echta-derminga.de\/wp-content\/uploads\/2026\/01\/facebook_1769418684470_7421479865948262969.jpg 1536w\" sizes=\"auto, (max-width: 700px) 100vw, 700px\" \/><\/figure>\n<\/div>\n\n\n<p class=\"has-medium-font-size wp-block-paragraph\"><strong>Pfarrgemeinderatswahl<\/strong> <strong>in der Pfarrei Heilig Geist<\/strong><\/p>\n\n\n\n<p class=\"has-medium-font-size wp-block-paragraph\">Am 7. und 8. Februar (Samstag\/Sonntag) wird in der Pfarrei &#8222;Heilig Geist&#8220; ein neuer Pfarrgemeinderat gew\u00e4hlt. Diese Wahl erm\u00f6glicht es Ihnen, aktiv an der Gestaltung unseres Gemeindelebens mitzuwirken. Bischof Dr. Stefan Ackermann schreibt in seinem Aufruf zur Wahl: \u201eAngesichts der Herausforderungen dieser Zeit braucht unsere Kirche, die sich den Menschen zuwendet und f\u00fcr sie da sein will, auch Engagierte, die in den gew\u00e4hlten R\u00e4ten vor Ort mit beraten, mitbestimmen und mitverantworten.\u201c Die Pfarrei &#8222;Heilig Geist&#8220; ist dankbar, dass sich 15 Menschen gefunden haben, die dazu bereit sind Verantwortung zu \u00fcbernehmen. W\u00fcnschen wir dem Wahlverlauf und der Pfarrgemeinde viel Erfolg.<\/p>\n\n\n<div class=\"wp-block-image\">\n<figure class=\"aligncenter size-large\"><img loading=\"lazy\" decoding=\"async\" width=\"700\" height=\"999\" src=\"https:\/\/echta-derminga.de\/wp-content\/uploads\/2026\/01\/IMG-20260115-WA0007-700x999.jpg\" alt=\"\" class=\"wp-image-19473\" srcset=\"https:\/\/echta-derminga.de\/wp-content\/uploads\/2026\/01\/IMG-20260115-WA0007-700x999.jpg 700w, https:\/\/echta-derminga.de\/wp-content\/uploads\/2026\/01\/IMG-20260115-WA0007-210x300.jpg 210w, https:\/\/echta-derminga.de\/wp-content\/uploads\/2026\/01\/IMG-20260115-WA0007-768x1096.jpg 768w, https:\/\/echta-derminga.de\/wp-content\/uploads\/2026\/01\/IMG-20260115-WA0007-1076x1536.jpg 1076w, https:\/\/echta-derminga.de\/wp-content\/uploads\/2026\/01\/IMG-20260115-WA0007.jpg 1121w\" sizes=\"auto, (max-width: 700px) 100vw, 700px\" \/><\/figure>\n<\/div>\n\n\n<p class=\"has-medium-font-size wp-block-paragraph\"><strong>Deine Stimme hat einen Platz \u2013 im evangelischen Kirchenchor Dirmingen!<\/strong><\/p>\n\n\n\n<p class=\"has-medium-font-size wp-block-paragraph\">Du singst gern unter der Dusche, im Auto oder einfach aus Freude an der Musik? Dann stell dir vor, wie sch\u00f6n es w\u00e4re, deine Stimme gemeinsam mit anderen erklingen zu lassen \u2013 in einem Chor, der Gemeinschaft lebt und Musik mit Herz macht. Der evangelische Kirchenchor Dirmingen sucht neue S\u00e4ngerinnen und S\u00e4nger in allen Stimmlagen. Egal ob Sopran, Alt, Tenor oder Bass \u2013 ob mit Chorerfahrung oder ganz neu dabei: Bei uns z\u00e4hlt vor allem die Freude am Singen. Was dich erwartet: eine herzliche Gemeinschaft, abwechslungsreiche Chorwerke von klassisch bis modern, gemeinsames Proben, Lachen und musikalisches Wachsen, das besondere Gef\u00fchl, Gottesdienste und Konzerte musikalisch zu gestalten Geprobt wird jeden Donnerstag von 19:00 bis 21:00 Uhr im evangelischen Gemeindehaus Dirmingen. Trau dich, deine Stimme erklingen zu lassen! Komm einfach vorbei, h\u00f6r rein oder sing direkt mit. Der evangelische Kirchenchor Dirmingen freut sich auf dich \u2013 denn gemeinsam klingt es einfach sch\u00f6ner. Singen verbindet. Singen bewegt. Singen begeistert.<\/p>\n\n\n<div class=\"wp-block-image\">\n<figure class=\"aligncenter size-large\"><img loading=\"lazy\" decoding=\"async\" width=\"700\" height=\"525\" src=\"https:\/\/echta-derminga.de\/wp-content\/uploads\/2026\/01\/IMG-20191214-WA0010-700x525.jpg\" alt=\"\" class=\"wp-image-19503\" srcset=\"https:\/\/echta-derminga.de\/wp-content\/uploads\/2026\/01\/IMG-20191214-WA0010-700x525.jpg 700w, https:\/\/echta-derminga.de\/wp-content\/uploads\/2026\/01\/IMG-20191214-WA0010-300x225.jpg 300w, https:\/\/echta-derminga.de\/wp-content\/uploads\/2026\/01\/IMG-20191214-WA0010-768x576.jpg 768w, https:\/\/echta-derminga.de\/wp-content\/uploads\/2026\/01\/IMG-20191214-WA0010-1536x1152.jpg 1536w, https:\/\/echta-derminga.de\/wp-content\/uploads\/2026\/01\/IMG-20191214-WA0010.jpg 1600w\" sizes=\"auto, (max-width: 700px) 100vw, 700px\" \/><\/figure>\n<\/div>\n\n\n<p class=\"has-medium-font-size wp-block-paragraph\">Liebe Mitb\u00fcrgerinnen und Mitb\u00fcrger, in den n\u00e4chsten Wochen schwingt Prinz Karneval sein Zepter. Ich w\u00fcnsche Ihnen bei allen ihren Unternehmungen viel Spa\u00df und gute Laune. Besonders m\u00f6chte ich ihnen die Veranstaltungen mit Beteiligung unseres KKV Dirmingen ans Herz legen. Hoppla Hopp !<\/p>\n\n\n\n<div class=\"wp-block-columns is-layout-flex wp-container-core-columns-is-layout-8f761849 wp-block-columns-is-layout-flex\">\n<div class=\"wp-block-column is-layout-flow wp-block-column-is-layout-flow\">\n<figure class=\"wp-block-image size-large\"><img loading=\"lazy\" decoding=\"async\" width=\"700\" height=\"979\" src=\"https:\/\/echta-derminga.de\/wp-content\/uploads\/2026\/01\/Screenshot_20260115_224614_WhatsApp-700x979.jpg\" alt=\"\" class=\"wp-image-19472\" srcset=\"https:\/\/echta-derminga.de\/wp-content\/uploads\/2026\/01\/Screenshot_20260115_224614_WhatsApp-700x979.jpg 700w, https:\/\/echta-derminga.de\/wp-content\/uploads\/2026\/01\/Screenshot_20260115_224614_WhatsApp-214x300.jpg 214w, https:\/\/echta-derminga.de\/wp-content\/uploads\/2026\/01\/Screenshot_20260115_224614_WhatsApp-768x1075.jpg 768w, https:\/\/echta-derminga.de\/wp-content\/uploads\/2026\/01\/Screenshot_20260115_224614_WhatsApp.jpg 1077w\" sizes=\"auto, (max-width: 700px) 100vw, 700px\" \/><\/figure>\n<\/div>\n\n\n\n<div class=\"wp-block-column is-layout-flow wp-block-column-is-layout-flow\">\n<figure class=\"wp-block-image size-large\"><img loading=\"lazy\" decoding=\"async\" width=\"700\" height=\"1011\" src=\"https:\/\/echta-derminga.de\/wp-content\/uploads\/2026\/01\/611359800_893758376923214_8521591523111833895_n-700x1011.jpg\" alt=\"\" class=\"wp-image-19448\" srcset=\"https:\/\/echta-derminga.de\/wp-content\/uploads\/2026\/01\/611359800_893758376923214_8521591523111833895_n-700x1011.jpg 700w, https:\/\/echta-derminga.de\/wp-content\/uploads\/2026\/01\/611359800_893758376923214_8521591523111833895_n-208x300.jpg 208w, https:\/\/echta-derminga.de\/wp-content\/uploads\/2026\/01\/611359800_893758376923214_8521591523111833895_n.jpg 720w\" sizes=\"auto, (max-width: 700px) 100vw, 700px\" \/><\/figure>\n<\/div>\n<\/div>\n\n\n<div class=\"wp-block-image\">\n<figure class=\"aligncenter size-full\"><img loading=\"lazy\" decoding=\"async\" width=\"606\" height=\"865\" src=\"https:\/\/echta-derminga.de\/wp-content\/uploads\/2026\/01\/Derminga-Treff.png\" alt=\"\" class=\"wp-image-19506\" srcset=\"https:\/\/echta-derminga.de\/wp-content\/uploads\/2026\/01\/Derminga-Treff.png 606w, https:\/\/echta-derminga.de\/wp-content\/uploads\/2026\/01\/Derminga-Treff-210x300.png 210w\" sizes=\"auto, (max-width: 606px) 100vw, 606px\" \/><\/figure>\n<\/div>","protected":false},"excerpt":{"rendered":"<p>Liebe Mitb\u00fcrgerinnen, liebe Mitb\u00fcrger, ich hoffe Sie sind gut in das neue Jahr 2024 gekommen ?1? Zum Jahreswechsel hatte \u201eLady Winter\u201c unseren Heimatort fest im Griff. Mit der Veranstaltung \u201eLetschd Schicht am Kl\u00e4se Keller\u201c wurde ein v\u00f6llig neues Angebot ins Leben gerufen. Das zeigt, dass die Menschen in unserem Dorf immer wieder neue Wege finden, um unsere Dorfgemeinschaft aufzuwerten. Irgendwie<\/p>\n","protected":false},"author":1,"featured_media":18879,"comment_status":"open","ping_status":"closed","sticky":false,"template":"","format":"standard","meta":{"_crdt_document":"","footnotes":""},"categories":[1,812],"tags":[5,85,618,568,127,795,310],"class_list":["post-19458","post","type-post","status-publish","format-standard","has-post-thumbnail","hentry","category-allgemein","category-ortsvorsteher-dirmingen","tag-dirmingen","tag-evangelische-kirche-dirmingen","tag-gemeinde-eppelborn","tag-katholische-kirchengemeinde","tag-landkreis-neunkirchen","tag-ortsvorsteher-dirmingen","tag-saarland"],"_links":{"self":[{"href":"https:\/\/echta-derminga.de\/index.php?rest_route=\/wp\/v2\/posts\/19458","targetHints":{"allow":["GET"]}}],"collection":[{"href":"https:\/\/echta-derminga.de\/index.php?rest_route=\/wp\/v2\/posts"}],"about":[{"href":"https:\/\/echta-derminga.de\/index.php?rest_route=\/wp\/v2\/types\/post"}],"author":[{"embeddable":true,"href":"https:\/\/echta-derminga.de\/index.php?rest_route=\/wp\/v2\/users\/1"}],"replies":[{"embeddable":true,"href":"https:\/\/echta-derminga.de\/index.php?rest_route=%2Fwp%2Fv2%2Fcomments&post=19458"}],"version-history":[{"count":22,"href":"https:\/\/echta-derminga.de\/index.php?rest_route=\/wp\/v2\/posts\/19458\/revisions"}],"predecessor-version":[{"id":19510,"href":"https:\/\/echta-derminga.de\/index.php?rest_route=\/wp\/v2\/posts\/19458\/revisions\/19510"}],"wp:featuredmedia":[{"embeddable":true,"href":"https:\/\/echta-derminga.de\/index.php?rest_route=\/wp\/v2\/media\/18879"}],"wp:attachment":[{"href":"https:\/\/echta-derminga.de\/index.php?rest_route=%2Fwp%2Fv2%2Fmedia&parent=19458"}],"wp:term":[{"taxonomy":"category","embeddable":true,"href":"https:\/\/echta-derminga.de\/index.php?rest_route=%2Fwp%2Fv2%2Fcategories&post=19458"},{"taxonomy":"post_tag","embeddable":true,"href":"https:\/\/echta-derminga.de\/index.php?rest_route=%2Fwp%2Fv2%2Ftags&post=19458"}],"curies":[{"name":"wp","href":"https:\/\/api.w.org\/{rel}","templated":true}]}}