{"id":1948,"date":"2018-08-21T20:38:50","date_gmt":"2018-08-21T19:38:50","guid":{"rendered":"http:\/\/echta-derminga.de\/?p=1948"},"modified":"2018-08-21T20:39:26","modified_gmt":"2018-08-21T19:39:26","slug":"dirminger-kulturecke-pensionaersverein","status":"publish","type":"post","link":"https:\/\/echta-derminga.de\/?p=1948","title":{"rendered":"Dirminger Kulturecke &#8211; Pension\u00e4rsverein"},"content":{"rendered":"\n<p class=\"wp-block-paragraph\"><strong>In der Dirminger Kulturecke erfahren Sie alles was Sie schon immer \u00fcber Dirmingen wissen wollten oder wissen sollten.<\/strong><\/p>\n\n\n\n<p class=\"wp-block-paragraph\">Wussten Sie schon, dass am 21.August 1955, im Gasthaus\u201c Guth\u00f6rl\u201c der Pension\u00e4rsverein \u201eFrohe Laune\u201c Dirmingen gegr\u00fcndet wurde? <\/p>\n\n\n\n<p class=\"wp-block-paragraph\">Bei der Gr\u00fcndungsversammlung wurde Ludwig Klein zum 1.Vorsitzenden gew\u00e4hlt. Alleine w\u00e4hrend dieser Gr\u00fcndungsversammlung wurden 47 Personen Mitglied des Vereins. Der Zweck des neugegr\u00fcndeten Vereins war laut eigener Formulierung: \u201eDie Wahrnehmung der Interessen aller B\u00fcrger, die aus dem Berufsleben ausgeschieden und pensioniert sind, sowie die F\u00f6rderung der kameradschaftlichen Gemeinschaft\u201c. Der Verein versammelte sich jeweils am ersten Mittwoch eines Monats abwechselnd in einer anderen Gastst\u00e4tte Dirmingens. In regelm\u00e4\u00dfigen Abst\u00e4nden wurden Kaffeenachmittage, Ganztags -und Halbtagsfahrten und sogar Urlaubsfahrten durchgef\u00fchrt. Auch j\u00e4hrliche Familienabende geh\u00f6rten zu den Aktivit\u00e4ten des Vereins. Erst im Jahre 1972 wurden erstmals Frauen in den Vorstand gew\u00e4hlt. W\u00e4hrend der Pension\u00e4rsverein \u201eFrohe Laune\u201c mittlerweile seine Aktivit\u00e4t eingestellt hat, wird in unserem Dorf auch weiterhin Seniorenarbeit angeboten. Die DRK-Begegnungsst\u00e4tte \u00f6ffnet einmal monatlich, an einem Mittwoch, im Nebenraum der Borrwieshalle ihre Pforten. Der Arbeitskreis bietet zahlreiche Angebote f\u00fcr die Seniorinnen und Senioren unseres Heimatortes an. <strong>( Bildquelle: Rudi Kiefer)<\/strong><\/p>\n","protected":false},"excerpt":{"rendered":"<p>In der Dirminger Kulturecke erfahren Sie alles was Sie schon immer \u00fcber Dirmingen wissen wollten oder wissen sollten. Wussten Sie schon, dass am 21.August 1955, im Gasthaus\u201c Guth\u00f6rl\u201c der Pension\u00e4rsverein \u201eFrohe Laune\u201c Dirmingen gegr\u00fcndet wurde? Bei der Gr\u00fcndungsversammlung wurde Ludwig Klein zum 1.Vorsitzenden gew\u00e4hlt. Alleine w\u00e4hrend dieser Gr\u00fcndungsversammlung wurden 47 Personen Mitglied des Vereins. Der Zweck des neugegr\u00fcndeten Vereins war<\/p>\n","protected":false},"author":1,"featured_media":1949,"comment_status":"closed","ping_status":"closed","sticky":false,"template":"","format":"standard","meta":{"_crdt_document":"","footnotes":""},"categories":[2],"tags":[402,404,400,399,403,401],"class_list":["post-1948","post","type-post","status-publish","format-standard","has-post-thumbnail","hentry","category-kulturecke","tag-aktivitaeten","tag-gemeinschaft","tag-gruendungsversammlung","tag-pensionaersverein","tag-seniorenarbeit","tag-verein"],"_links":{"self":[{"href":"https:\/\/echta-derminga.de\/index.php?rest_route=\/wp\/v2\/posts\/1948","targetHints":{"allow":["GET"]}}],"collection":[{"href":"https:\/\/echta-derminga.de\/index.php?rest_route=\/wp\/v2\/posts"}],"about":[{"href":"https:\/\/echta-derminga.de\/index.php?rest_route=\/wp\/v2\/types\/post"}],"author":[{"embeddable":true,"href":"https:\/\/echta-derminga.de\/index.php?rest_route=\/wp\/v2\/users\/1"}],"replies":[{"embeddable":true,"href":"https:\/\/echta-derminga.de\/index.php?rest_route=%2Fwp%2Fv2%2Fcomments&post=1948"}],"version-history":[{"count":2,"href":"https:\/\/echta-derminga.de\/index.php?rest_route=\/wp\/v2\/posts\/1948\/revisions"}],"predecessor-version":[{"id":1951,"href":"https:\/\/echta-derminga.de\/index.php?rest_route=\/wp\/v2\/posts\/1948\/revisions\/1951"}],"wp:featuredmedia":[{"embeddable":true,"href":"https:\/\/echta-derminga.de\/index.php?rest_route=\/wp\/v2\/media\/1949"}],"wp:attachment":[{"href":"https:\/\/echta-derminga.de\/index.php?rest_route=%2Fwp%2Fv2%2Fmedia&parent=1948"}],"wp:term":[{"taxonomy":"category","embeddable":true,"href":"https:\/\/echta-derminga.de\/index.php?rest_route=%2Fwp%2Fv2%2Fcategories&post=1948"},{"taxonomy":"post_tag","embeddable":true,"href":"https:\/\/echta-derminga.de\/index.php?rest_route=%2Fwp%2Fv2%2Ftags&post=1948"}],"curies":[{"name":"wp","href":"https:\/\/api.w.org\/{rel}","templated":true}]}}