{"id":19511,"date":"2026-01-26T15:07:10","date_gmt":"2026-01-26T14:07:10","guid":{"rendered":"https:\/\/echta-derminga.de\/?p=19511"},"modified":"2026-01-26T15:09:17","modified_gmt":"2026-01-26T14:09:17","slug":"dirminger-neujahrsempfang-mit-neuen-ideen-innovation-und-kreativitaet-in-die-zukunft","status":"publish","type":"post","link":"https:\/\/echta-derminga.de\/?p=19511","title":{"rendered":"Dirminger Neujahrsempfang &#8211; Mit neuen Ideen, Innovation und Kreativit\u00e4t in die Zukunft"},"content":{"rendered":"\n<p class=\"has-medium-font-size wp-block-paragraph\"><strong>Der erste Dirminger Neujahrsempfang seit etlichen Jahren sollte die Vernetzung und Kommunikation innerhalb der Dorfgemeinschaft f\u00f6rdern. Der Neujahrsempfang im Reservistenheim des RK Illtal bildete den idealen Jahresauftakt f\u00fcr unsere Dorfgemeinschaft. Ziel dieses Dirminger Neujahrsempfang war es Vereine, Ehrenamtler und das Gewerbe zusammen zu bringen. Unser Dorf ben\u00f6tigt f\u00fcr die Zukunft neue, frische Ideen, Innovation und Kreativit\u00e4t.<\/strong> <strong>Mit diesem feierlichen und nachdenklichen Neujahrsempfang am 24. Januar 2026 starteten rund 70 geladene G\u00e4ste aus Politik, Wirtschaft, Gewerbe, Ehrenamt, Vereinen, Kirchen, Schulen sowie der Blaulichtfamilie in das neue Jahr 2026.  Der Dirminger Neujahrsempfang sollte ein deutliches Signal f\u00fcr Zusammenhalt, Demokratie und gemeinschaftliche Verantwortung zu setzen.<\/strong><\/p>\n\n\n\n<div class=\"wp-block-columns is-layout-flex wp-container-core-columns-is-layout-8f761849 wp-block-columns-is-layout-flex\">\n<div class=\"wp-block-column is-layout-flow wp-block-column-is-layout-flow\">\n<figure class=\"wp-block-image size-large\"><img loading=\"lazy\" decoding=\"async\" width=\"700\" height=\"525\" src=\"https:\/\/echta-derminga.de\/wp-content\/uploads\/2026\/01\/IMG-20260125-WA0097-700x525.jpg\" alt=\"\" class=\"wp-image-19537\" srcset=\"https:\/\/echta-derminga.de\/wp-content\/uploads\/2026\/01\/IMG-20260125-WA0097-700x525.jpg 700w, https:\/\/echta-derminga.de\/wp-content\/uploads\/2026\/01\/IMG-20260125-WA0097-300x225.jpg 300w, https:\/\/echta-derminga.de\/wp-content\/uploads\/2026\/01\/IMG-20260125-WA0097-768x576.jpg 768w, https:\/\/echta-derminga.de\/wp-content\/uploads\/2026\/01\/IMG-20260125-WA0097.jpg 1200w\" sizes=\"auto, (max-width: 700px) 100vw, 700px\" \/><\/figure>\n<\/div>\n\n\n\n<div class=\"wp-block-column is-layout-flow wp-block-column-is-layout-flow\">\n<figure class=\"wp-block-image size-large\"><img loading=\"lazy\" decoding=\"async\" width=\"700\" height=\"525\" src=\"https:\/\/echta-derminga.de\/wp-content\/uploads\/2026\/01\/IMG-20260125-WA0100-700x525.jpg\" alt=\"\" class=\"wp-image-19538\" srcset=\"https:\/\/echta-derminga.de\/wp-content\/uploads\/2026\/01\/IMG-20260125-WA0100-700x525.jpg 700w, https:\/\/echta-derminga.de\/wp-content\/uploads\/2026\/01\/IMG-20260125-WA0100-300x225.jpg 300w, https:\/\/echta-derminga.de\/wp-content\/uploads\/2026\/01\/IMG-20260125-WA0100-768x576.jpg 768w, https:\/\/echta-derminga.de\/wp-content\/uploads\/2026\/01\/IMG-20260125-WA0100.jpg 1200w\" sizes=\"auto, (max-width: 700px) 100vw, 700px\" \/><\/figure>\n<\/div>\n<\/div>\n\n\n\n<p class=\"has-medium-font-size wp-block-paragraph\">Im Mittelpunkt des Abends standen die Neujahrsreden des Ortsvorstehers Frank Klein und des B\u00fcrgermeister Dr. Andreas Feld sowie eine Vereinsvorstellung der RK Illtal durch den Vorsitzenden Peter Schumacher. Vieles in unserem Dorf ist gut, anderes ist jedoch im Laufe der Jahre eingerostet. Vereine und ihre Verantwortlichen haben sich ver\u00e4ndert. Gute Menschen haben uns verlassen und neue Dorfbewohner sind zu uns gesto\u00dfen. Unsere Dorfgemeinschaft muss Ver\u00e4nderungen ansto\u00dfen um entschlossen in die Zukunft gehen. Neben den vielen Problemen in unserem Dorf gibt es auch vieles, was Mut macht. Die Ansiedlung eines Nahversorgers in der Ortsmitte ist f\u00fcr Dirmingen ein Segen. Manche Probleme sollte man nicht als gegeben und nicht zu \u00e4ndern hinnehmen. Das Dorf ben\u00f6tigt unbedingt eine Anlaufstelle f\u00fcr Vereine und Organisationen. Die Sanierung der Borrwieshalle ist unausweichlich. <\/p>\n\n\n\n<div class=\"wp-block-columns is-layout-flex wp-container-core-columns-is-layout-8f761849 wp-block-columns-is-layout-flex\">\n<div class=\"wp-block-column is-layout-flow wp-block-column-is-layout-flow\">\n<figure class=\"wp-block-image size-large\"><img loading=\"lazy\" decoding=\"async\" width=\"700\" height=\"525\" src=\"https:\/\/echta-derminga.de\/wp-content\/uploads\/2026\/01\/20260124_164217-700x525.jpg\" alt=\"\" class=\"wp-image-19515\" srcset=\"https:\/\/echta-derminga.de\/wp-content\/uploads\/2026\/01\/20260124_164217-700x525.jpg 700w, https:\/\/echta-derminga.de\/wp-content\/uploads\/2026\/01\/20260124_164217-300x225.jpg 300w, https:\/\/echta-derminga.de\/wp-content\/uploads\/2026\/01\/20260124_164217-768x576.jpg 768w, https:\/\/echta-derminga.de\/wp-content\/uploads\/2026\/01\/20260124_164217.jpg 1200w\" sizes=\"auto, (max-width: 700px) 100vw, 700px\" \/><\/figure>\n<\/div>\n\n\n\n<div class=\"wp-block-column is-layout-flow wp-block-column-is-layout-flow\">\n<figure class=\"wp-block-image size-large\"><img loading=\"lazy\" decoding=\"async\" width=\"700\" height=\"525\" src=\"https:\/\/echta-derminga.de\/wp-content\/uploads\/2026\/01\/20260124_164227-700x525.jpg\" alt=\"\" class=\"wp-image-19516\" srcset=\"https:\/\/echta-derminga.de\/wp-content\/uploads\/2026\/01\/20260124_164227-700x525.jpg 700w, https:\/\/echta-derminga.de\/wp-content\/uploads\/2026\/01\/20260124_164227-300x225.jpg 300w, https:\/\/echta-derminga.de\/wp-content\/uploads\/2026\/01\/20260124_164227-768x576.jpg 768w, https:\/\/echta-derminga.de\/wp-content\/uploads\/2026\/01\/20260124_164227.jpg 1200w\" sizes=\"auto, (max-width: 700px) 100vw, 700px\" \/><\/figure>\n<\/div>\n<\/div>\n\n\n\n<p class=\"has-medium-font-size wp-block-paragraph\"><strong>Auf die Ehrenamtlichen unseres Dorfes ist Verlass. Mit einem roten Teppich wurden die Menschen, die unser Ehrenamt leben begr\u00fc\u00dft. Das Ehrenamt in unserem Heimatort sollte unsere Hochachtung erfahren. Grundvoraussetzung f\u00fcr eine funktionierende Dorfgemeinschaft ist das Zusammenspiel zwischen Vereinen und dem vorhandenen Gewerbe. Wir m\u00fcssen lernen ins Gespr\u00e4ch zu kommen und den Dialog aufrechterhalten. Der Neujahrsempfang sollte den Vereinen die M\u00f6glichkeit bieten, ihre Mitgliederehrung vor einem breiteren Publikum durchzuf\u00fchren.<\/strong><\/p>\n\n\n\n<div class=\"wp-block-columns is-layout-flex wp-container-core-columns-is-layout-8f761849 wp-block-columns-is-layout-flex\">\n<div class=\"wp-block-column is-layout-flow wp-block-column-is-layout-flow\">\n<figure class=\"wp-block-image size-large is-resized\"><img loading=\"lazy\" decoding=\"async\" width=\"700\" height=\"691\" src=\"https:\/\/echta-derminga.de\/wp-content\/uploads\/2026\/01\/20260124_175728-700x691.jpg\" alt=\"\" class=\"wp-image-19517\" style=\"aspect-ratio:1.0130525708516622;width:412px;height:auto\" srcset=\"https:\/\/echta-derminga.de\/wp-content\/uploads\/2026\/01\/20260124_175728-700x691.jpg 700w, https:\/\/echta-derminga.de\/wp-content\/uploads\/2026\/01\/20260124_175728-300x296.jpg 300w, https:\/\/echta-derminga.de\/wp-content\/uploads\/2026\/01\/20260124_175728-768x758.jpg 768w, https:\/\/echta-derminga.de\/wp-content\/uploads\/2026\/01\/20260124_175728-90x90.jpg 90w, https:\/\/echta-derminga.de\/wp-content\/uploads\/2026\/01\/20260124_175728-75x75.jpg 75w, https:\/\/echta-derminga.de\/wp-content\/uploads\/2026\/01\/20260124_175728.jpg 1200w\" sizes=\"auto, (max-width: 700px) 100vw, 700px\" \/><\/figure>\n<\/div>\n\n\n\n<div class=\"wp-block-column is-layout-flow wp-block-column-is-layout-flow\">\n<figure class=\"wp-block-image size-large\"><img loading=\"lazy\" decoding=\"async\" width=\"700\" height=\"648\" src=\"https:\/\/echta-derminga.de\/wp-content\/uploads\/2026\/01\/IMG-20260125-WA0075-1-700x648.jpg\" alt=\"\" class=\"wp-image-19523\" srcset=\"https:\/\/echta-derminga.de\/wp-content\/uploads\/2026\/01\/IMG-20260125-WA0075-1-700x648.jpg 700w, https:\/\/echta-derminga.de\/wp-content\/uploads\/2026\/01\/IMG-20260125-WA0075-1-300x278.jpg 300w, https:\/\/echta-derminga.de\/wp-content\/uploads\/2026\/01\/IMG-20260125-WA0075-1-768x711.jpg 768w, https:\/\/echta-derminga.de\/wp-content\/uploads\/2026\/01\/IMG-20260125-WA0075-1.jpg 1200w\" sizes=\"auto, (max-width: 700px) 100vw, 700px\" \/><\/figure>\n<\/div>\n<\/div>\n\n\n\n<p class=\"has-medium-font-size wp-block-paragraph\">Gute Gespr\u00e4che, Ehrungen und nachdenkliche Reden. Die lockeren Atmosph\u00e4re im Reservistenheim bot die optimalen Voraussetzungen, um ins Gespr\u00e4ch zu kommen. Vielen Dank an die Reservistenkameradschaft um ihren Vorsitzenden Peter Schumacher f\u00fcr die Gastfreundschaft. Danke auch an alle Helferinnen und Helfer im Hintergrund. Vielen Dank an Hans-Werner Guth\u00f6rl, Christa K\u00f6hl, Anni Senzig, Susanne Pesch und Chris Petry, den stellvertretenden Ortsvorsteher Michael Polotzek und an Dominik Krabbe und Bjorn Krabbe.<\/p>\n\n\n\n<div class=\"wp-block-columns is-layout-flex wp-container-core-columns-is-layout-8f761849 wp-block-columns-is-layout-flex\">\n<div class=\"wp-block-column is-layout-flow wp-block-column-is-layout-flow\">\n<figure class=\"wp-block-image size-large is-resized\"><img loading=\"lazy\" decoding=\"async\" width=\"700\" height=\"637\" src=\"https:\/\/echta-derminga.de\/wp-content\/uploads\/2026\/01\/20260124_173633-700x637.jpg\" alt=\"\" class=\"wp-image-19518\" style=\"aspect-ratio:1.098916572143779;width:392px;height:auto\" srcset=\"https:\/\/echta-derminga.de\/wp-content\/uploads\/2026\/01\/20260124_173633-700x637.jpg 700w, https:\/\/echta-derminga.de\/wp-content\/uploads\/2026\/01\/20260124_173633-300x273.jpg 300w, https:\/\/echta-derminga.de\/wp-content\/uploads\/2026\/01\/20260124_173633-768x699.jpg 768w, https:\/\/echta-derminga.de\/wp-content\/uploads\/2026\/01\/20260124_173633.jpg 1200w\" sizes=\"auto, (max-width: 700px) 100vw, 700px\" \/><\/figure>\n<\/div>\n\n\n\n<div class=\"wp-block-column is-layout-flow wp-block-column-is-layout-flow\">\n<figure class=\"wp-block-image size-large\"><img loading=\"lazy\" decoding=\"async\" width=\"700\" height=\"563\" src=\"https:\/\/echta-derminga.de\/wp-content\/uploads\/2026\/01\/20260124_173859-1-700x563.jpg\" alt=\"\" class=\"wp-image-19527\" srcset=\"https:\/\/echta-derminga.de\/wp-content\/uploads\/2026\/01\/20260124_173859-1-700x563.jpg 700w, https:\/\/echta-derminga.de\/wp-content\/uploads\/2026\/01\/20260124_173859-1-300x241.jpg 300w, https:\/\/echta-derminga.de\/wp-content\/uploads\/2026\/01\/20260124_173859-1-768x618.jpg 768w, https:\/\/echta-derminga.de\/wp-content\/uploads\/2026\/01\/20260124_173859-1.jpg 1200w\" sizes=\"auto, (max-width: 700px) 100vw, 700px\" \/><\/figure>\n<\/div>\n<\/div>\n\n\n\n<p class=\"has-medium-font-size wp-block-paragraph\"><strong>Ein pers\u00f6nliches Dankesch\u00f6n wurde Erwin Gerstner, Harald Gerstner und Reimund Klein ausgesprochen. Die drei Dirminger leisten seit vielen Jahren mit ihrem ehrenamtlichen Engagement gro\u00dfartiges f\u00fcr unseren Heimatort. Dabei sind es oft die kleinen, leisen Gesten die das gro\u00dfe Ganze am Laufen lassen. Unser Blickpunkt liegt nicht nur auf den gro\u00dfen Vereinen sondern auch auf den kleinen Vereinen und Organisationen. Besonders gefreut haben wir uns \u00fcber den Besuch von Pastor Achim Thieser von der Pfarrei Heilig Geist Eppelborn und Pfarrerin Heike Schmidt von der evangelischen Kirchengemeinde St.Wendel-Illtal. Unsere Parteien, Kirchen, Verwaltungen, Schulen und Kitas tragen eine hohe Verantwortung. Um die Werte eines Dorfes aufrechtzuhalten, m\u00fcssen auch unsere Kirchen und unsere Politiker noch mehr investieren. Das sogenannte Kirchturmdenken sollte nicht l\u00e4nger dazu f\u00fchren, die vielen Gemeinsamkeiten aus den Augen zu verlieren. \u00a0 <\/strong><\/p>\n\n\n\n<div class=\"wp-block-columns is-layout-flex wp-container-core-columns-is-layout-8f761849 wp-block-columns-is-layout-flex\">\n<div class=\"wp-block-column is-layout-flow wp-block-column-is-layout-flow\">\n<figure class=\"wp-block-image size-large is-resized\"><img loading=\"lazy\" decoding=\"async\" width=\"700\" height=\"1003\" src=\"https:\/\/echta-derminga.de\/wp-content\/uploads\/2026\/01\/IMG-20260124-WA0083-700x1003.jpg\" alt=\"\" class=\"wp-image-19528\" style=\"aspect-ratio:0.6979158904041534;width:410px;height:auto\" srcset=\"https:\/\/echta-derminga.de\/wp-content\/uploads\/2026\/01\/IMG-20260124-WA0083-700x1003.jpg 700w, https:\/\/echta-derminga.de\/wp-content\/uploads\/2026\/01\/IMG-20260124-WA0083-209x300.jpg 209w, https:\/\/echta-derminga.de\/wp-content\/uploads\/2026\/01\/IMG-20260124-WA0083-768x1101.jpg 768w, https:\/\/echta-derminga.de\/wp-content\/uploads\/2026\/01\/IMG-20260124-WA0083-1072x1536.jpg 1072w, https:\/\/echta-derminga.de\/wp-content\/uploads\/2026\/01\/IMG-20260124-WA0083.jpg 1200w\" sizes=\"auto, (max-width: 700px) 100vw, 700px\" \/><\/figure>\n<\/div>\n\n\n\n<div class=\"wp-block-column is-layout-flow wp-block-column-is-layout-flow\">\n<figure class=\"wp-block-image size-large\"><img loading=\"lazy\" decoding=\"async\" width=\"700\" height=\"933\" src=\"https:\/\/echta-derminga.de\/wp-content\/uploads\/2026\/01\/20260124_161557-700x933.jpg\" alt=\"\" class=\"wp-image-19529\" srcset=\"https:\/\/echta-derminga.de\/wp-content\/uploads\/2026\/01\/20260124_161557-700x933.jpg 700w, https:\/\/echta-derminga.de\/wp-content\/uploads\/2026\/01\/20260124_161557-225x300.jpg 225w, https:\/\/echta-derminga.de\/wp-content\/uploads\/2026\/01\/20260124_161557-768x1024.jpg 768w, https:\/\/echta-derminga.de\/wp-content\/uploads\/2026\/01\/20260124_161557-1152x1536.jpg 1152w, https:\/\/echta-derminga.de\/wp-content\/uploads\/2026\/01\/20260124_161557-rotated.jpg 1200w\" sizes=\"auto, (max-width: 700px) 100vw, 700px\" \/><\/figure>\n<\/div>\n<\/div>\n\n\n\n<p class=\"has-medium-font-size wp-block-paragraph\">Entscheidend ist der gegenseitige Respekt. Mit Blick auf die zunehmende Verrohung in unserer Gesellschaft wurde in allen Reden eindringlich der Schutz aller demokratischen Werte verlangt. Menschenfeindlichkeit hat in einer funktionierenden Demokratie nichts verloren. Der Dirminger Neujahrsempfang 2026 hat eindrucksvoll unter Beweis gestellt, dass unser Dorf \u00fcber viele M\u00f6glichkeiten verf\u00fcgt. In Dirmingen gibt es immer noch viele Menschen, die mit Innovation und starkem Willen die Zukunft unseres Heimatortes gestalten m\u00f6chten.<\/p>\n\n\n\n<div class=\"wp-block-columns is-layout-flex wp-container-core-columns-is-layout-8f761849 wp-block-columns-is-layout-flex\">\n<div class=\"wp-block-column is-layout-flow wp-block-column-is-layout-flow\">\n<figure class=\"wp-block-image size-large is-resized\"><img loading=\"lazy\" decoding=\"async\" width=\"700\" height=\"1221\" src=\"https:\/\/echta-derminga.de\/wp-content\/uploads\/2026\/01\/20260124_164057-700x1221.jpg\" alt=\"\" class=\"wp-image-19531\" style=\"aspect-ratio:0.5733058542657171;width:384px;height:auto\" srcset=\"https:\/\/echta-derminga.de\/wp-content\/uploads\/2026\/01\/20260124_164057-700x1221.jpg 700w, https:\/\/echta-derminga.de\/wp-content\/uploads\/2026\/01\/20260124_164057-172x300.jpg 172w, https:\/\/echta-derminga.de\/wp-content\/uploads\/2026\/01\/20260124_164057-768x1340.jpg 768w, https:\/\/echta-derminga.de\/wp-content\/uploads\/2026\/01\/20260124_164057-881x1536.jpg 881w, https:\/\/echta-derminga.de\/wp-content\/uploads\/2026\/01\/20260124_164057-1174x2048.jpg 1174w, https:\/\/echta-derminga.de\/wp-content\/uploads\/2026\/01\/20260124_164057.jpg 1200w\" sizes=\"auto, (max-width: 700px) 100vw, 700px\" \/><\/figure>\n<\/div>\n\n\n\n<div class=\"wp-block-column is-layout-flow wp-block-column-is-layout-flow\">\n<figure class=\"wp-block-image size-large\"><img loading=\"lazy\" decoding=\"async\" width=\"700\" height=\"1062\" src=\"https:\/\/echta-derminga.de\/wp-content\/uploads\/2026\/01\/IMG-20260124-WA0084-700x1062.jpg\" alt=\"\" class=\"wp-image-19532\" srcset=\"https:\/\/echta-derminga.de\/wp-content\/uploads\/2026\/01\/IMG-20260124-WA0084-700x1062.jpg 700w, https:\/\/echta-derminga.de\/wp-content\/uploads\/2026\/01\/IMG-20260124-WA0084-198x300.jpg 198w, https:\/\/echta-derminga.de\/wp-content\/uploads\/2026\/01\/IMG-20260124-WA0084-768x1165.jpg 768w, https:\/\/echta-derminga.de\/wp-content\/uploads\/2026\/01\/IMG-20260124-WA0084-1013x1536.jpg 1013w, https:\/\/echta-derminga.de\/wp-content\/uploads\/2026\/01\/IMG-20260124-WA0084.jpg 1200w\" sizes=\"auto, (max-width: 700px) 100vw, 700px\" \/><\/figure>\n<\/div>\n<\/div>\n\n\n\n<p class=\"has-medium-font-size wp-block-paragraph\"><strong>Neue Ideen, frischer Wind und Kreativit\u00e4t sind wichtige St\u00fctzen einer Dorfgemeinschaft. Ortsvorsteher Frank Klein durfte in seiner Rede zwei neue Vorhaben vorstellen. In K\u00fcrze wird der &#8222;Dirminger Dorfkalender&#8220; online gehen. Alle Vereine, Organisationen und Gruppen haben dort die M\u00f6glichkeit ihre Termine, Sitzungen und Veranstaltungen einzustellen. Doppelbelegungen, Termin\u00fcberschneidungen oder Missverst\u00e4ndnisse sollen somit verhindert werden. Vom 15. bis 20. Juni 2026 finden die n\u00e4chsten Special Olympics Nationalen Spiele im Saarland statt. \u00dcber 4.000 Athlet*innen werden an dem gr\u00f6\u00dften Multisport-Event f\u00fcr Menschen mit geistiger Behinderung in mehr als 20 Sportarten an den Start gehen. Nach Informationen des Ortsvorsteher Frank Klein wird Dirmingen bei diesem Event eine gewichtige Rolle \u00fcbernehmen. <\/strong><\/p>\n\n\n<div class=\"wp-block-image\">\n<figure class=\"aligncenter size-large\"><img loading=\"lazy\" decoding=\"async\" width=\"700\" height=\"1110\" src=\"https:\/\/echta-derminga.de\/wp-content\/uploads\/2026\/01\/IMG-20260124-WA0075-700x1110.jpg\" alt=\"\" class=\"wp-image-19491\" srcset=\"https:\/\/echta-derminga.de\/wp-content\/uploads\/2026\/01\/IMG-20260124-WA0075-700x1110.jpg 700w, https:\/\/echta-derminga.de\/wp-content\/uploads\/2026\/01\/IMG-20260124-WA0075-189x300.jpg 189w, https:\/\/echta-derminga.de\/wp-content\/uploads\/2026\/01\/IMG-20260124-WA0075-768x1218.jpg 768w, https:\/\/echta-derminga.de\/wp-content\/uploads\/2026\/01\/IMG-20260124-WA0075-969x1536.jpg 969w, https:\/\/echta-derminga.de\/wp-content\/uploads\/2026\/01\/IMG-20260124-WA0075-1292x2048.jpg 1292w, https:\/\/echta-derminga.de\/wp-content\/uploads\/2026\/01\/IMG-20260124-WA0075.jpg 1482w\" sizes=\"auto, (max-width: 700px) 100vw, 700px\" \/><\/figure>\n<\/div>","protected":false},"excerpt":{"rendered":"<p>Der erste Dirminger Neujahrsempfang seit etlichen Jahren sollte die Vernetzung und Kommunikation innerhalb der Dorfgemeinschaft f\u00f6rdern. Der Neujahrsempfang im Reservistenheim des RK Illtal bildete den idealen Jahresauftakt f\u00fcr unsere Dorfgemeinschaft. Ziel dieses Dirminger Neujahrsempfang war es Vereine, Ehrenamtler und das Gewerbe zusammen zu bringen. Unser Dorf ben\u00f6tigt f\u00fcr die Zukunft neue, frische Ideen, Innovation und Kreativit\u00e4t. Mit diesem feierlichen und<\/p>\n","protected":false},"author":1,"featured_media":19489,"comment_status":"open","ping_status":"closed","sticky":false,"template":"","format":"standard","meta":{"_crdt_document":"","footnotes":""},"categories":[1,9,902],"tags":[5,618,127,1032,795,310],"class_list":["post-19511","post","type-post","status-publish","format-standard","has-post-thumbnail","hentry","category-allgemein","category-dorfgetratsche","category-meine-meinung","tag-dirmingen","tag-gemeinde-eppelborn","tag-landkreis-neunkirchen","tag-neujahrsempfang","tag-ortsvorsteher-dirmingen","tag-saarland"],"_links":{"self":[{"href":"https:\/\/echta-derminga.de\/index.php?rest_route=\/wp\/v2\/posts\/19511","targetHints":{"allow":["GET"]}}],"collection":[{"href":"https:\/\/echta-derminga.de\/index.php?rest_route=\/wp\/v2\/posts"}],"about":[{"href":"https:\/\/echta-derminga.de\/index.php?rest_route=\/wp\/v2\/types\/post"}],"author":[{"embeddable":true,"href":"https:\/\/echta-derminga.de\/index.php?rest_route=\/wp\/v2\/users\/1"}],"replies":[{"embeddable":true,"href":"https:\/\/echta-derminga.de\/index.php?rest_route=%2Fwp%2Fv2%2Fcomments&post=19511"}],"version-history":[{"count":12,"href":"https:\/\/echta-derminga.de\/index.php?rest_route=\/wp\/v2\/posts\/19511\/revisions"}],"predecessor-version":[{"id":19539,"href":"https:\/\/echta-derminga.de\/index.php?rest_route=\/wp\/v2\/posts\/19511\/revisions\/19539"}],"wp:featuredmedia":[{"embeddable":true,"href":"https:\/\/echta-derminga.de\/index.php?rest_route=\/wp\/v2\/media\/19489"}],"wp:attachment":[{"href":"https:\/\/echta-derminga.de\/index.php?rest_route=%2Fwp%2Fv2%2Fmedia&parent=19511"}],"wp:term":[{"taxonomy":"category","embeddable":true,"href":"https:\/\/echta-derminga.de\/index.php?rest_route=%2Fwp%2Fv2%2Fcategories&post=19511"},{"taxonomy":"post_tag","embeddable":true,"href":"https:\/\/echta-derminga.de\/index.php?rest_route=%2Fwp%2Fv2%2Ftags&post=19511"}],"curies":[{"name":"wp","href":"https:\/\/api.w.org\/{rel}","templated":true}]}}