{"id":1953,"date":"2018-08-24T18:49:17","date_gmt":"2018-08-24T17:49:17","guid":{"rendered":"http:\/\/echta-derminga.de\/?p=1953"},"modified":"2018-08-24T19:13:35","modified_gmt":"2018-08-24T18:13:35","slug":"vom-hass-in-den-sozialen-medien-und-der-suche-nach-sensiblen-daten","status":"publish","type":"post","link":"https:\/\/echta-derminga.de\/?p=1953","title":{"rendered":"Vom Hass in den sozialen Medien und der Suche nach sensiblen Daten"},"content":{"rendered":"\n<p class=\"wp-block-paragraph\"><strong>Keine Frage, mit der derzeitigen politischen Situation in unserem Land und in Europa kann man durchaus hart ins Gericht gehen. Ich glaube die Politik war schon lange nicht mehr so weit weg von den Menschen in unserem Land.\u00a0<\/strong><strong>Seit 12 Jahren bin ich nun Vorsitzender des SPD Ortsvereins Dirmingen.<\/strong><\/p>\n\n\n\n<p class=\"wp-block-paragraph\">Ich habe dieses Amt angenommen um meinem Heimatdorf zu helfen und etwas zu bewegen. Wenn man sich kommunalpolitisch engagiert und zudem ein Mandat anstrebt, kann es zum Vorteil sein, wenn man einer Partei angeh\u00f6rt. Ich stamme aus einer sozialdemokratischen Familie und somit war der Weg zur SPD eigentlich schon vorprogrammiert.<\/p>\n\n\n\n<p class=\"wp-block-paragraph\"><strong>Mein Vater sagte einmal mit Recht zu mir: \u201eDer Sozialdemokratische Gedanke ist wunderbar\u201c<\/strong><\/p>\n\n\n\n<p class=\"wp-block-paragraph\">Leider hat die Partei im Laufe der Jahre ihr Profil und ihre basisn\u00e4he verloren. Aus der einstigen Arbeiter- und Volkspartei wurde eine Partei des Mittelstands. Die nun angestrebte \u201eErneuerung\u201c der Partei ist also durchaus richtig und wichtig. Im Grunde sehe ich mich am \u00e4u\u00dfersten linken Rand der SPD. Ein Wechsel zu der Partei \u201eDie Linke\u201c kam f\u00fcr mich aus kommunalpolitischer und europapolitischer Sicht nie in Frage. Auch die \u201eLinke\u201c sucht seit Jahren ihr eigentliches Profil und ist dabei zuviel mit sich selbst besch\u00e4ftigt. Ganz gleich welcher Partei man sich letztlich anschlie\u00dft, als Kommunalpolitiker hat man die Aufgabe die Politik auf Bundes- und Landesebene mitzutragen. Dies ist nicht immer einfach und gerade in diesen Zeiten oft nur schwer umsetzbar. Man muss die Politik nicht m\u00f6gen, wichtig ist jedoch, dass man Sie als wichtiges Organ unserer Demokratie versteht und anerkennt. Als Politiker steht man st\u00e4ndig in der Kritik! Es ist das gute Recht der B\u00fcrger Kritik zu \u00e4u\u00dfern und am Ende einer Wahlperiode zur Wahl zu schreiten. Das ist gelebte Demokratie und absolut in Ordnung.<\/p>\n\n\n\n<p class=\"wp-block-paragraph\"><strong>Was jedoch derzeit in den sozialen Netzwerken abl\u00e4uft hat mit Demokratie nicht viel zu tun und macht mir ehrlich gesagt gro\u00dfe Sorgen. Hasserf\u00fcllte und menschenfeindliche Beitr\u00e4ge sind in sozialen Netzwerken wie z.B Facebook l\u00e4ngst zur Tagesordnung geworden.\u00a0<\/strong><strong>Mittlerweile werden Politiker nicht nur kritisiert, sondern auch massiv pers\u00f6nlich angegriffen und verunglimpft. Bei allem Verst\u00e4ndnis: Ich finde dies geht zu weit! Ich glaube noch an das Gute im Menschen und bilde mir ein, dass jeder Politiker, egal welcher Couleur, aus einer inneren \u00dcberzeugung sein Mandat angestrebt hat. Nat\u00fcrlich gibt es gerade in der Politik \u201eSchwarze Schafe\u201c. Die pers\u00f6nlichen Anfeindungen mit Androhungen bis zum Mord gehen jedoch viel zu weit und sind aus meiner Sicht unverantwortlich.<\/strong><\/p>\n\n\n\n<p class=\"wp-block-paragraph\">Laut einer aktuellen Umfrage haben mittlerweile zwei Drittel aller befragten Personen, bereits mit Hassbotschaften in sozialen Netzwerken, Internetforen oder Blogs zu tun gehabt. In der Altersgruppe der 14- bis 24-J\u00e4hrigen haben sogar\u00a091 Prozent schlechte Erfahrungen mit Hass im Netz\u00a0gemacht. Rechtsextreme Inhalte in den sozialen Medien bestehen laut eines Fernsehberichtes vor allem aus rassistischer Hetze gegen Fl\u00fcchtlinge, aus Falschmeldungen, drastischen Gewaltszenen, Verschw\u00f6rungstheorien sowie Hassbeitr\u00e4gen gegen Juden, Sinti und Roma sowie gegen Homosexuelle.<\/p>\n\n\n\n<p class=\"wp-block-paragraph\"><strong>Es regiert der Hass und das neue Schimpfwort des Jahres lautet: Gutmensch!<\/strong><\/p>\n\n\n\n<p class=\"wp-block-paragraph\"><strong>Wie paradox ist das denn eigentlich? Ein Gutmensch ist heute also ein verachtendes Schimpfwort? Ich komme damit nur schwer klar und habe mit dieser neuen Denkweise meine Probleme. Wenn man sich nicht mehr von dem Politiker seiner Wahl gut vertreten f\u00fchlt, muss man seine Konsequenzen ziehen. Am besten man geht zur Wahl und entscheidet sich beim n\u00e4chsten Mal einfach anders. Dies bedeutet jedoch nicht, dass man rechtsextremen Parteien und Fallensteller auf den Leim geht. Viele Extremisten nutzen Webseiten, Foren, Blogs und soziale Netzwerke um falsche Informationen zu streuen und damit \u00c4ngste, Vorurteile und Hass zu sch\u00fcren. Die altbekannten Halb-Wahrheiten r\u00fccken wieder vermehrt in den Vordergrund.<\/strong><\/p>\n\n\n\n<p class=\"wp-block-paragraph\">Keine Frage die in unserem Land angekommenen Fl\u00fcchtlinge haben teilweise eine andere Kultur. Dies wiederum macht die Integration keineswegs leichter. Die Fl\u00fcchtlinge haben jedoch nichts mit den politischen Altlasten unserer Parteien zu tun. Alleine die Gesetze der letzten 20 Jahre haben dazu beigetragen, dass es immer noch Kinder- und Altersarmut in unserem Land gibt. Selbst wenn wir alle Fl\u00fcchtlinge sofort Nachhause schicken w\u00fcrden, h\u00e4tten wir weiterhin die altbekannten Probleme. Keine Frage, es muss endlich etwas passieren !<\/p>\n\n\n\n<p class=\"wp-block-paragraph\"><strong>Als Familienvater habe ich nat\u00fcrlich auch Angst um meine Kinder. Ich wei\u00df aber auch genauso gut, dass die Angst ein schlechter Berater und ein falscher Freund ist. Straft\u00e4ter gibt es \u00fcberall, in jeder erdenklichen Nationalit\u00e4t. Ich kann dennoch diejenigen sehr gut verstehen, die Angst um ihre Kinder haben oder bereits einen geliebten Menschen durch ein Gewaltverbrechen verloren haben. Ich kann aber auch die Mutter verstehen, die mitten auf dem Meer ihren K\u00f6rper sch\u00fctzend \u00fcber ihr eigenes Kind legt um es vor K\u00e4lte, Wasser und Gefahren zu sch\u00fctzen. Menschlichkeit ist das Zauberwort!<\/strong><\/p>\n\n\n\n<p class=\"wp-block-paragraph\">Hass, Hetze, Vorurteile und gef\u00e4hrliche Halb-Wahrheiten spielen in unserem direkten Umfeld immer mehr eine gewichtige Rolle. Nat\u00fcrlich gibt es dies auch bei den Menschen in meinem Heimatort. Viel zu schnell greifen wir zur Tastatur und geben fragw\u00fcrdige Kommentare ab. Selbstverst\u00e4ndlich schlie\u00dfe ich mich selbst in diese Kritik mit ein. Auch ich habe oftmals viel zu emotional reagiert und zu schnell meine Meinung in den sozialen Medien vertreten. Meine Finger waren zu oft schneller als mein Verstand ! Ich habe die Sorge das wir immer mehr den Dialog und den direkten Meinungsaustausch verlernen. Das Zwischenmenschliche geht uns verloren!<\/p>\n\n\n\n<p class=\"wp-block-paragraph\"><strong>Ich pers\u00f6nlich habe mir fest vorgenommen, zuk\u00fcnftig nicht mehr sofort zu antworten, sondern vielmehr erst mal eine Nacht dar\u00fcber zu schlafen.<\/strong><\/p>\n\n\n\n<p class=\"wp-block-paragraph\"><em><strong>Grunds\u00e4tzlich gilt im Netz : Trau, Schau, Wem !<\/strong><\/em><\/p>\n","protected":false},"excerpt":{"rendered":"<p>Keine Frage, mit der derzeitigen politischen Situation in unserem Land und in Europa kann man durchaus hart ins Gericht gehen. Ich glaube die Politik war schon lange nicht mehr so weit weg von den Menschen in unserem Land.\u00a0Seit 12 Jahren bin ich nun Vorsitzender des SPD Ortsvereins Dirmingen. Ich habe dieses Amt angenommen um meinem Heimatdorf zu helfen und etwas<\/p>\n","protected":false},"author":1,"featured_media":1955,"comment_status":"open","ping_status":"closed","sticky":false,"template":"","format":"standard","meta":{"_crdt_document":"","footnotes":""},"categories":[1,46],"tags":[408,116,407,405,406,409,67],"class_list":["post-1953","post","type-post","status-publish","format-standard","has-post-thumbnail","hentry","category-allgemein","category-meine-politik","tag-demokratie","tag-erneuerung","tag-facebook","tag-fake-news","tag-hass-und-hetze","tag-netz","tag-spd"],"_links":{"self":[{"href":"https:\/\/echta-derminga.de\/index.php?rest_route=\/wp\/v2\/posts\/1953","targetHints":{"allow":["GET"]}}],"collection":[{"href":"https:\/\/echta-derminga.de\/index.php?rest_route=\/wp\/v2\/posts"}],"about":[{"href":"https:\/\/echta-derminga.de\/index.php?rest_route=\/wp\/v2\/types\/post"}],"author":[{"embeddable":true,"href":"https:\/\/echta-derminga.de\/index.php?rest_route=\/wp\/v2\/users\/1"}],"replies":[{"embeddable":true,"href":"https:\/\/echta-derminga.de\/index.php?rest_route=%2Fwp%2Fv2%2Fcomments&post=1953"}],"version-history":[{"count":11,"href":"https:\/\/echta-derminga.de\/index.php?rest_route=\/wp\/v2\/posts\/1953\/revisions"}],"predecessor-version":[{"id":1969,"href":"https:\/\/echta-derminga.de\/index.php?rest_route=\/wp\/v2\/posts\/1953\/revisions\/1969"}],"wp:featuredmedia":[{"embeddable":true,"href":"https:\/\/echta-derminga.de\/index.php?rest_route=\/wp\/v2\/media\/1955"}],"wp:attachment":[{"href":"https:\/\/echta-derminga.de\/index.php?rest_route=%2Fwp%2Fv2%2Fmedia&parent=1953"}],"wp:term":[{"taxonomy":"category","embeddable":true,"href":"https:\/\/echta-derminga.de\/index.php?rest_route=%2Fwp%2Fv2%2Fcategories&post=1953"},{"taxonomy":"post_tag","embeddable":true,"href":"https:\/\/echta-derminga.de\/index.php?rest_route=%2Fwp%2Fv2%2Ftags&post=1953"}],"curies":[{"name":"wp","href":"https:\/\/api.w.org\/{rel}","templated":true}]}}