{"id":19681,"date":"2026-03-14T13:00:50","date_gmt":"2026-03-14T12:00:50","guid":{"rendered":"https:\/\/echta-derminga.de\/?p=19681"},"modified":"2026-03-14T13:00:51","modified_gmt":"2026-03-14T12:00:51","slug":"ihr-christen-denket-all-daran-wie-halten-wir-die-kirche-im-dorf","status":"publish","type":"post","link":"https:\/\/echta-derminga.de\/?p=19681","title":{"rendered":"&#8222;Ihr Christen denket all daran&#8230;&#8220; &#8211; Wie halten wir die Kirche im Dorf ?"},"content":{"rendered":"\n<blockquote class=\"wp-block-quote is-layout-flow wp-block-quote-is-layout-flow\">\n<p class=\"has-medium-font-size wp-block-paragraph\"><strong>\u201eIhr Christen denket all daran heut f\u00e4ngt das bittere Leiden an\u201c <\/strong><\/p>\n\n\n\n<p class=\"has-medium-font-size wp-block-paragraph\"><strong>(Karfreitag \u2013 Ausruf der Dirminger Klepperkinder)<\/strong><\/p>\n<\/blockquote>\n\n\n\n<p class=\"has-medium-font-size wp-block-paragraph\"><strong>Fr\u00fcher h\u00f6rte man die Klepperkinder in der Karwoche \u00fcberall in unserem Dorf. Mit Hilfe einer Klapper oder Rappel zogen die Kinder singend durch die Stra\u00dfen um mit unterschiedlichen Spr\u00fcchen an die Gebetszeiten oder Gottesdienste zu erinnern. Ich bin evangelisch und in meiner Kinderzeit waren die beiden Konfessionen noch etwas weiter voneinander getrennt. Ich hatte damals den eigentlichen Sinn des \u201eKlepperns\u201c nicht verstanden. Meine Eltern erz\u00e4hlten mir, dass nach einer alten \u00dcberlieferung, von Gr\u00fcndonnerstag bis zum Ostersonntag, die Glocken nach Rom flogen. Aber was machten sie dort und wie kamen sie dorthin?&nbsp;Heute wei\u00df ich nat\u00fcrlich, dass in der Karwoche der Glockenklang nur symbolisch durch das Kleppern ersetzt wird. Als kleiner Junge habe ich diese Geschichte nat\u00fcrlich geglaubt.<\/strong><\/p>\n\n\n\n<p class=\"has-medium-font-size wp-block-paragraph\">Heute ist das Kleppern vielerorts ausgestorben und auch in Dirmingen waren in den letzten Jahren nur noch selten Klepperkinder unterwegs. Schade! Die Zeit der Klepperkinder neigt sich dem Ende zu und mit ihnen geht eine sch\u00f6ne Tradition verloren. Der demografische Wandel spielt dabei nat\u00fcrlich eine gewichtige Rolle. Weitere Gr\u00fcnde liegen mit Sicherheit in unserer Erziehung und im aktuellen Zeitgeist begraben. Der christliche Glauben und die damit verbundene N\u00e4he zur Kirche ging in den letzten Jahren immer mehr verloren. Unsere Kinder haben einfach keine Lust mehr morgens aufzustehen und den ganzen Tag einer religi\u00f6sen T\u00e4tigkeit nachzugehen. Glauben ist aus der Mode gekommen. Nat\u00fcrlich tr\u00e4gt auch die Kirche eine gewisse Mitschuld an dieser Entwicklung.<\/p>\n\n\n<div class=\"wp-block-image\">\n<figure class=\"aligncenter size-full\"><img loading=\"lazy\" decoding=\"async\" width=\"600\" height=\"1063\" src=\"https:\/\/echta-derminga.de\/wp-content\/uploads\/2026\/03\/IMG-20180328-WA0000-Kopie.jpg\" alt=\"\" class=\"wp-image-19710\"\/><\/figure>\n<\/div>\n\n\n<p class=\"has-medium-font-size wp-block-paragraph\"><strong>Am Ende spielt es keine Rolle an was man glaubt, wichtig ist, dass man an irgendetwas glaubt ! Die Menschen haben sich von dem christlichen Glauben abgewandt und treten verst\u00e4rkt aus der Kirche aus. Jeder r\u00fcckt sich seine pers\u00f6nliche Wahrheit ins rechte Licht und scheut auch nicht davor zur\u00fcck das Gute mit dem schlechten oder N\u00fctzlichen zu verbinden. Ich glaube, unser Glaube sehr viel mit der eigenen Identifikation zu tun. Meine Oma mahnte immer: &#8222;Vergiss nicht wo du herkommst&#8220;. Will sagen: Wenn wir uns selbst den Boden unter den F\u00fc\u00dfen abgraben, werden wir ins bodenlose fallen. Es geht wieder los:  Wir bek\u00e4mpfen andere Kulturen und nehmen unsere eigene Identit\u00e4t \u00fcberhaupt nicht mehr wahr. Wir bekam\u00e4mpfen den Bau einer Moschee und streiten dar\u00fcber ob ein Kreuz noch in ein Klassenzimmer geh\u00f6rt. Leute, das ist nicht der richtige Weg!<\/strong><\/p>\n\n\n\n<blockquote class=\"wp-block-quote is-layout-flow wp-block-quote-is-layout-flow\">\n<p class=\"has-medium-font-size wp-block-paragraph\"><strong>\u201eIhr Christen heute streitet nicht, es brennt das heil\u2019ge Osterlicht <\/strong>&#8222;<\/p>\n\n\n\n<p class=\"has-medium-font-size wp-block-paragraph\"><strong>(Ostersamstag- Ausruf der Dirminger Klepperkinder)<\/strong><\/p>\n<\/blockquote>\n\n\n\n<p class=\"has-medium-font-size wp-block-paragraph\"><strong>Eine hohe Anzahl an Sch\u00fclerinnen und Sch\u00fclern in unserem Land wissen \u00fcberhaupt nicht wei\u00df was Christen an Ostern feiern. Was feiert man an Ostern eigentlich? Was bedeutet Ostern noch in unserer Zeit? Ein paar Tage Freizeit, ein bisschen Brauchtum mit bemalten Eiern? Man muss die Feste halt feiern wie sie fallen und die Kinder freuen sich, wenn der Osterhase die bunten Eier bringt. Manche Leute antizipieren das Osterfest mit dem Fr\u00fchling. Stimmt, Ostern als Fr\u00fchlingsfest geht auf das heidnisches Fest Ostara zur\u00fcck. Ostara markierte bei den Heiden den Beginn des Fr\u00fchlings. Als die Christen die Heiden verdr\u00e4ngten k\u00f6nnte aus dem heidnischen Ostara das christliche W\u00f6rtchen Ostern entstanden sein. Ostern ist der wichtigste Feiertag im christlichen Kalender. F\u00fcr die Christen ist das Osterfest weitaus wichtiger als das Weihnachtsfest. Ostern steht f\u00fcr die Wiederauferstehung, die Vergebung der S\u00fcnden und das ewige Leben. Die Urspr\u00fcnge f\u00fcr das christliche Osterfest liegen im j\u00fcdischen Passah-Fest. Dieses j\u00fcdische Fest erinnert an den Auszug der Israeliten aus \u00c4gypten. Jesu letztes Abendmahl, die Kreuzigung und Wiederauferstehung fanden w\u00e4hrend des j\u00fcdischen Passah statt. Die Kirche einigte sich irgendwann w\u00e4hrend eines Konzils darauf, dass der Ostersonntag immer der Sonntag ist, der dem ersten Vollmond nach Fr\u00fchlingsanfang folgt.<\/strong><\/p>\n\n\n\n<p class=\"has-medium-font-size wp-block-paragraph\">Im Grunde ist es ganz einfach: Zu Ostern feiern wir die Auferstehung von Jesus Christus, dem Sohn Gottes. Der Tot wurde besiegt und hat keine Macht mehr \u00fcber die Menschen. Jeder Feiertag zu Ostern hin tr\u00e4gt seine eigene Bedeutung. Der Gr\u00fcndonnerstag verdankt seinen Namen dem alten Wort \u201egreinen\u201c, was so viel bedeutet wie \u201eweinen\u201c. Der Karfreitag (Kar -steht f\u00fcr Klage) ist der Tag, an dem Jesus verraten, verurteilt und get\u00f6tet wurde. Am dritten Tag, dem Ostersonntag, ist Jesus auferstanden. Im Johannesevangelium 14,19 verspricht Jesus den Menschen: \u201eWeil ich lebe, werdet auch ihr leben.\u201c<\/p>\n\n\n<div class=\"wp-block-image\">\n<figure class=\"aligncenter size-large\"><img loading=\"lazy\" decoding=\"async\" width=\"700\" height=\"579\" src=\"https:\/\/echta-derminga.de\/wp-content\/uploads\/2023\/05\/20230509_200157-700x579.jpg\" alt=\"\" class=\"wp-image-15150\" srcset=\"https:\/\/echta-derminga.de\/wp-content\/uploads\/2023\/05\/20230509_200157-700x579.jpg 700w, https:\/\/echta-derminga.de\/wp-content\/uploads\/2023\/05\/20230509_200157-300x248.jpg 300w, https:\/\/echta-derminga.de\/wp-content\/uploads\/2023\/05\/20230509_200157-768x636.jpg 768w, https:\/\/echta-derminga.de\/wp-content\/uploads\/2023\/05\/20230509_200157-1536x1271.jpg 1536w, https:\/\/echta-derminga.de\/wp-content\/uploads\/2023\/05\/20230509_200157-2048x1695.jpg 2048w\" sizes=\"auto, (max-width: 700px) 100vw, 700px\" \/><\/figure>\n<\/div>\n\n\n<p class=\"has-medium-font-size wp-block-paragraph\"><strong>Ostern hat viel mit Sitten, Kultur, Brauchtum, Heimat und Glauben zu tun. Ich pers\u00f6nlich finde es sehr schade, dass der Glaube und eine christliche Erziehung nicht mehr in vorderster Reihe stehen. Stellt sich die Frage: \u201eBraucht der Mensch die Religion?\u201c Zugegeben, ich bin mir nicht sicher ob wir so etwas wie eine kirchliche Institution ben\u00f6tigen. Die Kirche hat im Laufe der letzten Jahrhunderte viel Leid verursacht. Wer sprichw\u00f6rtlich durch die Jahrtausende streift und auf die Kreuzz\u00fcge im Mittelalter, die Blutspur der Inquisition und des Judenhasses schaut, wird dem Christentum nicht mehr viel abgewinnen k\u00f6nnen. Auf der anderen Seite gibt es die Suche nach dem Sinn des Lebens. Jeder von uns steht irgendwann in seinem Leben vor dieser entscheidenden Frage: Wer bin ich, wohin gehe ich? Sp\u00e4testens wenn wir einen lieben Menschen beerdigen m\u00fcssen, kehrt der Zweifel zur\u00fcck.<\/strong><\/p>\n\n\n\n<p class=\"has-medium-font-size wp-block-paragraph\">F\u00fcr meinen Glauben ben\u00f6tige ich keine Kirche ! Ist das wirklich so einfach ? Steckt nicht vielmehr hinter unserem Glauben und der Institution Kirche ? Wo finden wir ohne die Kirche R\u00fcckhalt, Seelsorge und Trost ? Immer wenn ich in &#8222;meiner&#8220; Kirche gemeinsam mit anderen bete oder Abendmahl feiere, f\u00fchle ich mich Zuhause. Heutzutage ist es schwer die &#8222;Kirche im Dorf&#8220; zu lassen. Man f\u00fchre sich unseren Heimatort einmal ohne die beiden ortsbildpr\u00e4genden Kircht\u00fcrme der vorhandenen katholischen oder evangelischen Kirchen vor Augen. Unvorstellbar? Oder sind wir l\u00e4ngst auf dem Weg dorthin ? Beide Konfessionen werfen seit geraumer Zeit einen kritischen Blick auf ihre kirchlichen Geb\u00e4ude und Pfarrh\u00e4user.   <\/p>\n\n\n\n<blockquote class=\"wp-block-quote is-layout-flow wp-block-quote-is-layout-flow\">\n<p class=\"has-medium-font-size wp-block-paragraph\"><strong>\u201eHerbei, herbei ihr lieben Leut, Christus ist erstanden heut.\u201c<\/strong><\/p>\n\n\n\n<p class=\"has-medium-font-size wp-block-paragraph\"><strong>(Ostersonntag \u2013 Ausruf der Dirminger Klepperkinder)<\/strong><\/p>\n<\/blockquote>\n\n\n\n<p class=\"has-medium-font-size wp-block-paragraph\">Vielleicht nutzen wir das diesj\u00e4hrige Osterfest einmal dazu um \u00fcber Religion, Glauben und Kirche nachzudenken. Vielleicht schadet es auch nicht, einmal einen Gottesdienst in der evangelischen oder katholischen Kirche zu besuchen. Mann sollte ja schlie\u00dflich wissen wovon man spricht und mit welchem &#8222;Gegner&#8220; man es zu tun hat. Mir pers\u00f6nlich hat mein Glaube und auch die Kirche viel gegeben. Mein Verh\u00e4ltnis zur Kirche gleicht dem eines heranwachsenden Sohnes zu seinem Vater. Die beiden verbindet ein langer Weg voller Entt\u00e4uschung, Liebe, Wut, Zuversicht und Heimatgef\u00fchl. F\u00fcr mich pers\u00f6nlich ist ein Kirchgang wie Nachhause kommen ? Am Ende treibt es einen immer wieder Nachhause. <\/p>\n\n\n<div class=\"wp-block-image\">\n<figure class=\"aligncenter size-full\"><img loading=\"lazy\" decoding=\"async\" width=\"560\" height=\"649\" src=\"https:\/\/echta-derminga.de\/wp-content\/uploads\/2020\/05\/blog-1.jpg\" alt=\"\" class=\"wp-image-6438\" srcset=\"https:\/\/echta-derminga.de\/wp-content\/uploads\/2020\/05\/blog-1.jpg 560w, https:\/\/echta-derminga.de\/wp-content\/uploads\/2020\/05\/blog-1-259x300.jpg 259w\" sizes=\"auto, (max-width: 560px) 100vw, 560px\" \/><\/figure>\n<\/div>\n\n\n<p class=\"has-medium-font-size wp-block-paragraph\"><strong>Nein, man braucht mit Sicherheit keine Kirche um seinen Glauben zu Leben. Ich pers\u00f6nlich verbinde Kirche und Glaube immer mit Heimat, Kindheit und eigener Identit\u00e4t. Am Ende kann das Jede oder Jeder so halten wie Er oder Sie m\u00f6chte. Die Besucherzahlen in den Gottesdiensten und Messen sind alarmierend und die Austrittszahlen aus den Kirchen erschreckend. Wenn wir unser Land, Stadt, Dorf oder Heimat erhalten und lebenswert gestalten m\u00f6chten, ben\u00f6tigen wir unsere Wurzeln. Wenn wir schon nicht an der Institution Kirche festhalten wollen, sollten wir zumindest unseren Glauben bewahren. Vielleicht findet dann wieder zusammen, was zusammen geh\u00f6rt ?!?<\/strong><\/p>\n\n\n\n<blockquote class=\"wp-block-quote is-layout-flow wp-block-quote-is-layout-flow\">\n<p class=\"has-medium-font-size wp-block-paragraph\"><strong>&#8222;Nun aber bleiben Glaube, Hoffnung, Liebe, diese drei; aber die Liebe ist die gr\u00f6\u00dfte unter ihnen.&#8220;<\/strong><\/p>\n\n\n\n<p class=\"has-medium-font-size wp-block-paragraph\"> <strong>(1.Korinther, Vers 13)<\/strong><\/p>\n<\/blockquote>\n\n\n\n<p class=\"wp-block-paragraph\"><\/p>\n","protected":false},"excerpt":{"rendered":"<p>\u201eIhr Christen denket all daran heut f\u00e4ngt das bittere Leiden an\u201c (Karfreitag \u2013 Ausruf der Dirminger Klepperkinder) Fr\u00fcher h\u00f6rte man die Klepperkinder in der Karwoche \u00fcberall in unserem Dorf. Mit Hilfe einer Klapper oder Rappel zogen die Kinder singend durch die Stra\u00dfen um mit unterschiedlichen Spr\u00fcchen an die Gebetszeiten oder Gottesdienste zu erinnern. Ich bin evangelisch und in meiner Kinderzeit<\/p>\n","protected":false},"author":1,"featured_media":18779,"comment_status":"open","ping_status":"closed","sticky":false,"template":"","format":"standard","meta":{"_crdt_document":"","footnotes":""},"categories":[1,9,47],"tags":[5,85,618,568,127,310],"class_list":["post-19681","post","type-post","status-publish","format-standard","has-post-thumbnail","hentry","category-allgemein","category-dorfgetratsche","category-meine-kirche","tag-dirmingen","tag-evangelische-kirche-dirmingen","tag-gemeinde-eppelborn","tag-katholische-kirchengemeinde","tag-landkreis-neunkirchen","tag-saarland"],"_links":{"self":[{"href":"https:\/\/echta-derminga.de\/index.php?rest_route=\/wp\/v2\/posts\/19681","targetHints":{"allow":["GET"]}}],"collection":[{"href":"https:\/\/echta-derminga.de\/index.php?rest_route=\/wp\/v2\/posts"}],"about":[{"href":"https:\/\/echta-derminga.de\/index.php?rest_route=\/wp\/v2\/types\/post"}],"author":[{"embeddable":true,"href":"https:\/\/echta-derminga.de\/index.php?rest_route=\/wp\/v2\/users\/1"}],"replies":[{"embeddable":true,"href":"https:\/\/echta-derminga.de\/index.php?rest_route=%2Fwp%2Fv2%2Fcomments&post=19681"}],"version-history":[{"count":12,"href":"https:\/\/echta-derminga.de\/index.php?rest_route=\/wp\/v2\/posts\/19681\/revisions"}],"predecessor-version":[{"id":19714,"href":"https:\/\/echta-derminga.de\/index.php?rest_route=\/wp\/v2\/posts\/19681\/revisions\/19714"}],"wp:featuredmedia":[{"embeddable":true,"href":"https:\/\/echta-derminga.de\/index.php?rest_route=\/wp\/v2\/media\/18779"}],"wp:attachment":[{"href":"https:\/\/echta-derminga.de\/index.php?rest_route=%2Fwp%2Fv2%2Fmedia&parent=19681"}],"wp:term":[{"taxonomy":"category","embeddable":true,"href":"https:\/\/echta-derminga.de\/index.php?rest_route=%2Fwp%2Fv2%2Fcategories&post=19681"},{"taxonomy":"post_tag","embeddable":true,"href":"https:\/\/echta-derminga.de\/index.php?rest_route=%2Fwp%2Fv2%2Ftags&post=19681"}],"curies":[{"name":"wp","href":"https:\/\/api.w.org\/{rel}","templated":true}]}}