{"id":2017,"date":"2018-08-29T16:43:55","date_gmt":"2018-08-29T15:43:55","guid":{"rendered":"http:\/\/echta-derminga.de\/?p=2017"},"modified":"2018-08-29T17:02:22","modified_gmt":"2018-08-29T16:02:22","slug":"dirminger-kulturecke-ein-panzer-namens-dirmingen","status":"publish","type":"post","link":"https:\/\/echta-derminga.de\/?p=2017","title":{"rendered":"Dirminger Kulturecke &#8211; Ein Panzer Namens Dirmingen"},"content":{"rendered":"\n<p class=\"wp-block-paragraph\"><strong>In der Dirminger Kulturecke erfahren Sie alles was Sie schon immer \u00fcber Dirmingen wissen wollten oder wissen sollten. Wussten Sie schon, dass im Jahre 1983 ein gepanzerter R\u00e4derwagen der 1.Escadron de Cuirassiers, aus der Kaserne St. Wendel, mit dem Namen Dirmingen getauft wurde?<\/strong><\/p>\n\n\n\n<p class=\"wp-block-paragraph\">Zu den Tauffeierlichkeiten, am Reservistenheim in Dirmingen, waren damals zahlreiche Schaulustige erschienen. Neben vielen interessierten B\u00fcrgerinnen und B\u00fcrgern waren etliche franz\u00f6sische Soldaten aus St. Wendel und Reservisten der Illtal-Kameradschaft zu den Feierlichkeiten gekommen. Als Taufpatin fungierte die Gesch\u00e4ftsf\u00fchrerin der einheimischen Sch\u00e4fer Brauerei Frau Luise Br\u00fcck. Unter dem Beifall der zahlreichen Schaulustigen vollzog Frau Br\u00fcck mit einer Flasche Champagner die Taufzeremonie. Der damalige Dirminger Ortsvorsteher Gerhard Wagner lobte das gute Verh\u00e4ltnis zwischen der franz\u00f6sischen Armee und der deutschen Reservistenkameradschaft Illtal.<\/p>\n\n\n\n<p class=\"wp-block-paragraph\"><strong>Bei der franz\u00f6sischen Armee war es \u00fcber viele Jahrzehnte guter Brauch den eigenen Fahrzeugen einen Namen zu geben. Seit September 1983 gab es nun auch ein Fahrzeug mit dem Namen Dirmingen. Die Freundschaft zwischen der franz\u00f6sischen 1.Escadron de Cuirassiers in St. Wendel und der Reservistenkameradschaft Illtal, mit Sitz in Dirmingen, begann im Jahre 1969 und hielt bis zur Schlie\u00dfung der Kaserne in St. Wendel. Die Verbundenheit der Soldaten zeichnete sich unter anderem auch durch die gegenseitige Teilnahme zahlreicher Aktivit\u00e4ten aus. \u00dcber viele Jahre war es eine Selbstverst\u00e4ndlichkeit, dass die franz\u00f6sische Armee an einem Umzug eines Dirminger Volksfestes teilnahm. Im Rahmen der Tauffeierlichkeiten des damaligen Panzerfahrzeuges Dirmingen wurde diese Freundschaft mit der \u00dcbergabe eines Wimpels feierlich fundamentiert.<\/strong><\/p>\n","protected":false},"excerpt":{"rendered":"<p>In der Dirminger Kulturecke erfahren Sie alles was Sie schon immer \u00fcber Dirmingen wissen wollten oder wissen sollten. Wussten Sie schon, dass im Jahre 1983 ein gepanzerter R\u00e4derwagen der 1.Escadron de Cuirassiers, aus der Kaserne St. Wendel, mit dem Namen Dirmingen getauft wurde? Zu den Tauffeierlichkeiten, am Reservistenheim in Dirmingen, waren damals zahlreiche Schaulustige erschienen. Neben vielen interessierten B\u00fcrgerinnen und<\/p>\n","protected":false},"author":1,"featured_media":2018,"comment_status":"open","ping_status":"closed","sticky":false,"template":"","format":"standard","meta":{"_crdt_document":"","footnotes":""},"categories":[2],"tags":[417,416,413,415,414,418],"class_list":["post-2017","post","type-post","status-publish","format-standard","has-post-thumbnail","hentry","category-kulturecke","tag-franzoesisch","tag-kameradschaft-armee","tag-panzer","tag-reservistenheim","tag-st-wendel","tag-taufzeremonie"],"_links":{"self":[{"href":"https:\/\/echta-derminga.de\/index.php?rest_route=\/wp\/v2\/posts\/2017","targetHints":{"allow":["GET"]}}],"collection":[{"href":"https:\/\/echta-derminga.de\/index.php?rest_route=\/wp\/v2\/posts"}],"about":[{"href":"https:\/\/echta-derminga.de\/index.php?rest_route=\/wp\/v2\/types\/post"}],"author":[{"embeddable":true,"href":"https:\/\/echta-derminga.de\/index.php?rest_route=\/wp\/v2\/users\/1"}],"replies":[{"embeddable":true,"href":"https:\/\/echta-derminga.de\/index.php?rest_route=%2Fwp%2Fv2%2Fcomments&post=2017"}],"version-history":[{"count":3,"href":"https:\/\/echta-derminga.de\/index.php?rest_route=\/wp\/v2\/posts\/2017\/revisions"}],"predecessor-version":[{"id":2021,"href":"https:\/\/echta-derminga.de\/index.php?rest_route=\/wp\/v2\/posts\/2017\/revisions\/2021"}],"wp:featuredmedia":[{"embeddable":true,"href":"https:\/\/echta-derminga.de\/index.php?rest_route=\/wp\/v2\/media\/2018"}],"wp:attachment":[{"href":"https:\/\/echta-derminga.de\/index.php?rest_route=%2Fwp%2Fv2%2Fmedia&parent=2017"}],"wp:term":[{"taxonomy":"category","embeddable":true,"href":"https:\/\/echta-derminga.de\/index.php?rest_route=%2Fwp%2Fv2%2Fcategories&post=2017"},{"taxonomy":"post_tag","embeddable":true,"href":"https:\/\/echta-derminga.de\/index.php?rest_route=%2Fwp%2Fv2%2Ftags&post=2017"}],"curies":[{"name":"wp","href":"https:\/\/api.w.org\/{rel}","templated":true}]}}