{"id":2138,"date":"2018-09-19T19:16:49","date_gmt":"2018-09-19T18:16:49","guid":{"rendered":"http:\/\/echta-derminga.de\/?p=2138"},"modified":"2023-05-05T15:57:33","modified_gmt":"2023-05-05T14:57:33","slug":"2138","status":"publish","type":"post","link":"https:\/\/echta-derminga.de\/?p=2138","title":{"rendered":"Vom Schulhaus zum Parkplatz &#8211; Meine Erinnerungen an die &#8222;Alt Schuul&#8220;"},"content":{"rendered":"\n<blockquote class=\"wp-block-quote is-layout-flow wp-block-quote-is-layout-flow\">\n<p class=\"wp-block-paragraph\"><strong><em>Alte Schule, altes Haus &#8211; du siehst heute anders aus. Und ich geh zum letzten Mal durch deine T\u00fcr. Neue Schule, neues Gl\u00fcck und es f\u00fchrt kein Weg zur\u00fcck. Alte Schule, altes Haus &#8211; ich danke dir! Ich stand hier am ersten Schultag, mit der T\u00fcte in der Hand, sah mich um in deinen R\u00e4umen &#8211; riesengro\u00df und unbekannt, lernte Rechnen, Lesen, Schreiben, hab gesungen und gespielt und mich bald in deinen Mauern richtig wohlgef\u00fchlt! Alte Schule, altes Haus &#8211; du siehst heute anders aus. Und ich geh zum letzten Mal durch deine T\u00fcr. Alte Schule, altes Haus &#8211; ich danke dir! (Songtext: Rolf Zuckowski)<\/em><\/strong><\/p>\n<\/blockquote>\n\n\n<div class=\"wp-block-image\">\n<figure class=\"alignleft is-resized\"><img loading=\"lazy\" decoding=\"async\" src=\"https:\/\/echta-derminga.de\/wp-content\/uploads\/2018\/09\/FB_IMG_1476164694682.jpg\" alt=\"\" class=\"wp-image-2143\" width=\"240\" height=\"329\" srcset=\"https:\/\/echta-derminga.de\/wp-content\/uploads\/2018\/09\/FB_IMG_1476164694682.jpg 320w, https:\/\/echta-derminga.de\/wp-content\/uploads\/2018\/09\/FB_IMG_1476164694682-219x300.jpg 219w\" sizes=\"auto, (max-width: 240px) 100vw, 240px\" \/><figcaption class=\"wp-element-caption\">Erster Schultag in der &#8222;Alt Schuul&#8220;<\/figcaption><\/figure>\n<\/div>\n\n\n<p class=\"wp-block-paragraph\">Im Jahre 1975 wurde ich in der alten Schule, neben der Dirminger Borrwieshalle, eingeschult. Wenn ich mir ganz viel M\u00fche gebe, kann ich noch heute den etwas modrigen Geruch des Schulgeb\u00e4udes riechen. Heute findet man nichts mehr was auf dieses wundersch\u00f6ne Geb\u00e4ude hinweist. Dort wo fr\u00fcher das Einmaleins gepaukt wurde, befindet sich mittlerweile ein gro\u00dfer Parkplatz. Einmal im Jahr dient diese Parkfl\u00e4che, in der Adventszeit, als Austragungsort f\u00fcr den \u201eMittelalterlichen Weihnachtsmarkt\u201c in Dirmingen. Im M\u00e4rz des Jahres 1988 wurde die \u201eAlt Schuul\u201c abgerissen. Das alte historische Geb\u00e4ude wurde nicht mehr gebraucht und schlie\u00dflich kurzerhand von der Bildfl\u00e4che entfernt. Der Protest der Bev\u00f6lkerung hielt sich damals in Grenzen. Heute hingegen w\u00fcrden mir pers\u00f6nlich so einige Dinge einfallen, die man in diesem wundersch\u00f6nen Schmuckst\u00fcck machen k\u00f6nnte.<\/p>\n\n\n\n<p class=\"wp-block-paragraph\"><strong>Zu meiner Schulzeit besuchten die Kinder des ersten und zweiten Schuljahres die alte Schule an der heutigen Borrwieshalle. Die Schulkinder der dritten und vierten Schulklasse hingegen besuchten die, in den sp\u00e4ten 1960ger gebaute, noch heute erhaltene Alsbachschule. Ich kann mich noch gut daran erinnern, dass sich im Keller der alten Grundschule ein Jugendzentrum befand. Unser Klassenzimmer war auf der untersten Etage, auf der rechten Seite eingerichtet. Ich hatte einen Fensterplatz und nutzte jede M\u00f6glichkeit um einen Blick nach drau\u00dfen zu erhaschen. Ich kann nicht behaupten, dass ich ein besonders flei\u00dfiger Sch\u00fcler gewesen war. Zu meiner Zeit war die \u201eAlt Schuul\u201c ein kommunales Schulgeb\u00e4ude, in dem beide Konfessionen eingeschult wurden. Dies war nicht immer so!<\/strong><\/p>\n\n\n<div class=\"wp-block-image\">\n<figure class=\"alignleft is-resized\"><img loading=\"lazy\" decoding=\"async\" src=\"https:\/\/echta-derminga.de\/wp-content\/uploads\/2018\/09\/3-3.jpg\" alt=\"\" class=\"wp-image-2147\" width=\"450\" height=\"293\" srcset=\"https:\/\/echta-derminga.de\/wp-content\/uploads\/2018\/09\/3-3.jpg 600w, https:\/\/echta-derminga.de\/wp-content\/uploads\/2018\/09\/3-3-300x196.jpg 300w\" sizes=\"auto, (max-width: 450px) 100vw, 450px\" \/><figcaption class=\"wp-element-caption\">Unten Rechts mein erstes Klassenzimmer<\/figcaption><\/figure>\n<\/div>\n\n\n<p class=\"wp-block-paragraph\">Am 12. Oktober 1931 wurde die damalige neue evangelische Schule, in der Urexweilerstra\u00dfe, feierlich er\u00f6ffnet. Zuvor waren die evangelischen Sch\u00fclerinnen und Sch\u00fcler in der alten evangelischen Schule, vor der evangelischen Kirche, untergebracht. Das verwaiste alte Schulhaus in der Ortsmitte wurde im Fr\u00fchjahr des Jahres 1934 abgetragen. In einem Vergleich zwischen der Zivil- und der Kirchengemeinde wurde festgelegt, dass der Platz vor der heute freistehenden Kirche nicht mehr bebaut werden darf. Die katholischen Sch\u00fclerinnen und Sch\u00fcler waren zu diesem Zeitpunkt in der katholischen Schule auf dem G\u00e4nseberg, der heutigen Tholeyerstra\u00dfe untergebracht. Im Jahre 1937 wurde die damals neue Schule, in der Urexweilerstrasse, aufgrund der damaligen politischen Entwicklung zur Gemeinschaftsschule. Die Sch\u00fcler beider Konfessionen wurden in 7 Klassen zusammengefasst. In dieser ersten Dirminger Gemeinschaftsschule waren zun\u00e4chst folgende Lehrerinnen und Lehrer t\u00e4tig: Herr Woll, Herr Reutler, Herr Wendling, Herr Becker, Herr Grimm, Fr\u00e4ulein Andres und Fr\u00e4ulein Schneider. Die Schule verf\u00fcgte am 01. Januar 1938 \u00fcber 347 Kinder. Die seit 1937 bestehende Gemeinschaftsschule wurde im Jahre 1945 wieder aufgel\u00f6st und in eine vierklassige evangelische und eine dreiklassige katholische Volksschule gewandelt. W\u00e4hrend die evangelischen Kinder in dem vorhandenen Schulhaus blieben, zogen die katholischen Sch\u00fclerinnen und Sch\u00fcler im Jahre 1961 in ihr neues Schulhaus auf dem Rotenberg. Die evangelische Schule verf\u00fcgte kurz nach dem Krieg noch 177 Schulkinder. Der Unterricht wurde von Fr\u00e4ulein Schneider, Herr Reutler und Herrn Wendling \u00fcbernommen. Die neue Einteilung in das alte konfessionelle System sorgte wieder daf\u00fcr, dass alte Spannungen zwischen den Katholiken und den Evangelen aufbrachen.<\/p>\n\n\n<div class=\"wp-block-image\">\n<figure class=\"alignleft is-resized\"><img loading=\"lazy\" decoding=\"async\" src=\"https:\/\/echta-derminga.de\/wp-content\/uploads\/2018\/09\/4-2.jpg\" alt=\"\" class=\"wp-image-2149\" width=\"450\" height=\"247\" srcset=\"https:\/\/echta-derminga.de\/wp-content\/uploads\/2018\/09\/4-2.jpg 600w, https:\/\/echta-derminga.de\/wp-content\/uploads\/2018\/09\/4-2-300x165.jpg 300w\" sizes=\"auto, (max-width: 450px) 100vw, 450px\" \/><figcaption class=\"wp-element-caption\">Bau der heutigen Grundschule Dirmingen 1960ger Jahren<\/figcaption><\/figure>\n<\/div>\n\n\n<p class=\"wp-block-paragraph\"><strong>Heute besuchen Grundsch\u00fclerinnen und Grundsch\u00fcler egal welcher Konfessionen und welchen Glaubens die Dirminger Alsbachschule. Das ist gut so! Beide Konfessionsschulen sind l\u00e4ngst zum Teil unserer Geschichte geworden. Schon zu meiner Schulzeit wurden Kinder beider Konfessionen in der \u201eAlt Schuul\u201c eingeschult und es wuchs mehr und mehr zusammen, was zusammengeh\u00f6rt. Die Zeiten \u00e4ndern sich und mit ihnen unser Ortsbild. In den 1960ger Jahren entstand unmittelbar neben der \u201eAlt Schuul\u201c die Borrwieshalle. Aus der damaligen katholischen Schule auf dem Rothenberg wurde sp\u00e4ter eine private staatlich anerkannte F\u00f6rderschule geistige Entwicklung der Lebenshilfewerk im Kreis Neunkirchen. <\/strong><\/p>\n\n\n<div class=\"wp-block-image\">\n<figure class=\"alignleft is-resized\"><img loading=\"lazy\" decoding=\"async\" src=\"https:\/\/echta-derminga.de\/wp-content\/uploads\/2018\/09\/Klassie-ej.jpg\" alt=\"\" class=\"wp-image-2151\" width=\"452\" height=\"323\" srcset=\"https:\/\/echta-derminga.de\/wp-content\/uploads\/2018\/09\/Klassie-ej.jpg 603w, https:\/\/echta-derminga.de\/wp-content\/uploads\/2018\/09\/Klassie-ej-300x214.jpg 300w\" sizes=\"auto, (max-width: 452px) 100vw, 452px\" \/><figcaption class=\"wp-element-caption\">Meine erste Schulklasse (Jahrgang)<\/figcaption><\/figure>\n<\/div>\n\n\n<p class=\"wp-block-paragraph\">Wenn ich die Augen schlie\u00dfe und mich besinne, erinnere ich mich an viele sch\u00f6ne unbeschwerte Stunden in der alten Schule. Ich erinnere mich an das toben, laufen und spielen in den Pausen und nach Schulende. Ich erinnere mich an meine ersten Leseversuche und an meine ersten Schritte in die Welt der Mathematik. Ich erinnere mich an meine erste Klassenlehrerin Frau Sch\u00e4fer und an meinen ersten Rektor Herr Klein. Ich erinnere mich an meine ersten Klassenkameraden. Meinen Jahrgang! Viele von Ihnen lernte ich bereits im Kindergarten kennen. Noch heute habe ich einen innigen Kontakt zum Gro\u00dfteil meines Jahrgangs. Wir sind \u00e4lter geworden und haben den Schulranzen schon lange abgelegt. Dennoch verbindet uns so einiges: <strong>Eine gemeinsame Kindheit, eine gemeinsame Heimat und die Erinnerung an unsere erste gemeinsame Schule.<\/strong><\/p>\n\n\n\n<blockquote class=\"wp-block-quote is-layout-flow wp-block-quote-is-layout-flow\">\n<p class=\"wp-block-paragraph\"><strong><em>Ihr st\u00fctzt euch auf Geschichte und sucht nicht, was ihr suchen sollt, und findet, was ihr finden wollt. Das nennet ihr Geschichte! Und das Alte gehet doch zunichte. O leset die Geschichte! Und sehet, wie der ew&#8216; ge Geist zum Neubau Altes niederrei\u00dft O lest &#8211; nie die Geschichte! Und das Alte gehet doch zunichte. (Heinrich Hoffmann von Fallersleben (1798-1874)&nbsp;<\/em><\/strong><\/p>\n<\/blockquote>\n","protected":false},"excerpt":{"rendered":"<p>Alte Schule, altes Haus &#8211; du siehst heute anders aus. Und ich geh zum letzten Mal durch deine T\u00fcr. Neue Schule, neues Gl\u00fcck und es f\u00fchrt kein Weg zur\u00fcck. Alte Schule, altes Haus &#8211; ich danke dir! Ich stand hier am ersten Schultag, mit der T\u00fcte in der Hand, sah mich um in deinen R\u00e4umen &#8211; riesengro\u00df und unbekannt, lernte<\/p>\n","protected":false},"author":1,"featured_media":2142,"comment_status":"open","ping_status":"closed","sticky":false,"template":"","format":"standard","meta":{"_crdt_document":"","footnotes":""},"categories":[1,8],"tags":[371,434,437,435,412,436],"class_list":["post-2138","post","type-post","status-publish","format-standard","has-post-thumbnail","hentry","category-allgemein","category-sellemols-und-awweile","tag-alsbachschule","tag-alte-schule","tag-borrwieshalle","tag-evangelische-schule","tag-konfession-dirmingen","tag-urexweilerstrasse"],"_links":{"self":[{"href":"https:\/\/echta-derminga.de\/index.php?rest_route=\/wp\/v2\/posts\/2138","targetHints":{"allow":["GET"]}}],"collection":[{"href":"https:\/\/echta-derminga.de\/index.php?rest_route=\/wp\/v2\/posts"}],"about":[{"href":"https:\/\/echta-derminga.de\/index.php?rest_route=\/wp\/v2\/types\/post"}],"author":[{"embeddable":true,"href":"https:\/\/echta-derminga.de\/index.php?rest_route=\/wp\/v2\/users\/1"}],"replies":[{"embeddable":true,"href":"https:\/\/echta-derminga.de\/index.php?rest_route=%2Fwp%2Fv2%2Fcomments&post=2138"}],"version-history":[{"count":20,"href":"https:\/\/echta-derminga.de\/index.php?rest_route=\/wp\/v2\/posts\/2138\/revisions"}],"predecessor-version":[{"id":15123,"href":"https:\/\/echta-derminga.de\/index.php?rest_route=\/wp\/v2\/posts\/2138\/revisions\/15123"}],"wp:featuredmedia":[{"embeddable":true,"href":"https:\/\/echta-derminga.de\/index.php?rest_route=\/wp\/v2\/media\/2142"}],"wp:attachment":[{"href":"https:\/\/echta-derminga.de\/index.php?rest_route=%2Fwp%2Fv2%2Fmedia&parent=2138"}],"wp:term":[{"taxonomy":"category","embeddable":true,"href":"https:\/\/echta-derminga.de\/index.php?rest_route=%2Fwp%2Fv2%2Fcategories&post=2138"},{"taxonomy":"post_tag","embeddable":true,"href":"https:\/\/echta-derminga.de\/index.php?rest_route=%2Fwp%2Fv2%2Ftags&post=2138"}],"curies":[{"name":"wp","href":"https:\/\/api.w.org\/{rel}","templated":true}]}}