{"id":2241,"date":"2018-10-02T16:47:58","date_gmt":"2018-10-02T15:47:58","guid":{"rendered":"http:\/\/echta-derminga.de\/?p=2241"},"modified":"2018-10-02T16:57:38","modified_gmt":"2018-10-02T15:57:38","slug":"neuer-kapitaen-auf-dem-schiff-das-sich-gemeinde-nennt","status":"publish","type":"post","link":"https:\/\/echta-derminga.de\/?p=2241","title":{"rendered":"Neuer Kapit\u00e4n auf dem Schiff das sich Gemeinde nennt"},"content":{"rendered":"\n<blockquote style=\"text-align:center\" class=\"wp-block-quote is-layout-flow wp-block-quote-is-layout-flow\"><p><em><strong>Matth\u00e4us 28, 18\/19\/20: \u201eUnd Jesus trat herzu, redete mit ihnen und sprach: Mir ist gegeben alle Gewalt im Himmel und auf Erden.\u00a0 Darum gehet hin und lehret alle V\u00f6lker: Taufet sie auf den Namen des Vaters und des Sohnes und des Heiligen Geistes und lehret sie halten alles, was ich euch befohlen habe. Und siehe, ich bin bei euch alle Tage bis an der Welt Ende.\u201c (Matth\u00e4us \u2013 Missionsbefehl)<\/strong><\/em><\/p><\/blockquote>\n\n\n<div class=\"wp-block-image\">\n<figure class=\"alignleft is-resized\"><img loading=\"lazy\" decoding=\"async\" src=\"https:\/\/echta-derminga.de\/wp-content\/uploads\/2018\/10\/12.jpg\" alt=\"\" class=\"wp-image-2245\" width=\"300\" height=\"400\" srcset=\"https:\/\/echta-derminga.de\/wp-content\/uploads\/2018\/10\/12.jpg 600w, https:\/\/echta-derminga.de\/wp-content\/uploads\/2018\/10\/12-225x300.jpg 225w\" sizes=\"auto, (max-width: 300px) 100vw, 300px\" \/><figcaption>Einsegnung<\/figcaption><\/figure>\n<\/div>\n\n\n<p class=\"wp-block-paragraph\" style=\"font-size:18px;text-align:left\"><strong>F\u00fcr die evangelische Kirchengemeinde Dirmingen endete am Sonntag,30. September eine zweij\u00e4hrige Vakanzzeit. Es war ein langer und steiniger Weg bis zur Wiederbesetzung unserer ersten Pfarrstelle. Nachdem unser ehemaliger Pfarrer Siegfried Arneth aus dem Krankenstand in den Ruhestand versetzt wurde, h\u00e4tte es wohl kaum jemand f\u00fcr m\u00f6glich gehalten, dass wir am Ende eine fast zweij\u00e4hrige Durststrecke \u00fcberstehen mussten.<\/strong><\/p>\n\n\n\n<p class=\"wp-block-paragraph\" style=\"font-size:18px\">Zwei Jahre voller Entbehrungen und Entt\u00e4uschungen. Mit einem neuen Pfarrer h\u00e4tte diese Zeit so viel besser genutzt werden k\u00f6nnen. Dennoch waren es am Ende auch zwei Jahre voller Hoffnungen, Zuversicht und Erfolgserlebnisse. Unser Presbyterium ist in dieser Zeit zweifellos zusammengewachsen. Nein, es war nicht alles schlecht in dieser Vakanzzeit. Wir haben das Beste daraus gemacht. Nun ist es vorbei und unsere Gemeinde hat seit Sonntag, 30.September um 15:28 Uhr einen neuen Pfarrer.<\/p>\n\n\n\n<p class=\"wp-block-paragraph\" style=\"font-size:18px\">Mit Pfarrer Hans Harro Eder haben wir am 19.August dieses Jahres einen erfahrenen Seelsorger gew\u00e4hlt. Hans Harro Eder wurde 1961 in Saarbr\u00fccken geboren und studierte nach dem Abitur im Saarland, Mainz und M\u00fcnster. Nach dem Vikariat in Leichlingen und dem Hilfsdienst in D\u00fcsseldorf wurde er 1993 Pfarrer in K\u00f6ln-Kalk-Humboldt. Zuletzt war Pfarrer Eder in der Kirchengemeinde Seelscheid t\u00e4tig. Unser neuer Pfarrer verf\u00fcgt \u00fcber eine Zusatzausbildungen in Klinischer Seelsorge und Notfallseelsorge. Hans Harro Eder ist verheiratet und hat zwei T\u00f6chter. Mittlerweile hat unser neuer Pfarrer seine Wohnung in Eppelborn bezogen.<\/p>\n\n\n<div class=\"wp-block-image\">\n<figure class=\"alignleft is-resized\"><img loading=\"lazy\" decoding=\"async\" src=\"https:\/\/echta-derminga.de\/wp-content\/uploads\/2018\/10\/scmidt.jpg\" alt=\"\" class=\"wp-image-2260\" width=\"300\" height=\"225\" srcset=\"https:\/\/echta-derminga.de\/wp-content\/uploads\/2018\/10\/scmidt.jpg 600w, https:\/\/echta-derminga.de\/wp-content\/uploads\/2018\/10\/scmidt-300x225.jpg 300w\" sizes=\"auto, (max-width: 300px) 100vw, 300px\" \/><figcaption>Verabschiedung Pfarrer Schmidt<\/figcaption><\/figure>\n<\/div>\n\n\n<p class=\"wp-block-paragraph\" style=\"font-size:18px\"><strong>Mit der Neubesetzung der ersten Pfarrstelle endete die Zeit unseres Vakanzverwalters Pfarrer Uwe Schmidt. In den letzten 7 Monaten leitete Pfarrer Schmidt die Geschicke unserer Gemeinde. Zuvor unterst\u00fctzte uns der jetzige Superintendent Markus Karsch mit all seinen Kr\u00e4ften. Ich denke unsere Gemeinde, insbesondere das Presbyterium, ist diesen beiden Pfarrern zum Dank verpflichtet. Der Stellvertretende Vorsitzender des Presbyteriums Andreas Schmitt hat dies auch auf eindrucksvolle Art und Weise, w\u00e4hrend des Einf\u00fchrungsgottesdienstes, zum Ausdruck gebracht.Bereits einigen Wochen zuvor hat sich das Presbyterium mit einem gemeinsamen Abendessen von Pfarrer Schmidt verabschiedet. Bedanken sollten wir uns auch bei unserem ehemaligen Pfarrer Siegfried Arneth und dem Pfarrerehepaar Brandt. Bei unserem ehemaligen Pfarrer Arneth bemerkte man nach dem Einf\u00fchrungsgottesdienst eine gro\u00dfe Erleichterung und Freude \u00fcber die Neubesetzung der ersten Pfarrstelle. Es war f\u00fcr alle Beteiligte keine einfache Zeit.<\/strong><\/p>\n\n\n<div class=\"wp-block-image\">\n<figure class=\"alignleft is-resized\"><img loading=\"lazy\" decoding=\"async\" src=\"https:\/\/echta-derminga.de\/wp-content\/uploads\/2018\/10\/13.jpg\" alt=\"\" class=\"wp-image-2248\" width=\"300\" height=\"400\" srcset=\"https:\/\/echta-derminga.de\/wp-content\/uploads\/2018\/10\/13.jpg 600w, https:\/\/echta-derminga.de\/wp-content\/uploads\/2018\/10\/13-225x300.jpg 225w\" sizes=\"auto, (max-width: 300px) 100vw, 300px\" \/><figcaption>Biblisches Votum<\/figcaption><\/figure>\n<\/div>\n\n\n<p class=\"wp-block-paragraph\" style=\"font-size:18px\">\u00a0Der Einf\u00fchrungsgottesdienst f\u00fcr unseren neuen Pfarrer fand am vergangenen Sonntag, den 30.September in der evangelischen Kirche in Dirmingen statt. Es war ein feierlicher und w\u00fcrdiger Gottesdienst unter Leitung von Superintendenten Pfarrer Markus Karsch und unseres Pfarrverwalters Pfarrer Uwe Schmidt. Auch f\u00fcr mich pers\u00f6nlich war dieser Gottesdienst etwas besonders. Als wir mit unserem Presbyterium und den Mitgliedern des KSV w\u00e4hrend der Einsegnung um unseren neuen Pfarrer standen, hatte dies etwas Ergreifendes. F\u00fcr mich pers\u00f6nlich war es eine Selbstverst\u00e4ndlichkeit unserem neuen Pfarrer ein biblisches Votum zu sprechen. Ich benutzte meinen Konfirmationsspruch. Der Bibelvers aus Johannes 11,25 hat f\u00fcr mich eine gro\u00dfe Bedeutung und ich wollte damit durchaus eine positive Message an den Mann bringen. <\/p>\n\n\n\n<p class=\"wp-block-paragraph\" style=\"font-size:18px\"><strong>Der Bibelvers aus Johannes 11,25:\u201c Ich bin die Auferstehung und das Leben; wer an mich glaubt, wird leben, auch wenn er gestorben ist;\u201c m\u00f6ge f\u00fcr den ein oder anderen etwas d\u00fcster wirken. Ich sehe das anders! Ich wollte mit meinem Konfirmationsspruch etwas Pers\u00f6nliches anmerken und finde au\u00dferdem das in diesem Bibelvers sehr viel Hoffnung und Zuversicht steckt. Ich sagte also mein Spr\u00fcchlein auf und verband mein biblisches Votum mit dem Wunsch auf eine enge und vertraute Zusammenarbeit.<\/strong><\/p>\n\n\n<div class=\"wp-block-image\">\n<figure class=\"alignleft is-resized\"><img loading=\"lazy\" decoding=\"async\" src=\"https:\/\/echta-derminga.de\/wp-content\/uploads\/2018\/10\/14.jpg\" alt=\"\" class=\"wp-image-2250\" width=\"300\" height=\"225\" srcset=\"https:\/\/echta-derminga.de\/wp-content\/uploads\/2018\/10\/14.jpg 600w, https:\/\/echta-derminga.de\/wp-content\/uploads\/2018\/10\/14-300x225.jpg 300w\" sizes=\"auto, (max-width: 300px) 100vw, 300px\" \/><figcaption>Mein Sohn gratuliert<\/figcaption><\/figure>\n<\/div>\n\n\n<p class=\"wp-block-paragraph\" style=\"font-size:18px\">Nach dem Gottesdienst fand ein Empfang im evangelischen Gemeindehaus statt. Im Laufe dieses Empfangs durfte auch ich unseren neuen Pfarrer und seine Familie etwas enger kennenlernen. Ich glaube wir beide werden uns verstehen. Ich setze gro\u00dfe Hoffnungen in unseren neuen Mann und denke das wir gut zusammenarbeiten werden.<\/p>\n\n\n\n<p class=\"wp-block-paragraph\" style=\"font-size:18px\"><strong>Was wird genau auf unseren neuen Pfarrer und unsere Gemeinde zukommen? Die evangelische Kirchengemeinde Dirmingen hat etwa 2015 Gemeindeglieder und umfasst 9 Ortschaften, die sich auf die Gemeinden Eppelborn, Marpingen und Tholey verteilen. Zu unserer Gemeinde geh\u00f6ren die Orte Bubach-Calmesweiler, Dirmingen, Eppelborn, Macherbach und Neububach sowie Berschweiler, Urexweiler, Sotzweiler und Bergweiler. Den Kern der Kirchengemeinde bilden die Ortsteile Dirmingen und Berschweiler, die seit 1575 zusammengeh\u00f6ren und etwa 1.400 Gemeindeglieder aufweisen.<\/strong><\/p>\n\n\n<div class=\"wp-block-image\">\n<figure class=\"alignleft is-resized\"><img loading=\"lazy\" decoding=\"async\" src=\"https:\/\/echta-derminga.de\/wp-content\/uploads\/2018\/10\/15.jpg\" alt=\"\" class=\"wp-image-2252\" width=\"300\" height=\"429\" srcset=\"https:\/\/echta-derminga.de\/wp-content\/uploads\/2018\/10\/15.jpg 600w, https:\/\/echta-derminga.de\/wp-content\/uploads\/2018\/10\/15-210x300.jpg 210w\" sizes=\"auto, (max-width: 300px) 100vw, 300px\" \/><figcaption>Begr\u00fc\u00dfungsgeste<\/figcaption><\/figure>\n<\/div>\n\n\n<p class=\"wp-block-paragraph\" style=\"font-size:18px\">Die n\u00e4chsten Jahre werden f\u00fcr unsere Gemeinde nicht einfach werden. Wir brauchen Mut zur Ver\u00e4nderung. Wir m\u00fcssen schwierige Themen angehen um unsere Gemeinde in eine gute Zukunft zu f\u00fchren. Ich bin \u00fcberzeugt, dass uns dies gelingen wird und wir auf einen guten Weg kommen. Wir m\u00fcssen einfach als Team funktionieren und unseren neuen Pfarrer nach Leibeskr\u00e4ften unterst\u00fctzen. Wir brauchen Gottvertrauen und Innovation. Dies alles zu vereinbaren wird keine leichte, aber machbare Aufgabe. Ich w\u00fcnsche unserem neuen Pfarrer viel Kraft, gute Ideen und viele sch\u00f6ne Erfahrungen in unserer Kirchengemeinde. Herzlich Willkommen Pfarrer Hans Harro Eder !<\/p>\n\n\n\n<p class=\"wp-block-paragraph\"><\/p>\n\n\n\n<blockquote style=\"text-align:center\" class=\"wp-block-quote is-layout-flow wp-block-quote-is-layout-flow\"><p><em><strong>Im Schiff, das sich Gemeinde nennt, muss eine Mannschaft sein, sonst ist man auf der weiten Fahrt verloren und allein. Ein jeder stehe, wo er steht, und tue seine Pflicht; wenn er sein Teil nicht treu erf\u00fcllt, gelingt das Ganze nicht. Und was die Mannschaft auf dem Schiff ganz fest zusammen schwei\u00dft in Glaube, Hoffnung, Zuversicht, ist Gottes guter Geist. Bleibe bei uns, Herr! Bleibe bei uns, Herr, denn sonst sind wir allein auf der Fahrt durch das Meer. O bleibe bei uns, Herr!<\/strong><\/em><\/p><\/blockquote>\n","protected":false},"excerpt":{"rendered":"<p>Matth\u00e4us 28, 18\/19\/20: \u201eUnd Jesus trat herzu, redete mit ihnen und sprach: Mir ist gegeben alle Gewalt im Himmel und auf Erden.\u00a0 Darum gehet hin und lehret alle V\u00f6lker: Taufet sie auf den Namen des Vaters und des Sohnes und des Heiligen Geistes und lehret sie halten alles, was ich euch befohlen habe. Und siehe, ich bin bei euch alle<\/p>\n","protected":false},"author":1,"featured_media":2244,"comment_status":"open","ping_status":"closed","sticky":false,"template":"","format":"standard","meta":{"_crdt_document":"","footnotes":""},"categories":[1,9,47],"tags":[453,75,451,452,450,86],"class_list":["post-2241","post","type-post","status-publish","format-standard","has-post-thumbnail","hentry","category-allgemein","category-dorfgetratsche","category-meine-kirche","tag-einfuehrungsgottesdienst","tag-evangelische-kirche","tag-evangelische-kirchengemeinde-dirmingen","tag-ksv","tag-neubesetzung","tag-pfarrstelle"],"_links":{"self":[{"href":"https:\/\/echta-derminga.de\/index.php?rest_route=\/wp\/v2\/posts\/2241","targetHints":{"allow":["GET"]}}],"collection":[{"href":"https:\/\/echta-derminga.de\/index.php?rest_route=\/wp\/v2\/posts"}],"about":[{"href":"https:\/\/echta-derminga.de\/index.php?rest_route=\/wp\/v2\/types\/post"}],"author":[{"embeddable":true,"href":"https:\/\/echta-derminga.de\/index.php?rest_route=\/wp\/v2\/users\/1"}],"replies":[{"embeddable":true,"href":"https:\/\/echta-derminga.de\/index.php?rest_route=%2Fwp%2Fv2%2Fcomments&post=2241"}],"version-history":[{"count":17,"href":"https:\/\/echta-derminga.de\/index.php?rest_route=\/wp\/v2\/posts\/2241\/revisions"}],"predecessor-version":[{"id":2267,"href":"https:\/\/echta-derminga.de\/index.php?rest_route=\/wp\/v2\/posts\/2241\/revisions\/2267"}],"wp:featuredmedia":[{"embeddable":true,"href":"https:\/\/echta-derminga.de\/index.php?rest_route=\/wp\/v2\/media\/2244"}],"wp:attachment":[{"href":"https:\/\/echta-derminga.de\/index.php?rest_route=%2Fwp%2Fv2%2Fmedia&parent=2241"}],"wp:term":[{"taxonomy":"category","embeddable":true,"href":"https:\/\/echta-derminga.de\/index.php?rest_route=%2Fwp%2Fv2%2Fcategories&post=2241"},{"taxonomy":"post_tag","embeddable":true,"href":"https:\/\/echta-derminga.de\/index.php?rest_route=%2Fwp%2Fv2%2Ftags&post=2241"}],"curies":[{"name":"wp","href":"https:\/\/api.w.org\/{rel}","templated":true}]}}