{"id":2366,"date":"2025-10-21T16:42:00","date_gmt":"2025-10-21T15:42:00","guid":{"rendered":"http:\/\/echta-derminga.de\/?p=2366"},"modified":"2025-09-21T15:50:39","modified_gmt":"2025-09-21T14:50:39","slug":"vom-psalm-23-uff-saarlaendisch","status":"publish","type":"post","link":"https:\/\/echta-derminga.de\/?p=2366","title":{"rendered":"Vom Psalm 23 uff Saarl\u00e4ndisch"},"content":{"rendered":"\n<p class=\"has-medium-font-size wp-block-paragraph\"><strong>Der HERR ist mein Hirte, mir wird nichts mangeln. Er weidet mich auf einer gr\u00fcnen Aue und f\u00fchret mich zum frischen Wasser. Er erquicket meine Seele. Er f\u00fchret mich auf rechter Stra\u00dfe um seines Namens willen. Und ob ich schon wanderte im finstern Tal, f\u00fcrchte ich kein Ungl\u00fcck; denn du bist bei mir, dein Stecken und Stab tr\u00f6sten mich. Du bereitest vor mir einen Tisch im Angesicht meiner Feinde. Du salbest mein Haupt mit \u00d6l und schenkest mir voll ein. Gutes und Barmherzigkeit werden mir folgen mein Leben lang, und ich werde bleiben im Hause des HERRN immerdar.(Psalm) 23<\/strong><\/p>\n\n\n\n<p class=\"has-medium-font-size wp-block-paragraph\">Der Psalm 23 geh\u00f6rt zu den bekanntesten Bibeltexten unserer Zeit. Pfarrer i.R Manfred Culmann hat sich den Bibeltext einmal genauer angesehen und ins saarl\u00e4ndische \u00fcbersetzt. Der Text ist im rheinfr\u00e4nkischen Dialekt geschrieben und \u00e4hnelt dem &#8222;Derminga&#8220; platt.<\/p>\n\n\n\n<h2 class=\"wp-block-heading\">Psalm 23 auf Saarl\u00e4ndisch ( von Pf.i.R Manfred Culmann)<\/h2>\n\n\n\n<p class=\"has-background has-very-dark-gray-color has-vivid-green-cyan-background-color has-text-color has-medium-font-size wp-block-paragraph\">Gott is mei Halt im Gudde un besonnerscht in schleschte Zeide. Denn aach dann hann isch genuch von dem, was isch brauche: Esse un Drinke un alles f\u00fcrs Herz.<\/p>\n\n\n\n<p class=\"has-background has-very-dark-gray-color has-vivid-green-cyan-background-color has-text-color has-medium-font-size wp-block-paragraph\">Er saat mir, wo&#8217;s langgehd, is mei Kumbel, so wie sei Name es saat. Er heischt: Isch bin fir disch do.<\/p>\n\n\n\n<p class=\"has-background has-very-dark-gray-color has-vivid-green-cyan-background-color has-text-color has-medium-font-size wp-block-paragraph\">Sogar, wenn&#8217;s zabbeduschter is, hann isch kenn Angscht. Er is bei mir un wenn er mim Knibbel dazwischengehe mu\u00df.<\/p>\n\n\n\n<p class=\"has-background has-very-dark-gray-color has-vivid-green-cyan-background-color has-text-color has-medium-font-size wp-block-paragraph\">Wo annere iwwer misch h\u00e4rfalle, hukscht du disch mit mir an e Disch, fahrschd ma iwwer de Kopp und saascht: Komm , drink ma noch eener.<\/p>\n\n\n\n<p class=\"has-very-dark-gray-color has-vivid-green-cyan-background-color has-text-color has-background wp-block-paragraph\" style=\"font-size:23px\">So iss es, solange isch l\u00e4we und dovor bleiw isch uff ewig dehemm beim Herrgott.<\/p>\n","protected":false},"excerpt":{"rendered":"<p>Der HERR ist mein Hirte, mir wird nichts mangeln. Er weidet mich auf einer gr\u00fcnen Aue und f\u00fchret mich zum frischen Wasser. Er erquicket meine Seele. Er f\u00fchret mich auf rechter Stra\u00dfe um seines Namens willen. Und ob ich schon wanderte im finstern Tal, f\u00fcrchte ich kein Ungl\u00fcck; denn du bist bei mir, dein Stecken und Stab tr\u00f6sten mich. Du<\/p>\n","protected":false},"author":1,"featured_media":2369,"comment_status":"open","ping_status":"closed","sticky":false,"template":"","format":"standard","meta":{"_crdt_document":"","footnotes":""},"categories":[1,9,47,213],"tags":[467,5,618,466,215,465,217],"class_list":["post-2366","post","type-post","status-publish","format-standard","has-post-thumbnail","hentry","category-allgemein","category-dorfgetratsche","category-meine-kirche","category-meine-mundart","tag-derminga-platt","tag-dirmingen","tag-gemeinde-eppelborn","tag-hirtentext","tag-mundart","tag-psalm-23","tag-saarlaendisch"],"_links":{"self":[{"href":"https:\/\/echta-derminga.de\/index.php?rest_route=\/wp\/v2\/posts\/2366","targetHints":{"allow":["GET"]}}],"collection":[{"href":"https:\/\/echta-derminga.de\/index.php?rest_route=\/wp\/v2\/posts"}],"about":[{"href":"https:\/\/echta-derminga.de\/index.php?rest_route=\/wp\/v2\/types\/post"}],"author":[{"embeddable":true,"href":"https:\/\/echta-derminga.de\/index.php?rest_route=\/wp\/v2\/users\/1"}],"replies":[{"embeddable":true,"href":"https:\/\/echta-derminga.de\/index.php?rest_route=%2Fwp%2Fv2%2Fcomments&post=2366"}],"version-history":[{"count":5,"href":"https:\/\/echta-derminga.de\/index.php?rest_route=\/wp\/v2\/posts\/2366\/revisions"}],"predecessor-version":[{"id":19157,"href":"https:\/\/echta-derminga.de\/index.php?rest_route=\/wp\/v2\/posts\/2366\/revisions\/19157"}],"wp:featuredmedia":[{"embeddable":true,"href":"https:\/\/echta-derminga.de\/index.php?rest_route=\/wp\/v2\/media\/2369"}],"wp:attachment":[{"href":"https:\/\/echta-derminga.de\/index.php?rest_route=%2Fwp%2Fv2%2Fmedia&parent=2366"}],"wp:term":[{"taxonomy":"category","embeddable":true,"href":"https:\/\/echta-derminga.de\/index.php?rest_route=%2Fwp%2Fv2%2Fcategories&post=2366"},{"taxonomy":"post_tag","embeddable":true,"href":"https:\/\/echta-derminga.de\/index.php?rest_route=%2Fwp%2Fv2%2Ftags&post=2366"}],"curies":[{"name":"wp","href":"https:\/\/api.w.org\/{rel}","templated":true}]}}