{"id":2395,"date":"2018-10-20T11:58:46","date_gmt":"2018-10-20T10:58:46","guid":{"rendered":"http:\/\/echta-derminga.de\/?p=2395"},"modified":"2025-09-21T15:53:52","modified_gmt":"2025-09-21T14:53:52","slug":"herbsterwachen-beim-kuerbisschnitzen-in-erinnerungen-ta","status":"publish","type":"post","link":"https:\/\/echta-derminga.de\/?p=2395","title":{"rendered":"Herbsterwachen &#8211; Beim &#8222;K\u00fcrbisschnitzen&#8220; in Erinnerungen tauchen"},"content":{"rendered":"\n<p class=\"wp-block-paragraph\" style=\"font-size:18px\"><strong>Drachen steigen lassen, \u201eRommelkepp\u201c klauen und schnitzen, Kastanien und bunte Bl\u00e4tter sammeln und Kartoffeln am offenen Feuer zubereiten. Ich kann mich noch gut daran erinnern, dass uns der Bauer einmal dabei erwischte, als wir aus seinem Feld die \u201eRommelkepp\u201c stibitzen um damit zuhause die bekannten Fratzen zu schnitzen<\/strong>.<strong>Heute benutzen die Kinder \u00fcberwiegend den K\u00fcrbis zum Basteln. Sp\u00e4testens mit der &#8222;Verdeutschung&#8220; des irischen Brauchtums \u201eHalloween\u201c hat der K\u00fcrbis im Herbst ohnehin Hochkonjunktur. Das ist gut so und keineswegs verwerflich. Jede Generation sollte ihren eigenen Weg gehen.<\/strong><\/p>\n\n\n\n<p class=\"wp-block-paragraph\" style=\"font-size:18px\">Wobei wir wieder bei meinem Lieblingsthema angekommen sind. Wie gelingt es uns die alten Traditionen, Br\u00e4uche und Sitten zu bewahren? Auf den Feldern sehe ich kaum noch V\u00e4ter, die mit ihren Kindern Drachen steigen lassen und unsere Bauern pflanzen schon lange nicht mehr Futterr\u00fcben, also \u201eRommele\u201c, an. Wie k\u00f6nnen wir also unseren Kindern die alten Br\u00e4uche vorleben und somit erhalten?<\/p>\n\n\n\n<p class=\"wp-block-paragraph\" style=\"font-size:18px\">Sch\u00f6n, dass uns in diesem Fall der Kindergarten oder auch die Schule zur Seite steht. Die Grundschule meines Sohnes hat vor kurzem ein gro\u00dfes Kartoffelfeuer gemacht und seine Schulklasse hatte ein herbstliches Klassenfest organisiert. Beim gemeinsamen K\u00fcrbis schnitzen mit meinem Sohnemann sind auch in mir so einige alte Kindheitserinnerungen erweckt. Jede Jahreszeit hat ihre sch\u00f6nen Seiten. Wissen wir das noch zu sch\u00e4tzen? Wohin mit unseren Erinnerungen und den vielen alten Br\u00e4uchen und Sitten?<\/p>\n\n\n\n<p class=\"wp-block-paragraph\" style=\"font-size:18px\"><strong>Meine Frau hat in diesem Herbst eine Vielzahl von Marmeladen zubereitet. Seien wir doch mal ehrlich, es geht doch nix \u00fcber eine \u201eguud Siesschmeer\u201c mit eigenem Obst. Nur wer macht sich noch die M\u00fche? Es ist um ein vieles leichterer den n\u00e4chsten Supermarkt anzusteuern um die bevorzugte Marmelade zu kaufen. Irgendwie schade oder? Ich verbinde mit dem Herbst auch eine Vielzahl von kulinarischen K\u00f6stlichkeiten: \u201eZwiewelschmeer\u201c, Federweisser, \u201eLachsem\u201c u.s.w.<\/strong><\/p>\n\n\n\n<p class=\"wp-block-paragraph\" style=\"font-size:18px\">In diesem Herbst habe ich das ein \u00fcbers andere Mal unseren Obst-und Gartenverein an der vereinseigenen Kelteranlage besucht. Sch\u00f6n das die Tradition des Kelterns weitergef\u00fchrt wird. Die Mitglieder des Obst -und Gartenbauvereins Dirmingen machen sich viel Arbeit und opfern viel Freizeit. In Dirmingen gibt es viele Streuobstwiesen- und Gartenbesitzer die einen Teil ihrer Ernte zu Apfelsaft verarbeiten lassen m\u00f6chten<strong>. <\/strong>Gut, dass es unsere Kelteranlage und die vielen ehrenamtlichen Mitstreiter gibt!<\/p>\n\n\n\n<p class=\"wp-block-paragraph\" style=\"font-size:18px\">Gerade in unserer Zeit ist es wichtig, dass die Menschen noch sehen, wo der Saft herkommt und wie die \u00c4pfel verarbeitet werden. Womit wir wieder bei unseren Kindern angekommen sind. Die Kinder unserer Grundschule haben auch in diesem Jahr die Kelteranlage am Kleinfeld besucht. Wie wird aus einer Vielzahl kleiner \u00c4pfel der leckere Apfelsaft gewonnen? Unsere Grundschulkinder konnten dies hautnah erleben und genie\u00dfen.<\/p>\n\n\n\n<p class=\"wp-block-paragraph\" style=\"font-size:18px\"><strong>Also Leute, wir sollten daran arbeiten unseren alten Br\u00e4uchen und Sitten zu bewahren. Ein jeder nach seiner Fa\u00e7on und gut denken. Traditionen und altes Brauchtum sind wichtig! Wenn wir unseren Kindern Werte vermitteln wollen, m\u00fcssen wir Sie auch vorleben. Wobei, ganz ehrlich, ich diene nicht als optimales Vorbild. Ich selbst verweigere mich schon seit vielen Jahren eine besondere Tradition. Ich halte \u00fcberhaupt nichts von &#8222;Halloween&#8220; und bevorzuge den guten alten Reformationstag.<\/strong><\/p>\n\n\n\n<p class=\"wp-block-paragraph\" style=\"font-size:18px\">Aber das ist eine andere Geschichte!<\/p>\n","protected":false},"excerpt":{"rendered":"<p>Drachen steigen lassen, \u201eRommelkepp\u201c klauen und schnitzen, Kastanien und bunte Bl\u00e4tter sammeln und Kartoffeln am offenen Feuer zubereiten. Ich kann mich noch gut daran erinnern, dass uns der Bauer einmal dabei erwischte, als wir aus seinem Feld die \u201eRommelkepp\u201c stibitzen um damit zuhause die bekannten Fratzen zu schnitzen.Heute benutzen die Kinder \u00fcberwiegend den K\u00fcrbis zum Basteln. Sp\u00e4testens mit der &#8222;Verdeutschung&#8220;<\/p>\n","protected":false},"author":1,"featured_media":2398,"comment_status":"open","ping_status":"closed","sticky":false,"template":"","format":"standard","meta":{"_crdt_document":"","footnotes":""},"categories":[1,9,902],"tags":[475,474,473,344,470,471,472],"class_list":["post-2395","post","type-post","status-publish","format-standard","has-post-thumbnail","hentry","category-allgemein","category-dorfgetratsche","category-meine-meinung","tag-braeuche-und-sitten","tag-grundschule-dirmingen","tag-herbst","tag-kultur","tag-kuerbisschnitzen","tag-rommeln","tag-rueben"],"_links":{"self":[{"href":"https:\/\/echta-derminga.de\/index.php?rest_route=\/wp\/v2\/posts\/2395","targetHints":{"allow":["GET"]}}],"collection":[{"href":"https:\/\/echta-derminga.de\/index.php?rest_route=\/wp\/v2\/posts"}],"about":[{"href":"https:\/\/echta-derminga.de\/index.php?rest_route=\/wp\/v2\/types\/post"}],"author":[{"embeddable":true,"href":"https:\/\/echta-derminga.de\/index.php?rest_route=\/wp\/v2\/users\/1"}],"replies":[{"embeddable":true,"href":"https:\/\/echta-derminga.de\/index.php?rest_route=%2Fwp%2Fv2%2Fcomments&post=2395"}],"version-history":[{"count":22,"href":"https:\/\/echta-derminga.de\/index.php?rest_route=\/wp\/v2\/posts\/2395\/revisions"}],"predecessor-version":[{"id":19159,"href":"https:\/\/echta-derminga.de\/index.php?rest_route=\/wp\/v2\/posts\/2395\/revisions\/19159"}],"wp:featuredmedia":[{"embeddable":true,"href":"https:\/\/echta-derminga.de\/index.php?rest_route=\/wp\/v2\/media\/2398"}],"wp:attachment":[{"href":"https:\/\/echta-derminga.de\/index.php?rest_route=%2Fwp%2Fv2%2Fmedia&parent=2395"}],"wp:term":[{"taxonomy":"category","embeddable":true,"href":"https:\/\/echta-derminga.de\/index.php?rest_route=%2Fwp%2Fv2%2Fcategories&post=2395"},{"taxonomy":"post_tag","embeddable":true,"href":"https:\/\/echta-derminga.de\/index.php?rest_route=%2Fwp%2Fv2%2Ftags&post=2395"}],"curies":[{"name":"wp","href":"https:\/\/api.w.org\/{rel}","templated":true}]}}