{"id":2427,"date":"2018-10-23T12:35:12","date_gmt":"2018-10-23T11:35:12","guid":{"rendered":"http:\/\/echta-derminga.de\/?p=2427"},"modified":"2018-10-23T13:18:47","modified_gmt":"2018-10-23T12:18:47","slug":"von-historischen-niederschriften-der-derminga-kerb","status":"publish","type":"post","link":"https:\/\/echta-derminga.de\/?p=2427","title":{"rendered":"Von historischen Niederschriften der &#8222;Derminga Kerb&#8220;"},"content":{"rendered":"\n<blockquote class=\"wp-block-quote is-layout-flow wp-block-quote-is-layout-flow\"><p><strong>\u201eAn des Kirchbergs sanftem Hange legten sie das Fundament, f\u00fcgten Stein zu Stein und f\u00fchrten so das Werk zu gutem End. Und dann ward die Kirch geweihet in dem Namen, der allein hier verk\u00fcndet und gepriesen soll in allen Dingen sein\u201c. (Auszug aus der evangelischen Kirchenchronik)<\/strong><\/p><\/blockquote>\n\n\n\n<p class=\"wp-block-paragraph\" style=\"font-size:18px\">Unsere Sprache und unsere Schriften haben sich im Laufe der Jahrtausende ver\u00e4ndert. Heute helfen uns historische Schriften altes Denken zu verstehen. Beim lesen alter Texte tauchen wir hinab in eine l\u00e4ngst vergangene Epoche. Wir alle sind nur ein kleiner Stein im Strom der Zeit.<\/p>\n\n\n\n<p class=\"wp-block-paragraph\" style=\"font-size:18px\"><strong>Die Copia des angeschlagenen Bauverses der Zimmerleute, die im Jahre 1746 den Bau unserer Evangelischen Kirche in der Ortsmitte vollendeten, geh\u00f6rt zu den historisch wertvollen vorliegenden Niederschriften. Damals war es ein Brauch der Zimmerleute, zum Richtfest, einen Vers anzuschlagen.<\/strong><\/p>\n\n\n<div class=\"wp-block-image\">\n<figure class=\"aligncenter\"><img loading=\"lazy\" decoding=\"async\" width=\"600\" height=\"407\" src=\"https:\/\/echta-derminga.de\/wp-content\/uploads\/2018\/10\/Kerb-Foto-1.jpg\" alt=\"\" class=\"wp-image-2441\" srcset=\"https:\/\/echta-derminga.de\/wp-content\/uploads\/2018\/10\/Kerb-Foto-1.jpg 600w, https:\/\/echta-derminga.de\/wp-content\/uploads\/2018\/10\/Kerb-Foto-1-300x204.jpg 300w\" sizes=\"auto, (max-width: 600px) 100vw, 600px\" \/><\/figure>\n<\/div>\n\n\n<h4 class=\"wp-block-heading\"><strong>Textauszug: (In der originalen Fassung)<\/strong><\/h4>\n\n\n\n<p class=\"wp-block-paragraph\" style=\"font-size:18px\"><em>Geehrte Gegenwart! Der Bau ist aufgericht, Den unsere Christen Sprach, so weit wir selbe kennen, Pflegt einen Kirchen-Bau und Gottes Hau\u00df zu nennen. Nun fordert endlich noch der Zimmerleuthe Pflicht, Da\u00df wir nach Handwerks Brauch, wann alles aufgeschlagen, So fort den letzten Spruch von dessen Gipfel sagen.<\/em><\/p>\n\n\n\n<p class=\"wp-block-paragraph\" style=\"font-size:18px\"><em>Wir danken deiner Macht, die vor Gefahr gesch\u00fctzt, Wir r\u00fchmen deine G\u00fct, die sonder Ziel und Ende, Durch diese ganze Zeit, die Arbeit unserer H\u00e4nde, Von allen Seiten her mit Seegen unterst\u00fctzt. Wir preisen deine Gnad, die an uns arme denket, Und unsere F\u00fcrsten Hertz zu diesem Bau gelenket.<\/em><\/p>\n\n\n\n<p class=\"wp-block-paragraph\" style=\"font-size:18px\"><em>Zieh auch den Seegen nicht von diesem Bau zur\u00fcck, La\u00df uns nun balden ihn Vollendung sehen, Da\u00df deine Christen-Schar zum Dank und lobe stehen, Und dich stets preisen mag vor solchen Gnadenblick. Wir \u00fcberlassen ihn zu deinen treuen H\u00e4nden, Du wirst all Ungemach von seinem Gipfel wenden.<\/em><\/p>\n\n\n\n<p class=\"wp-block-paragraph\" style=\"font-size:18px\"><em>Drauf schwing ich diesen Strau\u00df noch dreymal \u00fcber mir, Steck ihn an seinen Platz und nehm die bunde Gaben, Die andre zum Geschenk darum gewunden haben, Mit frohen H\u00e4nden ab, Und setze nach Geb\u00fchr, Den letzten Wunsch hinzu: Dass dieser Bau vor allen Dem grossen Gott und auch dem F\u00fcrsten m\u00f6g gefallen.<\/em><\/p>\n\n\n\n<p class=\"wp-block-paragraph\" style=\"font-size:18px\"><strong>Am Sonntag, 06.November 1746, fand nach nur kurzer Bauzeit die Kirchweihe der neuen Kirche in der Ortsmitte statt. Pfarrer Engel beschreibt in seinen Memoiren ausf\u00fchrlich die Einweihungsprozession. Die Niederschriften berichten, dass an diesem Sonntagmorgen um 11:00 Uhr die Kirchengemeinde geschlossen in ihre neue Kirche einzog. Pfarrer der evangelischen Kirchengemeinde Dirmingen war damals Pfarrer Philipp Heinrich Wagner. Zu seiner Unterst\u00fctzung war der damalige Kirchen-Inspektor Woytt angereist. Der Weihpredigt von Inspektor Woytt lagen die Verse 8-10 aus dem Buch Haggai zu Grunde:\u201c Mein ist das Silber und mein ist das Gold, spricht der Herr Zebaoth. Es soll die Herrlichkeit dieses neuen Hauses gr\u00f6\u00dfer werden als die des ersten gewesen ist, spricht der Herr Zebaoth. Und ich will Frieden geben an dieser St\u00e4tte, spricht der Herr Zebaoth.\u201c (*Buch\u201c Gedenket den vorigen Tagen Seite 54) <\/strong><\/p>\n\n\n\n<p class=\"wp-block-paragraph\" style=\"font-size:18px\">In Dirmingen wird seit \u00fcber 270 Jahre Kirchweihfest oder besser gesagt \u201eKerb\u201c gefeiert. Die \u201eKerb\u201c geh\u00f6rt in ihrer Art zu den schillerndsten und traditionsreichsten in unserer Region. Mittlerweile ist die \u201eKerb\u201c ein Volksfest aller Dirminger sowie aller Freunde aus nah und fern geworden. Wichtig ist, dass das Zusammengeh\u00f6rigkeitsgef\u00fchl und das Miteinander im Vordergrund stehen. In der Zeit vom 27.-29.Oktober steht unser Heimatort Dirmingen wieder im Ausnahmezustand. Ich w\u00fcnsche allen Dirmingern, Freunden und G\u00e4sten einen sch\u00f6nen Aufenthalt in meinem Heimatort und uns allen eine &#8222;scheen Kerb&#8220;<\/p>\n\n\n<div class=\"wp-block-image\">\n<figure class=\"aligncenter\"><img loading=\"lazy\" decoding=\"async\" width=\"500\" height=\"333\" src=\"https:\/\/echta-derminga.de\/wp-content\/uploads\/2018\/10\/IMG_9174.jpg\" alt=\"\" class=\"wp-image-2445\" srcset=\"https:\/\/echta-derminga.de\/wp-content\/uploads\/2018\/10\/IMG_9174.jpg 500w, https:\/\/echta-derminga.de\/wp-content\/uploads\/2018\/10\/IMG_9174-300x200.jpg 300w\" sizes=\"auto, (max-width: 500px) 100vw, 500px\" \/><\/figure>\n<\/div>\n\n\n<h2 class=\"wp-block-heading\"><strong>Programm zur 272. \u201eKerb\u201c<\/strong><\/h2>\n\n\n\n<p style=\"font-size:18px\" class=\"has-background has-very-light-gray-color has-luminous-vivid-orange-background-color wp-block-paragraph\"><strong><em>Samstag, 27.Oktober 2018:<\/em><\/strong><\/p>\n\n\n\n<p class=\"wp-block-paragraph\" style=\"font-size:18px\">13:30 Uhr: Kirchweih-Gottesdienst in der evangelischen Kirche Dirmingen<\/p>\n\n\n\n<p class=\"wp-block-paragraph\" style=\"font-size:18px\">14:30 Uhr: Kirchweih-Cafe im evangelischen Gemeindehaus Dirmingen<\/p>\n\n\n\n<p class=\"wp-block-paragraph\" style=\"font-size:18px\">16:00 Uhr: Ausgrabung des \u201eKerwe-Lisje\u201c und \u201eKerwe-Hennes\u201c im \u201eKl\u00e4se-Keller\u201c<\/p>\n\n\n\n<p class=\"wp-block-paragraph\" style=\"font-size:18px\">16:30 Uhr: \u201eKerwe-Marsch\u201c zum Festplatz<\/p>\n\n\n\n<p class=\"wp-block-paragraph\" style=\"font-size:18px\">17:00 Uhr: Offizielle Er\u00f6ffnung der \u201eDerminga Kerb\u201c auf dem Festplatz<\/p>\n\n\n\n<p class=\"wp-block-paragraph\" style=\"font-size:18px\">Mit Fassanstich, Freifahrten, \u201eKerwe-Rede\u201c und vieles mehr! <strong>Von 17:00 Uhr bis 18:00 Uhr Happy Hour ( 1 Karte &#8211; 1,-\u20ac)<\/strong>, Anschlie\u00dfend buntes Kirmestreiben<\/p>\n\n\n\n<p class=\"wp-block-paragraph\" style=\"font-size:18px\">20:00 Uhr: Live-Musik im Gasthaus \u201eSchuhhannesse\u201c, Tanz im Gasthaus \u201eDestille\u201c<\/p>\n\n\n\n<p style=\"font-size:18px\" class=\"has-background has-very-light-gray-color has-luminous-vivid-orange-background-color wp-block-paragraph\"><strong><em>Sonntag, 28.Oktober 2018<\/em><\/strong><\/p>\n\n\n\n<p class=\"wp-block-paragraph\" style=\"font-size:18px\">Buntes Kirmestreiben auf dem Festplatz und allen Gastst\u00e4tten.<\/p>\n\n\n\n<p class=\"wp-block-paragraph\" style=\"font-size:18px\">10:00 Uhr: Oktoberfest des SV Dirmingen im Belkerstadion mit z\u00fcnftiger Blasmusik. Anschlie\u00dfend \u201eKerwespiel\u201c im Belkerstadion.<\/p>\n\n\n\n<p class=\"wp-block-paragraph\" style=\"font-size:18px\">Buntes Treiben auf dem Festplatz.<\/p>\n\n\n\n<p style=\"font-size:18px\" class=\"has-background has-very-light-gray-color has-luminous-vivid-orange-background-color wp-block-paragraph\"><strong><em>Montag,29.Oktober 2018<\/em><\/strong><\/p>\n\n\n\n<p class=\"wp-block-paragraph\" style=\"font-size:18px\">Buntes Kirmestreiben auf dem Festplatz, Kl\u00e4se-Keller und allen Gastst\u00e4tten.<\/p>\n\n\n\n<p class=\"wp-block-paragraph\" style=\"font-size:18px\">10:00 Uhr: \u201eKerwe-Fr\u00fchst\u00fcck\u201c im Feuerwehrger\u00e4tehaus in Dirmingen. Fr\u00fchschoppen in allen Dirminger Gastst\u00e4tten und am Kl\u00e4se Keller.<\/p>\n\n\n\n<p class=\"wp-block-paragraph\" style=\"font-size:18px\">20:00 Uhr: Live-Musik im Gasthaus \u201eDestille\u201c, Tanz im Gasthaus \u201eSchuhhannesse\u201c.<\/p>\n","protected":false},"excerpt":{"rendered":"<p>\u201eAn des Kirchbergs sanftem Hange legten sie das Fundament, f\u00fcgten Stein zu Stein und f\u00fchrten so das Werk zu gutem End. Und dann ward die Kirch geweihet in dem Namen, der allein hier verk\u00fcndet und gepriesen soll in allen Dingen sein\u201c. (Auszug aus der evangelischen Kirchenchronik) Unsere Sprache und unsere Schriften haben sich im Laufe der Jahrtausende ver\u00e4ndert. Heute helfen<\/p>\n","protected":false},"author":1,"featured_media":2433,"comment_status":"open","ping_status":"closed","sticky":false,"template":"","format":"standard","meta":{"_crdt_document":"","footnotes":""},"categories":[1,8],"tags":[216,75,469,477,476,478],"class_list":["post-2427","post","type-post","status-publish","format-standard","has-post-thumbnail","hentry","category-allgemein","category-sellemols-und-awweile","tag-derminge","tag-evangelische-kirche","tag-kerb","tag-kirchweihfest","tag-programm-kerb","tag-zimmerleute"],"_links":{"self":[{"href":"https:\/\/echta-derminga.de\/index.php?rest_route=\/wp\/v2\/posts\/2427","targetHints":{"allow":["GET"]}}],"collection":[{"href":"https:\/\/echta-derminga.de\/index.php?rest_route=\/wp\/v2\/posts"}],"about":[{"href":"https:\/\/echta-derminga.de\/index.php?rest_route=\/wp\/v2\/types\/post"}],"author":[{"embeddable":true,"href":"https:\/\/echta-derminga.de\/index.php?rest_route=\/wp\/v2\/users\/1"}],"replies":[{"embeddable":true,"href":"https:\/\/echta-derminga.de\/index.php?rest_route=%2Fwp%2Fv2%2Fcomments&post=2427"}],"version-history":[{"count":16,"href":"https:\/\/echta-derminga.de\/index.php?rest_route=\/wp\/v2\/posts\/2427\/revisions"}],"predecessor-version":[{"id":2458,"href":"https:\/\/echta-derminga.de\/index.php?rest_route=\/wp\/v2\/posts\/2427\/revisions\/2458"}],"wp:featuredmedia":[{"embeddable":true,"href":"https:\/\/echta-derminga.de\/index.php?rest_route=\/wp\/v2\/media\/2433"}],"wp:attachment":[{"href":"https:\/\/echta-derminga.de\/index.php?rest_route=%2Fwp%2Fv2%2Fmedia&parent=2427"}],"wp:term":[{"taxonomy":"category","embeddable":true,"href":"https:\/\/echta-derminga.de\/index.php?rest_route=%2Fwp%2Fv2%2Fcategories&post=2427"},{"taxonomy":"post_tag","embeddable":true,"href":"https:\/\/echta-derminga.de\/index.php?rest_route=%2Fwp%2Fv2%2Ftags&post=2427"}],"curies":[{"name":"wp","href":"https:\/\/api.w.org\/{rel}","templated":true}]}}