{"id":2459,"date":"2018-10-24T14:49:55","date_gmt":"2018-10-24T13:49:55","guid":{"rendered":"http:\/\/echta-derminga.de\/?p=2459"},"modified":"2018-10-24T14:54:54","modified_gmt":"2018-10-24T13:54:54","slug":"mit-blick-auf-die-272-derminga-kerb-warum-es-sich-lohnt-an-eigenen-traditionen-festzuhalten","status":"publish","type":"post","link":"https:\/\/echta-derminga.de\/?p=2459","title":{"rendered":"Mit Blick auf die 272.\u201cDerminga Kerb\u201c \u2013 Warum es sich lohnt an eigenen Traditionen festzuhalten"},"content":{"rendered":"\n<blockquote class=\"wp-block-quote is-layout-flow wp-block-quote-is-layout-flow\"><p><strong><em>Es ist kein D\u00f6rflein gar so klein, Da\u00df nicht drin&#8216; sollt des Jahrs eine Kirmes sein. (Johann Nepomuk Vogl)<\/em><\/strong><\/p><\/blockquote>\n\n\n<div class=\"wp-block-image\">\n<figure class=\"alignleft is-resized\"><img loading=\"lazy\" decoding=\"async\" src=\"https:\/\/echta-derminga.de\/wp-content\/uploads\/2018\/10\/Echta-2.jpg\" alt=\"\" class=\"wp-image-2466\" width=\"400\" height=\"258\" srcset=\"https:\/\/echta-derminga.de\/wp-content\/uploads\/2018\/10\/Echta-2.jpg 800w, https:\/\/echta-derminga.de\/wp-content\/uploads\/2018\/10\/Echta-2-300x193.jpg 300w, https:\/\/echta-derminga.de\/wp-content\/uploads\/2018\/10\/Echta-2-768x494.jpg 768w, https:\/\/echta-derminga.de\/wp-content\/uploads\/2018\/10\/Echta-2-644x415.jpg 644w\" sizes=\"auto, (max-width: 400px) 100vw, 400px\" \/><figcaption>&#8222;Kerb&#8220; Ortsmitte vor dem &#8222;Kl\u00e4se Keller&#8220;<\/figcaption><\/figure>\n<\/div>\n\n\n<p class=\"wp-block-paragraph\" style=\"font-size:18px\">Wem ist die \u201eKerb\u201c? Uuuus! Dieser bekannte Schlachtruf wird j\u00e4hrlich zur Er\u00f6ffnung der \u201eDerminga Kerb\u201c geschmettert. Ganz bestimmt kennt man diesen bekannte Ausruf auch in anderen saarl\u00e4ndischen D\u00f6rfern und gr\u00f6lt ihn zur eigenen \u201eKirb, K\u00e4rb, Kirw, Kirf, Kerb oder Kirmes. Ein jedes Dorf nach seiner Fa\u00e7on. Wer hat\u2019s erfunden und wem geh\u00f6rt nun die \u201eKerb\u201c? Ist das so wichtig? Nein, nat\u00fcrlich nicht! F\u00fcr mich pers\u00f6nlich ist die \u201eKerb\u201c ein Dorffest f\u00fcr alle Dirminger, Freunde und G\u00f6nner. Eine Konfession oder eine Parteizugeh\u00f6rigkeit spielt dabei keine Rolle. Diese Zeiten sind l\u00e4ngst vorbei und haben am Ende auch viel zulange angedauert. Aus meiner Sicht sollte ein Volksfest wie die &#8222;Kerb&#8220;die Grenzen \u00fcberwinden und Br\u00fccken schlagen. Streit, Missgunst und Neid haben auf diesem Fest nichts verloren.<\/p>\n\n\n<div class=\"wp-block-image\">\n<figure class=\"alignleft is-resized\"><img loading=\"lazy\" decoding=\"async\" src=\"https:\/\/echta-derminga.de\/wp-content\/uploads\/2018\/10\/Echta-3.jpg\" alt=\"\" class=\"wp-image-2467\" width=\"400\" height=\"225\" srcset=\"https:\/\/echta-derminga.de\/wp-content\/uploads\/2018\/10\/Echta-3.jpg 800w, https:\/\/echta-derminga.de\/wp-content\/uploads\/2018\/10\/Echta-3-300x169.jpg 300w, https:\/\/echta-derminga.de\/wp-content\/uploads\/2018\/10\/Echta-3-768x432.jpg 768w, https:\/\/echta-derminga.de\/wp-content\/uploads\/2018\/10\/Echta-3-644x362.jpg 644w\" sizes=\"auto, (max-width: 400px) 100vw, 400px\" \/><figcaption>Kulturaner vor der &#8222;Kerch&#8220;<\/figcaption><\/figure>\n<\/div>\n\n\n<p class=\"wp-block-paragraph\" style=\"font-size:18px\"><strong>Nat\u00fcrlich, an der \u201eDerminga Kerb\u201c feiern wir die Kirchweihe der heutigen evangelischen Kirche zu Dirmingen in der Ortsmitte. Fakt ist, die \u201eDerminga Kerb\u201c ist kein Patronatsfest und hat auch nichts mit dem Patroziniumstag der hiesigen St. Wendalinusgemeinde oder der St.Wendler Wendalinuskirmes zu tun. Der Geschichte zu Ehre sollte man erw\u00e4hnen, dass der Turm der heutigen evangelischen Kirche vermutlich aus der zweiten H\u00e4lfte des 13.Jahrhunderts stammt. Nachdem die Reformation im Jahre 1575 Dirmingen erreichte, wurde die Kirche ausschlie\u00dflich von Protestanten benutzt. Im Jahre 1742 wurde das Kirchenschiff polizeilich geschlossen. Die Sicherheit der Kirchg\u00e4nger wurde durch herabfallende Steine gef\u00e4hrdet. Am 27.April des Jahres 1746 wurde der Grundstein f\u00fcr den Neubau der Kirche gelegt. Der Teil des historischen Turmes wurde dabei erhalten. Schon am 06.November 1746, nach einer Bauzeit von nur einem halben Jahr, fand die Kirchweihe statt. Seitdem wird in Dirmingen die \u201eKerb\u201c gefeiert. Die Bev\u00f6lkerung Dirmingens einigte sich im Laufe der Jahre, aufgrund der nicht feststehenden Kalendertage, auf den letzten Oktobersonntag als Kirchweihtag. Das letzte Oktoberwochenende liegt etwa in der Mitte des zeitlich stark schwankenden 27.Trinitatissonntages und bot sich somit als feststehender Termin an. Im Jahre 1968 wurde im damaligen Gemeinderat kurzzeitig dar\u00fcber nachgedacht die \u201cKerb\u201d vorzuziehen. Der Dirminger Gemeinderat wollte mit dieser Terminverschiebung dem Patroziniumstag des heiligen Wendalinus, der hiesigen katholischen Wendalinus Pfarrgemeinde, entgegenkommen. Am Ende wurde jedoch am feststehenden Termin im Oktober festgehalten. Soweit ein kurzer Abriss zur Entstehung der \u201eDerminga Kerb\u201c.<\/strong><\/p>\n\n\n<div class=\"wp-block-image\">\n<figure class=\"alignleft is-resized\"><img loading=\"lazy\" decoding=\"async\" src=\"https:\/\/echta-derminga.de\/wp-content\/uploads\/2018\/10\/Echta-4.jpg\" alt=\"\" class=\"wp-image-2469\" width=\"350\" height=\"252\" srcset=\"https:\/\/echta-derminga.de\/wp-content\/uploads\/2018\/10\/Echta-4.jpg 700w, https:\/\/echta-derminga.de\/wp-content\/uploads\/2018\/10\/Echta-4-300x216.jpg 300w, https:\/\/echta-derminga.de\/wp-content\/uploads\/2018\/10\/Echta-4-644x463.jpg 644w\" sizes=\"auto, (max-width: 350px) 100vw, 350px\" \/><figcaption>Festplatz Heute<\/figcaption><\/figure>\n<\/div>\n\n\n<p class=\"wp-block-paragraph\" style=\"font-size:18px\">Bei der Dirminger \u201eKerb\u201c handelt es sich also um ein Kirchweihfest im eigentlichen Sinne. Aus dem einstmaligen Kirchweihfest entwickelte sich im Laufe der Jahrhunderte die Veranstaltung mit Buden und Karussells so wie wir sie heute kennen. Fr\u00fcher durfte an der \u201eKerb\u201c niemand arbeiteten. F\u00fcr die Bauern waren es die einzigen freien Tage im Jahr. Es war ein Fest f\u00fcr die ganze Familie. Bis heute ist es laut Volksmund guter Brauch, das eigene Land, Wiesen und G\u00e4rten bis zur \u201eKerb\u201c gem\u00e4ht oder bewirtschaftet zu haben. Der bekannte Baumeister Friedrich Joachim Stengel erschuf die evangelische Kirche in der Ortsmitte im barocken Stil. Ganz nebenbei hat Stengel so bekannte Werke wie z.B die Ludwigskirche, die Kirche St. Johann Saarbr\u00fccken und der Neubau des Schlosses in Saarbr\u00fccken erbaut. Ob der damalige ber\u00fchmte Baumeister jedoch jemals in Dirmingen war, um sein Werk zu erblicken, ist nicht belegt. Allein Baupl\u00e4ne stammen nachweislich aus der Feder des ber\u00fchmten Meisters.<\/p>\n\n\n<div class=\"wp-block-image\">\n<figure class=\"alignleft is-resized\"><img loading=\"lazy\" decoding=\"async\" src=\"https:\/\/echta-derminga.de\/wp-content\/uploads\/2018\/10\/22788792_1503924943035559_5130045618552200801_n.jpg\" alt=\"\" class=\"wp-image-2471\" width=\"320\" height=\"214\" srcset=\"https:\/\/echta-derminga.de\/wp-content\/uploads\/2018\/10\/22788792_1503924943035559_5130045618552200801_n.jpg 640w, https:\/\/echta-derminga.de\/wp-content\/uploads\/2018\/10\/22788792_1503924943035559_5130045618552200801_n-300x200.jpg 300w\" sizes=\"auto, (max-width: 320px) 100vw, 320px\" \/><figcaption>Kerb in den 1980-ger Jahren<\/figcaption><\/figure>\n<\/div>\n\n\n<p class=\"wp-block-paragraph\" style=\"font-size:18px\"><strong>In den 1990-er Jahren wurde das Interesse der Menschen an der eigenen Kirmes von Jahr zu Jahr weniger. Die Schausteller beklagten den R\u00fcckgang der Einnahmen. Genau zu dieser Zeit reiften die ersten \u00dcberlegungen, der eigenen \u201eKerb\u201c ein neues Ansehen zu verschaffen. Die ersten Gedankenspiele der Verantwortlichen gingen dahin, den Menschen im Dorf ihre eigene Kirmes wieder nahe zu legen. Gesagt, getan! Im Jahre 1999 wurde erstmals die Kirmes unter Mithilfe einer \u201cKernmannschaft\u201c, des sp\u00e4teren Kulturvereins, im \u201eKl\u00e4se\u201c-Keller ausgegraben. Zum \u201eLeben erweckt\u201c wurde eine Strohpuppe, die mit einer Flasche Schnaps aus dem alten \u201eKl\u00e4se\u201c-Keller herausgetragen wurde. Mit dieser ersten Ausgrabung der \u201eKerb\u201c hatte der Ortsvorsteher Rudi Hell zusammen mit seinen Mitstreitern den Bann gebrochen. Nur kurze Zeit sp\u00e4ter erfolgte die Gr\u00fcndung des Kulturvereins Dirmingen. Seit seiner Gr\u00fcndung ist der Dirminger Kulturverein, gemeinsam mit dem Ortsrat, f\u00fcr den Erhalt des Kirmesbrauchtums in Dirmingen verantwortlich. Jedes Jahr pilgern zahlreiche Schaulustige zum \u201eKl\u00e4se\u201c-Keller, um dort der Ausgrabung des \u201dKerwe-Lisje\u201d und des \u201cKerwe-Hennes\u201d beizuwohnen. Am Samstag, 27.Oktober 2018 um 16:00 Uhr ist es wieder soweit! Die Kulturaner stehen Spalier und unser Ortsvorsteher wird das \u201eKerwepaar\u201c 2018 wach-k\u00fcssen. <\/strong><\/p>\n\n\n<div class=\"wp-block-image\">\n<figure class=\"alignleft is-resized\"><img loading=\"lazy\" decoding=\"async\" src=\"https:\/\/echta-derminga.de\/wp-content\/uploads\/2018\/01\/KV-4.jpg\" alt=\"\" class=\"wp-image-185\" width=\"355\" height=\"247\" srcset=\"https:\/\/echta-derminga.de\/wp-content\/uploads\/2018\/01\/KV-4.jpg 800w, https:\/\/echta-derminga.de\/wp-content\/uploads\/2018\/01\/KV-4-300x209.jpg 300w, https:\/\/echta-derminga.de\/wp-content\/uploads\/2018\/01\/KV-4-768x536.jpg 768w, https:\/\/echta-derminga.de\/wp-content\/uploads\/2018\/01\/KV-4-676x472.jpg 676w\" sizes=\"auto, (max-width: 355px) 100vw, 355px\" \/><figcaption>&#8222;Kerwe-Lisje&#8220; und sein Hennes<\/figcaption><\/figure>\n<\/div>\n\n\n<p class=\"wp-block-paragraph\" style=\"font-size:18px\">Jedes Jahr fragt man sich: Wer wird es wohl in diesem Jahr sein? An dieser Stelle kommt meine Person ins Spiel. Zu meinen Aufgaben im Kulturverein Dirmingen geh\u00f6rt die Organisation der \u201eKerb\u201c und insbesondere die Suche eines geeigneten \u201eKerwepaars\u201c. Es stimmt, ich mache jedes Jahr ein gro\u00dfes Geheimnis aus den Acta \u201eLisje\u201c. Warum eigentlich? Weil es Spa\u00df macht und ich es sch\u00f6ner finde, wenn die Leute \u00fcberrascht werden. Im Jahr 2000 gab es in Dirmingen erstmals ein \u201elebendiges\u201c \u201eKerwelisje\u201c. In den ersten Jahren war das \u201eKerwe-Lisje\u201c noch auf sich allein gestellt. Erst im Jahre 2003 nahm erstmals ein \u201eKerwe-Hannes\u201c Platz an der Seite des \u201eLisjes\u201c. Der Kulturverein investiert seitdem viel liebe M\u00fche in die Aufwertung der \u201eKerb\u201c. Heute hat die \u201eKerb\u201c einen festen Platz in unserem Ortskalender. Einfacher wird die Sache jedoch nicht! Wie erhalten wir die \u201eKerb\u201c und wie gelingt es uns die Schausteller auch weiterhin in unser Dorf zu locken? Die berechtigte Kritik unserer Jugend, dass es an einem Karussell f\u00fcr Jugendliche mangelt, ist bei den Verantwortlichen l\u00e4ngst angekommen. Immerhin engagiert sich unsere Dorfjugend an der \u201eKerb\u201c und nimmt als \u201eStrau\u00dfe-Jugend\u201c am bunten Treiben teil. Nat\u00fcrlich h\u00f6ren wir auf die Stimme unserer Dorfjugend, allein an der Umsetzung scheiterte es in den letzten Jahren. Eine Dorfkirmes f\u00fcr die Schausteller attraktiv zu machen ist eine gewaltige Aufgabe. Viele Schausteller gehen lieber auf die gro\u00dfen Martini-Kirmessen oder die ersten Weihnachtsm\u00e4rkte. Eine gew\u00f6hnliche Kirmes lockt keinen ambitionierten Schausteller mehr aus der Reserve. Im Saarland war in den letzten Jahren ein vermehrtes Sterben von Dorf-Kirmessen festzustellen. Von daher sind wir ganz gl\u00fccklich, dass wir noch gute, treue und freundliche Schausteller wie z. B die Familie Jockers haben.<\/p>\n\n\n<div class=\"wp-block-image\">\n<figure class=\"alignleft is-resized\"><img loading=\"lazy\" decoding=\"async\" src=\"https:\/\/echta-derminga.de\/wp-content\/uploads\/2018\/01\/KV-5.jpeg\" alt=\"\" class=\"wp-image-186\" width=\"384\" height=\"256\" srcset=\"https:\/\/echta-derminga.de\/wp-content\/uploads\/2018\/01\/KV-5.jpeg 768w, https:\/\/echta-derminga.de\/wp-content\/uploads\/2018\/01\/KV-5-300x200.jpeg 300w, https:\/\/echta-derminga.de\/wp-content\/uploads\/2018\/01\/KV-5-676x451.jpeg 676w\" sizes=\"auto, (max-width: 384px) 100vw, 384px\" \/><figcaption>Kulturaner<\/figcaption><\/figure>\n<\/div>\n\n\n<p class=\"wp-block-paragraph\" style=\"font-size:18px\"><strong>Schon sehr fr\u00fch waren die Kulturaner darauf bedacht, eine gewisse Einheit zu demonstrieren. Die \u201eDerminga Kerb\u201c wird jedes Jahr unter dem Motto \u201eEiner f\u00fcr alle, alle f\u00fcr einen\u201c durchgef\u00fchrt. Mit diesem Slogan soll der Zusammenhalt im Kulturverein und in der Bev\u00f6lkerung gest\u00e4rkt werden. Ziel ist es, die \u201eKerb\u201c als Fest der Dirminger in den K\u00f6pfen der Bev\u00f6lkerung zu verankern. Heute spielt es l\u00e4ngst keine Rolle mehr, ob man evangelischen oder katholischen Glaubens ist. Im Vordergrund stehen der Mensch, die Heimatliebe und die Lust am Leben. F\u00fcr die Au\u00dfendarstellung spielt ein einheitliches Auftreten nat\u00fcrlich eine gewichtige Rolle. Aus diesem Grunde beschlossen die \u201eKulturaner\u201c, sich ein gemeinschaftliches Aussehen zu verschaffen. Bereits zu Beginn der Jahrtausendwende wurden die bekannten \u201ewei\u00df-blauen Musketier-Kost\u00fcme\u201c zum Markenzeichen der Kulturaner. Die blauwei\u00dfen Farben des Kost\u00fcms erinnern an die Wappenfarben des Heimatortes Dirmingen. Musketiere stehen zudem f\u00fcr Patriotismus, Zusammenhalt, Ehre und Loyalit\u00e4t. Mit diesen Eigenschaften kann sich der Kulturverein zur eigenen \u201eKerb\u201c gut identifizieren. Es bleibt zu hoffen, dass wir noch viele Jahre die Tradition aufrechterhalten und am letzten Oktoberwochenende \u201eKerb\u201c feiern.<\/strong><\/p>\n\n\n\n<blockquote class=\"wp-block-quote is-layout-flow wp-block-quote-is-layout-flow\"><p><strong><em>Anl\u00e4sslich einer Kirchenvisitation im 18. Jahrhundert wurde das Presbyterium gefragt, ob es denn S\u00e4ufer in der Gemeinde g\u00e4be. Die Antwort des Pfarrers lautete: \u201eNicht das ich w\u00fcsste. Daf\u00fcr hat in diesen Elenden Zeiten der Herrgott uns Zaum und Gebiss ins Maul gelegt. Nur an der Kerb saufen Sie sich alle voll\u201c (Originalzitat * \u201eGedenket den vorigen Tagen\u201c -Seite 152)<\/em><\/strong><\/p><\/blockquote>\n\n\n\n<p class=\"wp-block-paragraph\"><strong><em>Werbung in eigener Sache:<\/em><\/strong><\/p>\n\n\n<div class=\"wp-block-image\">\n<figure class=\"alignleft is-resized\"><img loading=\"lazy\" decoding=\"async\" src=\"https:\/\/echta-derminga.de\/wp-content\/uploads\/2018\/03\/Screenshot_2017-11-02-16-55-52-1.png\" alt=\"\" class=\"wp-image-712\" width=\"225\" height=\"222\" srcset=\"https:\/\/echta-derminga.de\/wp-content\/uploads\/2018\/03\/Screenshot_2017-11-02-16-55-52-1.png 450w, https:\/\/echta-derminga.de\/wp-content\/uploads\/2018\/03\/Screenshot_2017-11-02-16-55-52-1-300x295.png 300w\" sizes=\"auto, (max-width: 225px) 100vw, 225px\" \/><\/figure>\n<\/div>\n\n\n<p class=\"wp-block-paragraph\" style=\"font-size:18px\"><em>Im Eppelborner Heimatheft Nummer 18 \u2013 2017\/18 habe ich unter dem Titel: Geschichte und Entstehung der \u201eDerminga Kerb\u201c einen Beitrag geschrieben. Das Werk kann man immer noch bei \u201eSchreiben und Schenken in der Dirminger Ortsmitte k\u00e4uflich erwerben.<\/em><\/p>\n","protected":false},"excerpt":{"rendered":"<p>Es ist kein D\u00f6rflein gar so klein, Da\u00df nicht drin&#8216; sollt des Jahrs eine Kirmes sein. (Johann Nepomuk Vogl) Wem ist die \u201eKerb\u201c? Uuuus! Dieser bekannte Schlachtruf wird j\u00e4hrlich zur Er\u00f6ffnung der \u201eDerminga Kerb\u201c geschmettert. Ganz bestimmt kennt man diesen bekannte Ausruf auch in anderen saarl\u00e4ndischen D\u00f6rfern und gr\u00f6lt ihn zur eigenen \u201eKirb, K\u00e4rb, Kirw, Kirf, Kerb oder Kirmes. Ein<\/p>\n","protected":false},"author":1,"featured_media":2465,"comment_status":"open","ping_status":"closed","sticky":false,"template":"","format":"standard","meta":{"_crdt_document":"","footnotes":""},"categories":[1,9,100],"tags":[479,5,483,480,231,481,482],"class_list":["post-2459","post","type-post","status-publish","format-standard","has-post-thumbnail","hentry","category-allgemein","category-dorfgetratsche","category-meine-kulturaner","tag-derminga-kerb","tag-dirmingen","tag-dorf-dirmingen","tag-kerb-2018","tag-klaese-keller","tag-lisje","tag-traditionen"],"_links":{"self":[{"href":"https:\/\/echta-derminga.de\/index.php?rest_route=\/wp\/v2\/posts\/2459","targetHints":{"allow":["GET"]}}],"collection":[{"href":"https:\/\/echta-derminga.de\/index.php?rest_route=\/wp\/v2\/posts"}],"about":[{"href":"https:\/\/echta-derminga.de\/index.php?rest_route=\/wp\/v2\/types\/post"}],"author":[{"embeddable":true,"href":"https:\/\/echta-derminga.de\/index.php?rest_route=\/wp\/v2\/users\/1"}],"replies":[{"embeddable":true,"href":"https:\/\/echta-derminga.de\/index.php?rest_route=%2Fwp%2Fv2%2Fcomments&post=2459"}],"version-history":[{"count":16,"href":"https:\/\/echta-derminga.de\/index.php?rest_route=\/wp\/v2\/posts\/2459\/revisions"}],"predecessor-version":[{"id":2482,"href":"https:\/\/echta-derminga.de\/index.php?rest_route=\/wp\/v2\/posts\/2459\/revisions\/2482"}],"wp:featuredmedia":[{"embeddable":true,"href":"https:\/\/echta-derminga.de\/index.php?rest_route=\/wp\/v2\/media\/2465"}],"wp:attachment":[{"href":"https:\/\/echta-derminga.de\/index.php?rest_route=%2Fwp%2Fv2%2Fmedia&parent=2459"}],"wp:term":[{"taxonomy":"category","embeddable":true,"href":"https:\/\/echta-derminga.de\/index.php?rest_route=%2Fwp%2Fv2%2Fcategories&post=2459"},{"taxonomy":"post_tag","embeddable":true,"href":"https:\/\/echta-derminga.de\/index.php?rest_route=%2Fwp%2Fv2%2Ftags&post=2459"}],"curies":[{"name":"wp","href":"https:\/\/api.w.org\/{rel}","templated":true}]}}