{"id":2689,"date":"2018-11-17T15:40:41","date_gmt":"2018-11-17T14:40:41","guid":{"rendered":"http:\/\/echta-derminga.de\/?p=2689"},"modified":"2018-11-17T15:41:37","modified_gmt":"2018-11-17T14:41:37","slug":"von-stillen-zeitzeugen-und-mahnenden-gedenkstaetten","status":"publish","type":"post","link":"https:\/\/echta-derminga.de\/?p=2689","title":{"rendered":"Von stillen Zeitzeugen und mahnenden Gedenkst\u00e4tten"},"content":{"rendered":"\n<p class=\"wp-block-paragraph\" style=\"font-size:18px\"><strong>Die Heimatforschung ist meine gro\u00dfe Leidenschaft. Eigentlich bin ich st\u00e4ndig auf der Suche nach alten Fotos, alten Gegenst\u00e4nden, alten Geschichten und interessanten Rarit\u00e4ten. Im Zuge meiner Forschungen stie\u00df ich vor kurzer Zeit auf einen echten Schatz. In einem Abstellraum, unserer evangelischen Kirche, fand ich eine uralte Ehrentafel mit den Namen der Dirminger Opfer vom 1. Weltkrieg (1914 \u2013 1918). Die inzwischen verblasste Ehrentafel ist \u00fcber 90 Jahre alt und stand wohl beh\u00fctet einfach so da rum. Die Menschen, die diese Tafel angefertigt hatten, wollten die Erinnerungen an ihre Kriegsopfer bewahren und ein sichtbares Zeichen der Anerkennung setzen.<\/strong><\/p>\n\n\n<div class=\"wp-block-image\">\n<figure class=\"alignleft is-resized\"><img loading=\"lazy\" decoding=\"async\" src=\"https:\/\/echta-derminga.de\/wp-content\/uploads\/2018\/11\/2-2.jpg\" alt=\"\" class=\"wp-image-2702\" width=\"330\" height=\"237\" srcset=\"https:\/\/echta-derminga.de\/wp-content\/uploads\/2018\/11\/2-2.jpg 600w, https:\/\/echta-derminga.de\/wp-content\/uploads\/2018\/11\/2-2-300x215.jpg 300w\" sizes=\"auto, (max-width: 330px) 100vw, 330px\" \/><figcaption>Alte Ehrentafel<\/figcaption><\/figure>\n<\/div>\n\n\n<p class=\"wp-block-paragraph\" style=\"font-size:18px\">Ich fragte mich wo sich diese alte Tafel urspr\u00fcnglich einmal befand. Vielleicht an dem alten Denkmal auf dem Hundsberg oder im Innenraum der Kirche? Eine Antwort auf meine Fragen habe ich bisher noch nicht erhalten. Als wir im Jahre 2016 ein neues Denkmal auf dem Friedhof setzten, haben wir uns vorab dar\u00fcber Gedanken gemacht ob wir \u00fcberhaupt noch ein Denkmal in Dirmingen ben\u00f6tigen. Nachdem das alte Denkmal, auf dem Hundsberg, mehr und mehr in Vergessenheit geriet und kaum noch wahrgenommen wurde, forcierte der Dirminger Ortsrat einen Bau eines neuen Denkmals auf dem Friedhof. Ich erinnere mich daran, dass damals selbst meine Frau ihre Probleme mit der Notwendigkeit eines neuen Denkmals hatte. Erst als wir der Namen \u00e4nderte und aus dem Denkmal kurzum ein Mahnmal wurde, entstand ein Schuh daraus.<\/p>\n\n\n\n<p class=\"wp-block-paragraph\" style=\"font-size:18px\"><strong>Es bleibt die Frage: Ben\u00f6tigen wir in der heutigen Zeit noch ein Denk- oder Mahnmal? Das Gedenken an Helden und verdienstvolle Mitb\u00fcrger f\u00e4llt leicht. Mit dem Gedenken f\u00fcr Opfer \u2013 und auch daran, dass es unter unseren Soldaten auch T\u00e4ter gab &#8211; ist es weitaus schwieriger umzugehen. Ist so ein Gedenkort heute noch notwendig ? Viele Menschen vertreten die Meinung, so etwas wie damals kann sich doch nicht mehr wiederholen. Wirklich nicht? Ich f\u00fcrchte dies ist ein Irrglaube. Wir leben in unruhigen Zeiten und aus meiner Sicht sind Denkm\u00e4ler und die damit verbundene Erinnerungskultur, gerade heute, sehr wichtig.<\/strong><\/p>\n\n\n<div class=\"wp-block-image\">\n<figure class=\"alignleft is-resized\"><img loading=\"lazy\" decoding=\"async\" src=\"https:\/\/echta-derminga.de\/wp-content\/uploads\/2018\/11\/Volkstrauer2005_K1024_PICT0008.jpg\" alt=\"\" class=\"wp-image-2704\" width=\"330\" height=\"248\" srcset=\"https:\/\/echta-derminga.de\/wp-content\/uploads\/2018\/11\/Volkstrauer2005_K1024_PICT0008.jpg 1024w, https:\/\/echta-derminga.de\/wp-content\/uploads\/2018\/11\/Volkstrauer2005_K1024_PICT0008-300x225.jpg 300w, https:\/\/echta-derminga.de\/wp-content\/uploads\/2018\/11\/Volkstrauer2005_K1024_PICT0008-768x576.jpg 768w, https:\/\/echta-derminga.de\/wp-content\/uploads\/2018\/11\/Volkstrauer2005_K1024_PICT0008-644x483.jpg 644w\" sizes=\"auto, (max-width: 330px) 100vw, 330px\" \/><figcaption>Volkstrauertag am Denkmal Hundsberg<\/figcaption><\/figure>\n<\/div>\n\n\n<p class=\"wp-block-paragraph\" style=\"font-size:18px\">Am diesj\u00e4hrigen Volkstrauertag, 18.November werden wieder vielerorts Kr\u00e4nze niedergelegt. Auch in Dirmingen wird dies, am neuen Mahnmal, auf dem Friedhof um 13:30 Uhr Ortszeit geschehen. Seit dem Bau des neuen Denkmals auf dem Friedhof im Jahre 2016 pflegt der Ortsrat wieder die Tradition der Kranzniederlegung zum Volkstrauertag. Die Bev\u00f6lkerung nimmt daran mal mehr oder weniger teil. Auch hier stellt sich wieder die Frage, brauchen wir noch diese Zeremonie der Kranzniederlegung oder ist dies alles l\u00e4ngst \u00fcberholt? Ich sehe es ja an meinen Kindern, die Bindung zu den beiden Weltkriegen ist nicht vorhanden und auch die Tatsache, dass ihr Ur-Ur- Gro\u00dfvater und der Ur-Gro\u00dfvater den beiden Kriegen zum Opfer fielen, \u00e4ndert nichts daran. Man kann und darf das der heutigen Generation nicht vorwerfen. Unsere Kinder wurden in Friedenszeiten geboren und haben Gott sei Dank keine Kriegswirrungen erfahren. Ich hoffe das bleibt auch in Zukunft genauso!<\/p>\n\n\n<div class=\"wp-block-image\">\n<figure class=\"alignleft is-resized\"><img loading=\"lazy\" decoding=\"async\" src=\"https:\/\/echta-derminga.de\/wp-content\/uploads\/2018\/11\/3-1.jpg\" alt=\"\" class=\"wp-image-2710\" width=\"284\" height=\"405\" srcset=\"https:\/\/echta-derminga.de\/wp-content\/uploads\/2018\/11\/3-1.jpg 567w, https:\/\/echta-derminga.de\/wp-content\/uploads\/2018\/11\/3-1-210x300.jpg 210w\" sizes=\"auto, (max-width: 284px) 100vw, 284px\" \/><figcaption>Altes Denkmal aus dem Jahre 1928<\/figcaption><\/figure>\n<\/div>\n\n\n<p class=\"wp-block-paragraph\" style=\"font-size:18px\"><strong>Sei\u2019s drum, ich bleibe bei meiner Haltung. Gerade heute sind Gedenkst\u00e4tten wichtig und ermahnen uns vorsichtiger mit dem vorhandenen Frieden umzugehen. Bereits am 28.August 1928 wurde ein Denkmal auf dem Hundsberg eingeweiht. Dieses Denkmal stand auch w\u00e4hrend des zweiten Weltkrieges und verfiel im Laufe der Jahre in einen erb\u00e4rmlichen Zustand. Als dieses erste Mahnmal zu Beginn der 1950-ger Jahre bauf\u00e4llig wurde, musste es von der Verwaltung abgebrochen werden. Mit gro\u00dfem ehrenamtlichem Einsatz wurde ein neues Denkmal an gleichem Ort in Auftrag gegeben und erbaut. Am 06.November 1955 fand die Einweihung des \u201eneuen\u201c heute noch vorhandenen Denkmals auf dem Hundsberg statt. Im Fr\u00fchjahr des Jahres 1965 wurden angefertigte Namenstafeln an einer Mauer hinter dem Denkmal angebracht. Mittlerweile befindet sich die Anlage auf dem Friedhof in einem erb\u00e4rmlichen Zustand. Im Fr\u00fchjahr des Jahres 2014 wurde das Denkmal gesch\u00e4ndet und die Namenstafeln abgebrochen und gestohlen. Fast 60 Jahre diente das alte Bauwerk im Naherholungsgebiet Steinrutsch der Erinnerung an die Opfer der beiden Weltkriege. Mit der Sch\u00e4ndung des Denkmals und dem Bau einer neuen Mahnst\u00e4tte, auf dem Friedhof, endete praktisch diese \u00c4ra. Aus meiner Sicht m\u00fcssen wir uns nochmal deutlich die Frage stellen, wie wir mit der alten Gedenkst\u00e4tte auf dem Hundsberg zuk\u00fcnftig umgehen. In dieser Angelegenheit brauchen wir dringend eine L\u00f6sung.<\/strong><\/p>\n\n\n<div class=\"wp-block-image\">\n<figure class=\"alignleft is-resized\"><img loading=\"lazy\" decoding=\"async\" src=\"https:\/\/echta-derminga.de\/wp-content\/uploads\/2018\/11\/4-1.jpg\" alt=\"\" class=\"wp-image-2712\" width=\"337\" height=\"222\" srcset=\"https:\/\/echta-derminga.de\/wp-content\/uploads\/2018\/11\/4-1.jpg 600w, https:\/\/echta-derminga.de\/wp-content\/uploads\/2018\/11\/4-1-300x198.jpg 300w\" sizes=\"auto, (max-width: 337px) 100vw, 337px\" \/><figcaption>Einschussl\u00f6cher im Mauerwerk<\/figcaption><\/figure>\n<\/div>\n\n\n<p class=\"wp-block-paragraph\" style=\"font-size:18px\">Es gibt jedoch noch weitere M\u00f6glichkeiten die Erinnerungen an die Opfer von Krieg, Gewalt, Terror und Verfolgung zu bewahren. Somit kommen wir zur\u00fcck zu meiner Heimatforschung. In unserem Dorf gibt es neben den vorhandenen Denk- und Mahnst\u00e4tten einige stille Zeitzeugen die heute kaum noch jemand als solche wahrnimmt. Dies sehen wir an der gefundenen Ehrentafel oder sogar, f\u00fcr jeden ersichtlich, in unserem Dorf. Die Mauer an der Stra\u00dfenkreuzung Tholey auf die Landstrasse Eppelborn &#8211; Dirmingen B 10 \u2013 L 112 ist ein sogenannter stiller Zeitzeuge aus dem 2.Weltkrieg. Die alte Mauer wei\u00dft noch heute deutliche Einschussl\u00f6cher von Maschinengewehren auf. Als die Amerikaner am 18.M\u00e4rz 1945 in unseren Heimatort kamen entstanden diese Einschussl\u00f6cher in der Mauer. Immer wenn ich an dieser Mauer vorbeigehe, muss ich daran denken, was sich auch in unserem Dorf w\u00e4hrend den beiden Weltkriegen abspielte.<\/p>\n\n\n<div class=\"wp-block-image\">\n<figure class=\"alignleft is-resized\"><img loading=\"lazy\" decoding=\"async\" src=\"https:\/\/echta-derminga.de\/wp-content\/uploads\/2018\/11\/6.jpg\" alt=\"\" class=\"wp-image-2715\" width=\"201\" height=\"443\" srcset=\"https:\/\/echta-derminga.de\/wp-content\/uploads\/2018\/11\/6.jpg 391w, https:\/\/echta-derminga.de\/wp-content\/uploads\/2018\/11\/6-136x300.jpg 136w\" sizes=\"auto, (max-width: 201px) 100vw, 201px\" \/><figcaption>Heutiges Denkmal<\/figcaption><\/figure>\n<\/div>\n\n\n<p class=\"wp-block-paragraph\" style=\"font-size:18px\">Jeder von uns hat im Laufe der beiden Weltkriege Familienmitglieder, Freunde oder Bekannte verloren. Die heutige Zeit ist unruhig und obwohl es seit \u00fcber 80 Jahren Frieden in Europa gibt sollten wir alle die Zeichen der Zeit erkennen. Wir m\u00fcssen uns zuk\u00fcnftig auch dar\u00fcber Gedanken machen, wie wir mit der neuen Form von Krieg und Terror umgehen. Immerhin kamen seit 1992 bei Auslandseins\u00e4tzen unserer Bundeswehr insgesamt 108 Soldaten ums Leben. Das Gedenken an diese Opfer wird aus meiner Sicht zu wenig gepflegt. Vielleicht m\u00fcssen wir uns mehr verdeutlichen, dass wir es heute mit einer anderen Form von Krieg und Gewalt zu tun haben. Ich bleibe dabei, eine gepflegte Erinnerungskultur und eine Gedenkst\u00e4tte f\u00fcr die Opfer der Weltkriege sowie die Opfer von Terror, Gewalt und Verfolgung sind wichtig. Wir leben in unruhigen Zeiten und es wird auch zuk\u00fcnftig Opfer geben.<\/p>\n\n\n\n<blockquote class=\"wp-block-quote is-layout-flow wp-block-quote-is-layout-flow\"><p><strong>\u201eEs blieb nur das Kreuz als einzige Spur, von deinem Leben, doch h\u00f6r meinen Schwur, f\u00fcr den Frieden zu k\u00e4mpfen und wachsam zu sein. F\u00e4llt die Menschheit noch einmal auf L\u00fcgen herein, dann kann es geschehn, da\u00df bald niemand mehr lebt, niemand, der die Milliarden von Toten begr\u00e4bt. Doch l\u00e4ngst finden sich mehr und mehr Menschen bereit, diesen Krieg zu verhindern, es ist an der Zeit.\u201c<\/strong><\/p><cite>&#8222;Es ist an der Zeit&#8220; &#8211; Hannes Wader<\/cite><\/blockquote>\n\n\n\n<p class=\"wp-block-paragraph\" style=\"font-size:18px\">Unser Heimatort Dirmingen musste w\u00e4hrend den beiden Weltkriegen fast 300 Menschleben beklagen. Darunter waren Soldaten, Familienv\u00e4ter, junge M\u00e4nner und zahlreiche Opfer aus der Zivilbev\u00f6lkerung. Sogar Frauen und Kinder mussten w\u00e4hrend den verheerenden Bombenangriffen auf Dirmingen ihr Leben lassen. Ja, Erinnerungskultur ist gut &#8211; Ermahnen ist wichtig!<\/p>\n\n\n\n<blockquote class=\"wp-block-quote is-layout-flow wp-block-quote-is-layout-flow\"><p><strong>\u201eJa, auch dich haben sie schon genauso belogen, so wie sie es mit uns heute immer noch tun.<br\/>Und du hast ihnen alles gegeben &#8211; deine Kraft, deine Jugend, dein Leben.\u201c<\/strong><\/p><cite>&#8222;Es ist an der Zeit&#8220; &#8211; Hannes Wader<\/cite><\/blockquote>\n","protected":false},"excerpt":{"rendered":"<p>Die Heimatforschung ist meine gro\u00dfe Leidenschaft. Eigentlich bin ich st\u00e4ndig auf der Suche nach alten Fotos, alten Gegenst\u00e4nden, alten Geschichten und interessanten Rarit\u00e4ten. Im Zuge meiner Forschungen stie\u00df ich vor kurzer Zeit auf einen echten Schatz. In einem Abstellraum, unserer evangelischen Kirche, fand ich eine uralte Ehrentafel mit den Namen der Dirminger Opfer vom 1. Weltkrieg (1914 \u2013 1918). Die<\/p>\n","protected":false},"author":1,"featured_media":2701,"comment_status":"open","ping_status":"closed","sticky":false,"template":"","format":"standard","meta":{"_crdt_document":"","footnotes":""},"categories":[1,9,8],"tags":[184,5,520,334,332,519,518],"class_list":["post-2689","post","type-post","status-publish","format-standard","has-post-thumbnail","hentry","category-allgemein","category-dorfgetratsche","category-sellemols-und-awweile","tag-denkmal","tag-dirmingen","tag-erinnerung","tag-hundsberg","tag-mahnmal","tag-volkstrauertag","tag-weltkriege"],"_links":{"self":[{"href":"https:\/\/echta-derminga.de\/index.php?rest_route=\/wp\/v2\/posts\/2689","targetHints":{"allow":["GET"]}}],"collection":[{"href":"https:\/\/echta-derminga.de\/index.php?rest_route=\/wp\/v2\/posts"}],"about":[{"href":"https:\/\/echta-derminga.de\/index.php?rest_route=\/wp\/v2\/types\/post"}],"author":[{"embeddable":true,"href":"https:\/\/echta-derminga.de\/index.php?rest_route=\/wp\/v2\/users\/1"}],"replies":[{"embeddable":true,"href":"https:\/\/echta-derminga.de\/index.php?rest_route=%2Fwp%2Fv2%2Fcomments&post=2689"}],"version-history":[{"count":22,"href":"https:\/\/echta-derminga.de\/index.php?rest_route=\/wp\/v2\/posts\/2689\/revisions"}],"predecessor-version":[{"id":2717,"href":"https:\/\/echta-derminga.de\/index.php?rest_route=\/wp\/v2\/posts\/2689\/revisions\/2717"}],"wp:featuredmedia":[{"embeddable":true,"href":"https:\/\/echta-derminga.de\/index.php?rest_route=\/wp\/v2\/media\/2701"}],"wp:attachment":[{"href":"https:\/\/echta-derminga.de\/index.php?rest_route=%2Fwp%2Fv2%2Fmedia&parent=2689"}],"wp:term":[{"taxonomy":"category","embeddable":true,"href":"https:\/\/echta-derminga.de\/index.php?rest_route=%2Fwp%2Fv2%2Fcategories&post=2689"},{"taxonomy":"post_tag","embeddable":true,"href":"https:\/\/echta-derminga.de\/index.php?rest_route=%2Fwp%2Fv2%2Ftags&post=2689"}],"curies":[{"name":"wp","href":"https:\/\/api.w.org\/{rel}","templated":true}]}}