{"id":2755,"date":"2018-11-25T14:05:06","date_gmt":"2018-11-25T13:05:06","guid":{"rendered":"http:\/\/echta-derminga.de\/?p=2755"},"modified":"2018-11-25T14:05:08","modified_gmt":"2018-11-25T13:05:08","slug":"ausstellung-kunst-verbindet-als-zeichen-der-freundschaft-vorbildliche-integrationsarbeit-in-dirmingen","status":"publish","type":"post","link":"https:\/\/echta-derminga.de\/?p=2755","title":{"rendered":"Ausstellung \u201eKunst verbindet&#8230;,\u201cals Zeichen der Freundschaft \u2013 Vorbildliche Integrationsarbeit in Dirmingen"},"content":{"rendered":"\n<p class=\"wp-block-paragraph\" style=\"font-size:18px\"><strong>Sp\u00e4testens seit dem Fl\u00fcchtlingsstrom im Jahre 2015 besch\u00e4ftigt das Thema Migration und Integration auch den l\u00e4ndlichen Raum. Viele D\u00f6rfer sind mittlerweile multikulturell geworden und sind darauf angewiesen in ehrenamtlicher Eigenregie Integrationsarbeit zu leisten. Gerade bei der l\u00e4ndlichen Bev\u00f6lkerung gibt es einerseits gro\u00dfe Hilfsbereitschaft f\u00fcr neuen Mitb\u00fcrger, gleichzeitig aber auch zunehmende Fremdenfeindlichkeit.<\/strong><\/p>\n\n\n\n<p class=\"wp-block-paragraph\" style=\"font-size:18px\">W\u00e4hrend in gro\u00dfen deutschen St\u00e4dten Tausende gegen Zuwanderung auf die Stra\u00dfe gehen, wird in Dirmingen wichtige Integrationsarbeit geleistet. In unserem Dorf unterst\u00fctzt ein sogenanntes Fl\u00fcchtlingshilfswerk seit geraumer Zeit die Fl\u00fcchtlinge. Die \u00fcberwiegend aus Syrien stammenden Menschen nehmen die Unterst\u00fctzung und Hilfe des Netzwerkes dankbar an. Sprachkurse, Beh\u00f6rdeng\u00e4nge, Alltagshilfe und Freundschaftsdienste sind an der Tagesordnung und verlangen auch von den ehrenamtlichen Mitstreitern viel Aufopferung.\u00a0<\/p>\n\n\n<div class=\"wp-block-image\">\n<figure class=\"alignleft is-resized\"><img loading=\"lazy\" decoding=\"async\" src=\"https:\/\/echta-derminga.de\/wp-content\/uploads\/2018\/11\/333-2.jpg\" alt=\"\" class=\"wp-image-2760\" width=\"300\" height=\"252\" srcset=\"https:\/\/echta-derminga.de\/wp-content\/uploads\/2018\/11\/333-2.jpg 600w, https:\/\/echta-derminga.de\/wp-content\/uploads\/2018\/11\/333-2-300x252.jpg 300w\" sizes=\"auto, (max-width: 300px) 100vw, 300px\" \/><\/figure>\n<\/div>\n\n\n<p class=\"wp-block-paragraph\" style=\"font-size:18px\"><strong>Gerade im l\u00e4ndlichen Raum kann erfolgreiche Integration zu einer echten Chance werden. Eine Schl\u00fcsselrolle k\u00f6nnten dabei unter anderem die \u00f6rtlichen Vereine oder die Kirchen \u00fcbernehmen. Aber auch Menschen, die nicht in einem Verein oder Organisation t\u00e4tig sind k\u00f6nnen helfen und sich einbringen. Als Vorbild dient hier die K\u00fcnstlerin Silke Heer aus Dirmingen. Seit geraumer Zeit bietet die Dirmingerin einen Malkurs f\u00fcr syrische Kinder und Jugendliche an. Der Zuspruch war enorm und was zun\u00e4chst als Pilotprojekt geplant war sucht nun sogar eine Fortsetzung. Im evangelischen Gemeindehaus treffen sich einmal die Woche ca. 10 -12 syrische M\u00e4dchen, um sich gemeinsam der Kunst zu widmen. Silke Heer und ihre Helferinnen Anja Graus und Petra Urmoneit investieren viel liebe Zeit und M\u00fche in diesen Malkurs. Die teilnehmenden M\u00e4dchen nehmen diese Zeit dankbar an. Im Laufe eines Jahres sind nun wunderbare Werke entstanden.<\/strong><\/p>\n\n\n<div class=\"wp-block-image\">\n<figure class=\"alignleft is-resized\"><img loading=\"lazy\" decoding=\"async\" src=\"https:\/\/echta-derminga.de\/wp-content\/uploads\/2018\/11\/444.jpg\" alt=\"\" class=\"wp-image-2762\" width=\"300\" height=\"183\" srcset=\"https:\/\/echta-derminga.de\/wp-content\/uploads\/2018\/11\/444.jpg 600w, https:\/\/echta-derminga.de\/wp-content\/uploads\/2018\/11\/444-300x183.jpg 300w\" sizes=\"auto, (max-width: 300px) 100vw, 300px\" \/><\/figure>\n<\/div>\n\n\n<p class=\"wp-block-paragraph\" style=\"font-size:18px\">Am Samstag, 24.November war es an der Zeit diese Kunstwerke auszustellen und der \u00d6ffentlichkeit zu zeigen. Unter dem Motto: \u201eKunst verbindet\u2026\u201c Wurden Zeichnungen und Portraits der M\u00e4dchen im evangelischen Gemeindehaus ausgestellt. Bei orientalischer Begleitmusik und vielen k\u00f6stlichen Leckereien aus Syrien genossen die zahlreichen G\u00e4ste das wunderbare Ambiente. Die syrischen M\u00e4dchen freuten sich \u00fcber den guten Zuspruch aus der Bev\u00f6lkerung. Silke Heer und Sigrid Schmitt, vom Fl\u00fcchtlingsnetzwerk Dirmingen, waren ebenfalls sehr angetan.<\/p>\n\n\n\n<p class=\"wp-block-paragraph\" style=\"font-size:18px\"><strong>Ich selbst habe mir die Ausstellung gerne angesehen und war schlichtweg begeistert. In Dirmingen hat sich die Integrationsarbeit gelohnt! Die Menschen, ganz gleich welcher Nation oder Glaubens, tauschten sich aus und freuten sich gemeinsam \u00fcber einen sch\u00f6nen Nachmittag. Viele gute Gedanken und lauter freundliche Gesichter. Das allein war schon mal erfrischend und aufmunternd. Zufrieden k\u00f6nnen wir feststellen, dass die Integrationsarbeit in Dirmingen gute Fr\u00fcchte tr\u00e4gt. Der Malkurs von Silke Heer hat unerwartete Br\u00fccken gebaut und T\u00fcren ge\u00f6ffnet. Nat\u00fcrlich konnte man auch die Exponate k\u00e4uflich erwerben.<\/strong><\/p>\n\n\n<div class=\"wp-block-image\">\n<figure class=\"alignleft is-resized\"><img loading=\"lazy\" decoding=\"async\" src=\"https:\/\/echta-derminga.de\/wp-content\/uploads\/2018\/11\/222.jpg\" alt=\"\" class=\"wp-image-2764\" width=\"300\" height=\"424\" srcset=\"https:\/\/echta-derminga.de\/wp-content\/uploads\/2018\/11\/222.jpg 600w, https:\/\/echta-derminga.de\/wp-content\/uploads\/2018\/11\/222-213x300.jpg 213w\" sizes=\"auto, (max-width: 300px) 100vw, 300px\" \/><\/figure>\n<\/div>\n\n\n<p class=\"wp-block-paragraph\" style=\"font-size:18px\">Viele Menschen haben sich ein Ausstellungsst\u00fcck mit Nachhause genommen. Auch das Presbyterium der evangelischen Kirchengemeinde Dirmingen hat sich kurzerhand dazu entschlossen ein Exemplar k\u00e4uflich zu erwerben. Das Portrait zeigt ein syrisches M\u00e4dchen in wunderbaren Farben. Wir waren der Meinung, dass dieses Bild vorz\u00fcglich in unser Gemeindehaus passen w\u00fcrden. Gesagt, getan. Dieses Bild wird zuk\u00fcnftig an die Integrationsarbeit des Fl\u00fcchtlingshilfswerkes Dirmingen und unserer Evangelischen Kirchengemeinde Dirmingen erinnern.<\/p>\n\n\n\n<p class=\"wp-block-paragraph\" style=\"font-size:18px\"><strong>Als ich die Ausstellung verlie\u00df und mich verabschiedete trug ich ein gutes Gef\u00fchl in meinem Herzen. Es gibt doch noch Menschlichkeit! Veranstaltungen wie diese Kunstausstellung zeigen ganz deutlich, dass es sich lohnt, an das Gute zu glauben. In Zeiten in denen offensichtlich der Hass immer gr\u00f6\u00dfer wird, ist es in Dirmingen gelungen eine Gemeinschaft aufzubauen und Menschen zu integrieren. Gut so !<\/strong><\/p>\n","protected":false},"excerpt":{"rendered":"<p>Sp\u00e4testens seit dem Fl\u00fcchtlingsstrom im Jahre 2015 besch\u00e4ftigt das Thema Migration und Integration auch den l\u00e4ndlichen Raum. Viele D\u00f6rfer sind mittlerweile multikulturell geworden und sind darauf angewiesen in ehrenamtlicher Eigenregie Integrationsarbeit zu leisten. Gerade bei der l\u00e4ndlichen Bev\u00f6lkerung gibt es einerseits gro\u00dfe Hilfsbereitschaft f\u00fcr neuen Mitb\u00fcrger, gleichzeitig aber auch zunehmende Fremdenfeindlichkeit. W\u00e4hrend in gro\u00dfen deutschen St\u00e4dten Tausende gegen Zuwanderung auf<\/p>\n","protected":false},"author":1,"featured_media":2759,"comment_status":"open","ping_status":"closed","sticky":false,"template":"","format":"standard","meta":{"_crdt_document":"","footnotes":""},"categories":[1,9,47,46],"tags":[535,89,533,532,534,536],"class_list":["post-2755","post","type-post","status-publish","format-standard","has-post-thumbnail","hentry","category-allgemein","category-dorfgetratsche","category-meine-kirche","category-meine-politik","tag-ausstellung","tag-dorf","tag-evangelisches-gemeindehaus","tag-integrationsarbeit-dirmingen","tag-malkurs","tag-syrien"],"_links":{"self":[{"href":"https:\/\/echta-derminga.de\/index.php?rest_route=\/wp\/v2\/posts\/2755","targetHints":{"allow":["GET"]}}],"collection":[{"href":"https:\/\/echta-derminga.de\/index.php?rest_route=\/wp\/v2\/posts"}],"about":[{"href":"https:\/\/echta-derminga.de\/index.php?rest_route=\/wp\/v2\/types\/post"}],"author":[{"embeddable":true,"href":"https:\/\/echta-derminga.de\/index.php?rest_route=\/wp\/v2\/users\/1"}],"replies":[{"embeddable":true,"href":"https:\/\/echta-derminga.de\/index.php?rest_route=%2Fwp%2Fv2%2Fcomments&post=2755"}],"version-history":[{"count":6,"href":"https:\/\/echta-derminga.de\/index.php?rest_route=\/wp\/v2\/posts\/2755\/revisions"}],"predecessor-version":[{"id":2765,"href":"https:\/\/echta-derminga.de\/index.php?rest_route=\/wp\/v2\/posts\/2755\/revisions\/2765"}],"wp:featuredmedia":[{"embeddable":true,"href":"https:\/\/echta-derminga.de\/index.php?rest_route=\/wp\/v2\/media\/2759"}],"wp:attachment":[{"href":"https:\/\/echta-derminga.de\/index.php?rest_route=%2Fwp%2Fv2%2Fmedia&parent=2755"}],"wp:term":[{"taxonomy":"category","embeddable":true,"href":"https:\/\/echta-derminga.de\/index.php?rest_route=%2Fwp%2Fv2%2Fcategories&post=2755"},{"taxonomy":"post_tag","embeddable":true,"href":"https:\/\/echta-derminga.de\/index.php?rest_route=%2Fwp%2Fv2%2Ftags&post=2755"}],"curies":[{"name":"wp","href":"https:\/\/api.w.org\/{rel}","templated":true}]}}