{"id":292,"date":"2018-01-08T16:24:33","date_gmt":"2018-01-08T15:24:33","guid":{"rendered":"http:\/\/echta-derminga.de\/?p=292"},"modified":"2018-02-26T19:54:09","modified_gmt":"2018-02-26T18:54:09","slug":"sternsaengersegneten-dirminger-haeuser","status":"publish","type":"post","link":"https:\/\/echta-derminga.de\/?p=292","title":{"rendered":"&#8222;Sterns\u00e4nger&#8220;segneten Dirminger H\u00e4user"},"content":{"rendered":"<p><strong><img loading=\"lazy\" decoding=\"async\" class=\"alignleft wp-image-293 size-medium\" src=\"https:\/\/echta-derminga.de\/wp-content\/uploads\/2018\/01\/26230939_1572946002800119_5321184821409882573_n-119x300.jpg\" alt=\"\" width=\"119\" height=\"300\" srcset=\"https:\/\/echta-derminga.de\/wp-content\/uploads\/2018\/01\/26230939_1572946002800119_5321184821409882573_n-119x300.jpg 119w, https:\/\/echta-derminga.de\/wp-content\/uploads\/2018\/01\/26230939_1572946002800119_5321184821409882573_n.jpg 382w\" sizes=\"auto, (max-width: 119px) 100vw, 119px\" \/>Die Geschichte der\u00a0Heiligen Drei K\u00f6nige\u00a0basiert auf religi\u00f6se Mythen und \u00fcberlieferte Sagen. Die tats\u00e4chliche Existenz der drei Weisen aus dem Morgenland konnte nie wirklich nachgewiesen werden.\u00a0In der katholischen Kirche werden die Heiligen Drei K\u00f6nig verehrt und sind fester Bestandteil der Weihnachtsgeschichte. Caspar, Melchior und Balthasar\u00a0sind als die Heiligen Drei K\u00f6nige in die Geschichte eingegangen und stehen noch heute Pate f\u00fcr die traditionelle &#8222;Sterns\u00e4ngeraktion&#8220;.<\/strong><\/p>\n<p>In unserer schnellen Zeit gehen Br\u00e4uche und Traditionen immer mehr verloren. Aus diesem Grunde habe ich mich in diesem Jahr sehr dar\u00fcber gefreut, dass in meinem Heimatort Dirmingen wieder vermehrt die &#8222;Sterns\u00e4nger&#8220; unterwegs waren. Vielerorts ger\u00e4t dieser sch\u00f6ne Brauchtum ins wanken und wird kaum noch durchgef\u00fchrt. Ganz anders in meinem Heimatort Dirmingen. Am Sonntag, 07. Januar zogen ca. 18 Kinder und ihre Betreuer durch unsere Strassen um die Tradition des Sternsingens fortzuf\u00fchren.<\/p>\n<p>Die katholische Kirchengemeinde Dirmingen hatte sich zuvor stark gemacht um diese Aktion aufzuwerten.\u00a0Die Aktion &#8222;Dreik\u00f6nigssingen&#8220; ist die gr\u00f6\u00dfte Solidarit\u00e4tsaktion von Kindern f\u00fcr Kinder weltweit.\u00a0Bei der diesj\u00e4hrigen &#8222;Sternsingeraktion&#8220; wurde f\u00fcr das Engagement gegen ausbeuterische Kinderarbeit in Indien gesammelt.<\/p>\n<p><strong>Ich pers\u00f6nlich habe mich sehr dar\u00fcber gefreut das die &#8222;Sterns\u00e4nger&#8220; mein Haus segneten. Hier wurde in alter Tradition gutes getan. Was kann falsch daran sein ? Auch als evangelischer Christ finde es sehr wichtig, dass unsere Kinder die Traditionen unserer V\u00e4ter pflegen und fortsetzen. Velen Dank an alle flei\u00dfigen &#8222;Sterns\u00e4nger&#8220;, die Organisation und die Eltern. Vielleicht wird es in diesem Jahr zu Ostern auch wieder die &#8222;Klepperkinder&#8220; geben ? Ich w\u00fcrde es mir w\u00fcnschen.\u00a0\u00a0<\/strong><\/p>\n","protected":false},"excerpt":{"rendered":"<p>Die Geschichte der\u00a0Heiligen Drei K\u00f6nige\u00a0basiert auf religi\u00f6se Mythen und \u00fcberlieferte Sagen. Die tats\u00e4chliche Existenz der drei Weisen aus dem Morgenland konnte nie wirklich nachgewiesen werden.\u00a0In der katholischen Kirche werden die Heiligen Drei K\u00f6nig verehrt und sind fester Bestandteil der Weihnachtsgeschichte. Caspar, Melchior und Balthasar\u00a0sind als die Heiligen Drei K\u00f6nige in die Geschichte eingegangen und stehen noch heute Pate f\u00fcr die<\/p>\n","protected":false},"author":1,"featured_media":248,"comment_status":"closed","ping_status":"closed","sticky":false,"template":"","format":"standard","meta":{"_crdt_document":"","footnotes":""},"categories":[1],"tags":[14],"class_list":["post-292","post","type-post","status-publish","format-standard","has-post-thumbnail","hentry","category-allgemein","tag-sternsingen"],"_links":{"self":[{"href":"https:\/\/echta-derminga.de\/index.php?rest_route=\/wp\/v2\/posts\/292","targetHints":{"allow":["GET"]}}],"collection":[{"href":"https:\/\/echta-derminga.de\/index.php?rest_route=\/wp\/v2\/posts"}],"about":[{"href":"https:\/\/echta-derminga.de\/index.php?rest_route=\/wp\/v2\/types\/post"}],"author":[{"embeddable":true,"href":"https:\/\/echta-derminga.de\/index.php?rest_route=\/wp\/v2\/users\/1"}],"replies":[{"embeddable":true,"href":"https:\/\/echta-derminga.de\/index.php?rest_route=%2Fwp%2Fv2%2Fcomments&post=292"}],"version-history":[{"count":2,"href":"https:\/\/echta-derminga.de\/index.php?rest_route=\/wp\/v2\/posts\/292\/revisions"}],"predecessor-version":[{"id":295,"href":"https:\/\/echta-derminga.de\/index.php?rest_route=\/wp\/v2\/posts\/292\/revisions\/295"}],"wp:featuredmedia":[{"embeddable":true,"href":"https:\/\/echta-derminga.de\/index.php?rest_route=\/wp\/v2\/media\/248"}],"wp:attachment":[{"href":"https:\/\/echta-derminga.de\/index.php?rest_route=%2Fwp%2Fv2%2Fmedia&parent=292"}],"wp:term":[{"taxonomy":"category","embeddable":true,"href":"https:\/\/echta-derminga.de\/index.php?rest_route=%2Fwp%2Fv2%2Fcategories&post=292"},{"taxonomy":"post_tag","embeddable":true,"href":"https:\/\/echta-derminga.de\/index.php?rest_route=%2Fwp%2Fv2%2Ftags&post=292"}],"curies":[{"name":"wp","href":"https:\/\/api.w.org\/{rel}","templated":true}]}}