{"id":2934,"date":"2018-12-25T12:19:51","date_gmt":"2018-12-25T11:19:51","guid":{"rendered":"http:\/\/echta-derminga.de\/?p=2934"},"modified":"2018-12-25T12:29:47","modified_gmt":"2018-12-25T11:29:47","slug":"dirminger-kulturecke-der-wandertag","status":"publish","type":"post","link":"https:\/\/echta-derminga.de\/?p=2934","title":{"rendered":"Dirminger Kulturecke \u2013 Der Wandertag"},"content":{"rendered":"\n<blockquote class=\"wp-block-quote is-layout-flow wp-block-quote-is-layout-flow\"><p><strong><em>In der Dirminger Kulturecke erfahren Sie alles, was Sie schon immer \u00fcber Dirmingen wissen wollten oder sollten. Wussten Sie schon, dass auch in Dirmingen, im 18.Jahrhundert, das Brauchtum des Wandertages gepflegt wurde? Die \u00e4lteren Bewohner unseres Heimatdorfes berichten noch heute gerne davon, dass fr\u00fcher, zum Jahresende, der Wandertag durchgef\u00fchrt wurde.<\/em><\/strong> <\/p><\/blockquote>\n\n\n\n<p class=\"wp-block-paragraph\" style=\"font-size:18px\">Dabei war es Tradition, dass am 27.Dezember eines jeden Jahres  die Bewohner auf  Wanderschaft gingen. Unter dem Begriff \u201ewandern\u201c verstanden die Menschen zun\u00e4chst einmal nicht unbedingt eine Wanderung durch die umliegende Landschaft. Viel mehr wechselten die Menschen zu der Jahreswende einfach ihre Arbeitsstelle. <\/p>\n\n\n\n<p class=\"wp-block-paragraph\" style=\"font-size:18px\">In einem alten vorliegenden Verwaltungsbericht\ndes Landkreises Ottweiler, aus dem Jahre 1859, ist zu lesen: \u201c Der Tag des\nDienstwechsels ist der 27.Dezember, oder mit anderen Worten, um Weihnachten ist\ndie Wanderzeit\u201c. <\/p>\n\n\n\n<p class=\"wp-block-paragraph\" style=\"font-size:18px\"><strong>Nat\u00fcrlich wurde nicht in jedem Jahr der Arbeitsplatz gewechselt. Vielmehr wurde dieser Brauch symbolisch angedeutet. Der Knecht oder die Magd verlie\u00dfen damals kurzerhand die Wohnung die Dienstherren wobei die W\u00e4schekisten oder der Schlie\u00dfkorb symbolisch vor die Haust\u00fcr gestellt und wieder hereingetragen wurden. Dieses Ritual diente als Zeichen, dass der Arbeitsplatz einbehalten wurde. In Wahrheit kam es zu dieser Zeit kaum zu einem Wechsel des Arbeitsplatzes. Vielmehr war es so, dass die Menschen, Zeit ihres Lebens, nur einen Arbeitsplatz vorweisen konnten. Es kam nicht selten vor, dass Knechte oder M\u00e4gde, bis zur eigenen Heirat beim gleichen Bauern lebten. Der symbolische Wechsel der Arbeitsstelle war aber keineswegs das wesentliche Merkmal des Wandertages. In der Realit\u00e4t wurde am Abend dieses 27.Dezembers in den gro\u00dfen S\u00e4len unseres Ortes getanzt oder gefeiert. <\/strong><\/p>\n\n\n\n<p class=\"wp-block-paragraph\" style=\"font-size:18px\">In unseren Chroniken wird berichtet, dass zwischen den Festtagen bis in den fr\u00fchen Morgen getanzt und gefeiert wurde. Besonders die jungen M\u00e4nner freuten sich \u00fcber diesem alten Brauchtum. Aus guter Tradition mussten die Burschen an diesem Tag nicht in die Tasche greifen. Der Brauch verlangte, dass die Jungs an diesem Tag \u201ezehrfrei\u201c gehalten wurden. Mit Sicherheit wurden an diesem 27.Dezember auch viele innigen Verbindungen gekn\u00fcpft. Bereits am n\u00e4chsten Tag mussten die M\u00e4gde und Knechte wieder ihrer schweren Arbeit nachgehen. <strong>Der 27.Dezember lieferte jedoch immer wieder viel Gespr\u00e4chsstoff f\u00fcr die folgenden arbeitsreichen Wochen. <\/strong><\/p>\n\n\n\n<div class=\"wp-block-image\"><figure class=\"alignleft is-resized\"><img loading=\"lazy\" decoding=\"async\" src=\"https:\/\/echta-derminga.de\/wp-content\/uploads\/2018\/12\/Blog-2-1-644x382.jpg\" alt=\"\" class=\"wp-image-2939\" width=\"322\" height=\"191\" srcset=\"https:\/\/echta-derminga.de\/wp-content\/uploads\/2018\/12\/Blog-2-1-644x382.jpg 644w, https:\/\/echta-derminga.de\/wp-content\/uploads\/2018\/12\/Blog-2-1-300x178.jpg 300w, https:\/\/echta-derminga.de\/wp-content\/uploads\/2018\/12\/Blog-2-1-768x455.jpg 768w, https:\/\/echta-derminga.de\/wp-content\/uploads\/2018\/12\/Blog-2-1.jpg 800w\" sizes=\"auto, (max-width: 322px) 100vw, 322px\" \/><\/figure><\/div>\n\n\n\n<p class=\"wp-block-paragraph\" style=\"font-size:18px\"><strong>Aus dem guten alten Brauch des Wandertages entstand im 20.Jahrhundert eine neue Tradition. Die Menschen nutzten die freien Tage zwischen Weihnachten und Neujahr zum Wandern und ausspannen. Ein Wort mit zwei Bedeutungen: Aus dem alten Brauch des \u201eWanderns\u201c wurde das herk\u00f6mmliche Wandern durch die sch\u00f6ne Landschaft. Die letztgenannte Tradition hat sich bis heute gehalten. <\/strong><\/p>\n\n\n\n<p class=\"wp-block-paragraph\" style=\"font-size:18px\"><strong><em>Nutzten auch Sie die Gelegenheit zu einer ganz pers\u00f6nlichen Wanderung zwischen den Tagen. Unser Heimatort Dirmingen hat so einiges zu bieten. Viel Spa\u00df und gute Erholung.<\/em><\/strong><\/p>\n","protected":false},"excerpt":{"rendered":"<p>In der Dirminger Kulturecke erfahren Sie alles, was Sie schon immer \u00fcber Dirmingen wissen wollten oder sollten. Wussten Sie schon, dass auch in Dirmingen, im 18.Jahrhundert, das Brauchtum des Wandertages gepflegt wurde? Die \u00e4lteren Bewohner unseres Heimatdorfes berichten noch heute gerne davon, dass fr\u00fcher, zum Jahresende, der Wandertag durchgef\u00fchrt wurde. Dabei war es Tradition, dass am 27.Dezember eines jeden Jahres<\/p>\n","protected":false},"author":1,"featured_media":2938,"comment_status":"open","ping_status":"closed","sticky":false,"template":"","format":"standard","meta":{"_crdt_document":"","footnotes":""},"categories":[1,2],"tags":[560,559,464,561,558],"class_list":["post-2934","post","type-post","status-publish","format-standard","has-post-thumbnail","hentry","category-allgemein","category-kulturecke","tag-arbeitsstelle","tag-dezember","tag-dirminger-kulturecke","tag-landkreis-ottweiler","tag-wandertag"],"_links":{"self":[{"href":"https:\/\/echta-derminga.de\/index.php?rest_route=\/wp\/v2\/posts\/2934","targetHints":{"allow":["GET"]}}],"collection":[{"href":"https:\/\/echta-derminga.de\/index.php?rest_route=\/wp\/v2\/posts"}],"about":[{"href":"https:\/\/echta-derminga.de\/index.php?rest_route=\/wp\/v2\/types\/post"}],"author":[{"embeddable":true,"href":"https:\/\/echta-derminga.de\/index.php?rest_route=\/wp\/v2\/users\/1"}],"replies":[{"embeddable":true,"href":"https:\/\/echta-derminga.de\/index.php?rest_route=%2Fwp%2Fv2%2Fcomments&post=2934"}],"version-history":[{"count":11,"href":"https:\/\/echta-derminga.de\/index.php?rest_route=\/wp\/v2\/posts\/2934\/revisions"}],"predecessor-version":[{"id":2949,"href":"https:\/\/echta-derminga.de\/index.php?rest_route=\/wp\/v2\/posts\/2934\/revisions\/2949"}],"wp:featuredmedia":[{"embeddable":true,"href":"https:\/\/echta-derminga.de\/index.php?rest_route=\/wp\/v2\/media\/2938"}],"wp:attachment":[{"href":"https:\/\/echta-derminga.de\/index.php?rest_route=%2Fwp%2Fv2%2Fmedia&parent=2934"}],"wp:term":[{"taxonomy":"category","embeddable":true,"href":"https:\/\/echta-derminga.de\/index.php?rest_route=%2Fwp%2Fv2%2Fcategories&post=2934"},{"taxonomy":"post_tag","embeddable":true,"href":"https:\/\/echta-derminga.de\/index.php?rest_route=%2Fwp%2Fv2%2Ftags&post=2934"}],"curies":[{"name":"wp","href":"https:\/\/api.w.org\/{rel}","templated":true}]}}