{"id":2953,"date":"2018-12-30T15:24:48","date_gmt":"2018-12-30T14:24:48","guid":{"rendered":"http:\/\/echta-derminga.de\/?p=2953"},"modified":"2018-12-31T18:29:31","modified_gmt":"2018-12-31T17:29:31","slug":"guter-vorsatz-zum-jahreswechsel-lebenszeit-besser-nutzen","status":"publish","type":"post","link":"https:\/\/echta-derminga.de\/?p=2953","title":{"rendered":"Guter Vorsatz zum Jahreswechsel &#8211; Lebenszeit besser nutzen"},"content":{"rendered":"\n<blockquote class=\"wp-block-quote is-layout-flow wp-block-quote-is-layout-flow\"><p><strong>Von guten M\u00e4chten treu und still umgeben, beh\u00fctet und getr\u00f6stet wunderbar, so will ich diese Tage mit euch leben und mit euch gehen in ein neues Jahr. <\/strong><\/p><p><\/p><cite><br><strong>(Dietrich Bonhoeffer)<\/strong> <br><\/cite><\/blockquote>\n\n\n\n<p class=\"wp-block-paragraph\" style=\"font-size:18px\"><strong>Das Jahr 2018 ist Geschichte. Mir scheint es so, als w\u00fcrde die Zeit immer schneller vergehen. Gerade haben wir das Osterfest hinter uns gebracht und uns auf den Sommer gefreut, ist der Dezember mit dem Weihnachtsfest wieder vorbei und der damit verbundene Jahreswechsel steht vor der T\u00fcr. Bestimmt geht es vielen Zeitgenossen ganz genau so! Wir hetzen und jagen von Termin zu Termin durch unser Leben. Wenn wir uns jedoch mal die Zeit nehmen, um zur Ruhe zu kommen und abzuschalten, merken wir wie gut uns das tut. Ich selbst bin diesbez\u00fcglich kein gutes Vorbild und rase t\u00e4glich durch mein Leben. Mit dem zunehmenden Alter scheint die Zeit jedoch schneller zu vergehen. <\/strong><\/p>\n\n\n\n<p class=\"wp-block-paragraph\" style=\"font-size:18px\">Unsere Lebenszeit auf der Erde ist begrenzt, genauso begrenzt wie ein Tag, eine Woche, ein Jahr. Alles im Leben hat seine Zeit. Irgendwie bilden wir Menschen uns ein, alles planen und organisieren zu k\u00f6nnen. In Wahrheit bauen wir Sandburgen in den Sand und warten auf die n\u00e4chste Flut. Ein Jahreswechsel verdeutlicht uns, dass alles endlich ist, dass uns f\u00fcr vieles hier auf der Erde nur eine begrenzte Zeit zur Verf\u00fcgung steht. <\/p>\n\n\n\n<blockquote class=\"wp-block-quote is-layout-flow wp-block-quote-is-layout-flow\"><p><strong><em>Ein jegliches hat seine Zeit, und alles Vorhaben unter dem Himmel hat seine Stunde: geboren werden hat seine Zeit, sterben hat seine Zeit;&nbsp;pflanzen hat seine Zeit, ausrei\u00dfen, was gepflanzt ist, hat seine Zeit;&nbsp;t\u00f6ten hat seine Zeit, heilen hat seine Zeit;&nbsp;abbrechen hat seine Zeit, bauen hat seine Zeit;&nbsp;weinen hat seine Zeit, lachen hat seine Zeit;&nbsp;klagen hat seine Zeit, tanzen hat seine Zeit;&nbsp;Steine wegwerfen hat seine Zeit, Steine sammeln hat seine Zeit;&nbsp;herzen hat seine Zeit, aufh\u00f6ren zu herzen hat seine Zeit;&nbsp;suchen hat seine Zeit, verlieren hat seine Zeit;&nbsp;behalten hat seine Zeit, wegwerfen hat seine Zeit;&nbsp;zerrei\u00dfen hat seine Zeit, zun\u00e4hen hat seine Zeit;&nbsp;schweigen hat seine Zeit, reden hat seine Zeit;&nbsp;lieben hat seine Zeit, hassen hat seine Zeit;&nbsp;Streit hat seine Zeit, Friede hat seine Zeit. <\/em><\/strong><\/p><cite> <br><strong><em>(Prediger 3,1-4)<\/em><\/strong> <\/cite><\/blockquote>\n\n\n\n<p class=\"wp-block-paragraph\" style=\"font-size:18px\">Ein neues Jahr beginnt! Neue Chancen, neues Gl\u00fcck, neue Ideen und neuer Mut. Volle Kraft voraus Leute und immer sch\u00f6n die R\u00fcbe in den Wind. Bange machen z\u00e4hlt nicht und das Leben ist viel zu kurz um sich zu Sorgen. Dennoch sollten wir auch mal innehalten und kurz den Verstand einschalten. F\u00fcr manche Freunde scheint es ein Witz zu sein, dass ausgerechnet ich solche Dinge sage, aber was raus muss, muss raus: Tretet mal auf die Bremse und lasst den lieben Gott einen guten Mann sein! <strong>Ich pers\u00f6nlich habe mir genau das f\u00fcr Jahr 2019 vorgenommen. Ich m\u00f6chte \u00f6fter mal den Fu\u00df vom Gas nehmen und durchatmen.<\/strong> Depressionen, \u201eBorn out\u201c und Nervenkrankheiten sind die neuen Geiseln unserer Zeit. Wir alle m\u00fcssen lernen diese Zeichen der Zeit ernst zu nehmen. Das nun vergangene Jahr 2018 hat auch f\u00fcr die Menschen in meinen Heimatort Dirmingen viele sch\u00f6ne Stunden aber auch viele traurige Stunden gebracht. Manche mussten lernen loszulassen und andere hingegen durften sich \u00fcber neues freuen. Genauso ist das im Leben: Man gewinnt und man verliert! Wichtig ist, dass man daran reift und w\u00e4chst. Jeder muss f\u00fcr sich allein entscheiden, ob das Jahr 2018 nun ein gutes oder ein schlechtes Jahr war! Wichtig ist jedoch, dass wir unsere ureigenen Schl\u00fcsse daraus ziehen. <\/p>\n\n\n\n<p class=\"wp-block-paragraph\" style=\"font-size:18px\"><strong><em>Genau das m\u00f6chte\nich an dieser Stelle allen Freunden, Kritikern und allen \u201eEchten Derminga\u201c\nw\u00fcnschen: Lasst uns das Gute beibehalten und das schlechte verbessern. Lasst\nuns mutig nach vorne gehen und das Gute erkennen. Lasst uns enger\nzusammenr\u00fccken und das Miteinander leben.<\/em><\/strong><\/p>\n\n\n\n<p class=\"wp-block-paragraph\" style=\"font-size:18px\"><strong><em>Man k\u00f6nnte es auch\nmit den guten alten Konfuzius sagen:<\/em><\/strong><\/p>\n\n\n\n<blockquote class=\"wp-block-quote is-layout-flow wp-block-quote-is-layout-flow\"><p><strong><em>Lasst euch von euren eigenen Zielen leiten: Erm\u00f6glicht eurem N\u00e4chsten das&nbsp;Leben, das ihr euch f\u00fcr euch selbst w\u00fcnscht, und erreicht f\u00fcr ihn das, was ihr f\u00fcr euch selbst zu erreichen hofft.<\/em><\/strong><\/p><cite> <br><strong><em>(Konfuzius, 571-479 v.Chr., chinesischer Philosoph)\ufeff<\/em><\/strong> <\/cite><\/blockquote>\n\n\n\n<p class=\"wp-block-paragraph\" style=\"font-size:18px\"><strong>Es geht auch noch einfacher: \u201eLeben und leben lassen\u201c!<\/strong><\/p>\n\n\n\n<p class=\"wp-block-paragraph\" style=\"font-size:18px\">Nachdem ihr also an Silvester eure Feuerzangenbowle getrunken, \u201eDinner for one\u201c angesehen, euer Blei gegossen und eure Raketen verschossen habt (was bekanntlich nicht so gut f\u00fcr die Umwelt und die Tiere sein soll), solltet ihr euch nicht so viele Vors\u00e4tze f\u00fcr das neue Jahr nehmen. Meistens werden diese ohnehin nach einiger Zeit \u00fcber den Haufen geworfen. Am besten ist, man nimmt es wie es kommt und freut sich am Leben. Zumindest sollte man es versuchen.<\/p>\n\n\n\n<figure class=\"wp-block-image\"><img decoding=\"async\" src=\"https:\/\/echta-derminga.de\/wp-content\/uploads\/2018\/12\/54a15f9df661f7f9698b458f-1-644x362.jpg\" alt=\"\" class=\"wp-image-2959\"\/><\/figure>\n\n\n\n<p class=\"wp-block-paragraph\" style=\"font-size:18px\">\u201eVon guten M\u00e4chten\u201c ist ein geistliches Gedicht des evangelischen Theologen und NS-Widerstandsk\u00e4mpfers Dietrich Bonhoeffer. Der gute Bonhoeffer verfasste das Gedicht kurz vor seiner Hinrichtung im Dezember 1944 in der Gestapo-Haft. Das Gedicht wurde zu einem Lied umgeformt und wird bis heute viel und gerne gesungen. Siegfried Fietz hat im Jahre 1970 die bekannte Melodie zu den Texten komponiert.<\/p>\n\n\n\n<p class=\"wp-block-paragraph\" style=\"font-size:18px\"><strong><em>Meine\nLieblingsstrophe lautet:<\/em><\/strong><\/p>\n\n\n\n<blockquote class=\"wp-block-quote is-layout-flow wp-block-quote-is-layout-flow\"><p><strong><em>La\u00df warm und hell die Kerzen heute flammen, die du in unsre Dunkelheit gebracht, f\u00fchr, wenn es sein kann, wieder uns zusammen. Wir wissen es, dein Licht scheint in der Nacht. Von guten M\u00e4chten wunderbar geborgen, erwarten wir getrost, was kommen mag. Gott ist bei uns am Abend und am Morgen und ganz gewiss an jedem neuen Tag.<\/em><\/strong><\/p><cite>( Dietrich Bonhoeffer)<\/cite><\/blockquote>\n\n\n\n<p class=\"wp-block-paragraph\" style=\"font-size:18px\">\u00dcbrigens die Kirchen in Deutschland pr\u00e4sentieren seit dem Jahr 1934 ihre biblische Jahreslosungen. Die Losung f\u00fcr das Jahr 2019 lautet: &#8222;Suche Frieden und jage ihm nach!&#8220; aus Psalm 34, Vers 15. Ich finde, dass ist nicht unpassend in diesen unruhigen Zeiten.<\/p>\n\n\n\n<figure class=\"wp-block-image\"><img loading=\"lazy\" decoding=\"async\" width=\"644\" height=\"268\" src=\"https:\/\/echta-derminga.de\/wp-content\/uploads\/2018\/12\/evangliche-644x268.jpg\" alt=\"\" class=\"wp-image-2962\" srcset=\"https:\/\/echta-derminga.de\/wp-content\/uploads\/2018\/12\/evangliche-644x268.jpg 644w, https:\/\/echta-derminga.de\/wp-content\/uploads\/2018\/12\/evangliche-300x125.jpg 300w, https:\/\/echta-derminga.de\/wp-content\/uploads\/2018\/12\/evangliche-768x320.jpg 768w, https:\/\/echta-derminga.de\/wp-content\/uploads\/2018\/12\/evangliche.jpg 800w\" sizes=\"auto, (max-width: 644px) 100vw, 644px\" \/><\/figure>\n\n\n\n<p class=\"wp-block-paragraph\" style=\"font-size:18px\"><strong>In diesem Sinne w\u00fcnsche ich allen Lesern, Freunden,\nKritikern, \u201eGutmenschen\u201c und \u201eEchte Derminga\u201c ein gesegnetes, gesundes und\nfr\u00f6hliches neues Jahr 2019<\/strong><\/p>\n\n\n\n<p class=\"wp-block-paragraph\" style=\"font-size:18px\"><strong>Gl\u00fcck auf Derminge !!<\/strong><\/p>\n","protected":false},"excerpt":{"rendered":"<p>Von guten M\u00e4chten treu und still umgeben, beh\u00fctet und getr\u00f6stet wunderbar, so will ich diese Tage mit euch leben und mit euch gehen in ein neues Jahr. (Dietrich Bonhoeffer) Das Jahr 2018 ist Geschichte. Mir scheint es so, als w\u00fcrde die Zeit immer schneller vergehen. Gerade haben wir das Osterfest hinter uns gebracht und uns auf den Sommer gefreut, ist<\/p>\n","protected":false},"author":1,"featured_media":2955,"comment_status":"open","ping_status":"closed","sticky":false,"template":"","format":"standard","meta":{"_crdt_document":"","footnotes":""},"categories":[1,9],"tags":[342,5,563,564,565,562],"class_list":["post-2953","post","type-post","status-publish","format-standard","has-post-thumbnail","hentry","category-allgemein","category-dorfgetratsche","tag-derminga","tag-dirmingen","tag-frohes-neues-jahr","tag-jahreswechsel","tag-neujahr","tag-silvester"],"_links":{"self":[{"href":"https:\/\/echta-derminga.de\/index.php?rest_route=\/wp\/v2\/posts\/2953","targetHints":{"allow":["GET"]}}],"collection":[{"href":"https:\/\/echta-derminga.de\/index.php?rest_route=\/wp\/v2\/posts"}],"about":[{"href":"https:\/\/echta-derminga.de\/index.php?rest_route=\/wp\/v2\/types\/post"}],"author":[{"embeddable":true,"href":"https:\/\/echta-derminga.de\/index.php?rest_route=\/wp\/v2\/users\/1"}],"replies":[{"embeddable":true,"href":"https:\/\/echta-derminga.de\/index.php?rest_route=%2Fwp%2Fv2%2Fcomments&post=2953"}],"version-history":[{"count":9,"href":"https:\/\/echta-derminga.de\/index.php?rest_route=\/wp\/v2\/posts\/2953\/revisions"}],"predecessor-version":[{"id":2967,"href":"https:\/\/echta-derminga.de\/index.php?rest_route=\/wp\/v2\/posts\/2953\/revisions\/2967"}],"wp:featuredmedia":[{"embeddable":true,"href":"https:\/\/echta-derminga.de\/index.php?rest_route=\/wp\/v2\/media\/2955"}],"wp:attachment":[{"href":"https:\/\/echta-derminga.de\/index.php?rest_route=%2Fwp%2Fv2%2Fmedia&parent=2953"}],"wp:term":[{"taxonomy":"category","embeddable":true,"href":"https:\/\/echta-derminga.de\/index.php?rest_route=%2Fwp%2Fv2%2Fcategories&post=2953"},{"taxonomy":"post_tag","embeddable":true,"href":"https:\/\/echta-derminga.de\/index.php?rest_route=%2Fwp%2Fv2%2Ftags&post=2953"}],"curies":[{"name":"wp","href":"https:\/\/api.w.org\/{rel}","templated":true}]}}