{"id":2978,"date":"2019-01-09T21:00:51","date_gmt":"2019-01-09T20:00:51","guid":{"rendered":"http:\/\/echta-derminga.de\/?p=2978"},"modified":"2021-01-24T15:05:21","modified_gmt":"2021-01-24T14:05:21","slug":"dirminger-kulturecke-familienunternehmen-baustoffe-hell","status":"publish","type":"post","link":"https:\/\/echta-derminga.de\/?p=2978","title":{"rendered":"Dirminger Kulturecke &#8211; Familienunternehmen Baustoffe Hell"},"content":{"rendered":"\n<blockquote class=\"wp-block-quote is-layout-flow wp-block-quote-is-layout-flow\"><p><strong>In der Dirminger Kulturecke erfahren Sie alles was Sie schon immer \u00fcber Dirmingen wissen wollten oder wissen sollten. Wussten Sie schon, dass das Unternehmen \u201eValentin Hell\u201c im Jahre 1897 gegr\u00fcndet wurde? Seit \u00fcber 120 Jahren betreibt das Familienunternehmen somit ein Gewerbe in unserem Heimatort. <\/strong><\/p><\/blockquote>\n\n\n\n<p class=\"wp-block-paragraph\" style=\"font-size:18px\">Der pensionierte Bergmann Johann Valentin Hell betrieb\nzun\u00e4chst eine Baumaterialien-, Kunstd\u00fcnger-, und Kohlenhandlung. Im Jahre 1907\n\u00fcbernahm der Sohn Valentin Hell das Unternehmen. Nach dessen Tod \u00fcbernahm\nwiederum der Sohn, Erich Otto Hell das Unternehmen und f\u00fchrte es durch den\nzweiten Weltkrieg. Im Jahr 1971 \u00fcbernahm erneut ein Sohn die Gesch\u00e4ftsleitung.\nErich Valentin Hell \u00fcbernahm die Firma von seinem Vater und leitete erfolgreich\ndie Geschicke der Firma. Der gelernte Kaufmann Erich Hell baute im Jahre 1972\neine neue Halle und kaufte neue Grundst\u00fccke. Im Jahre 1980 wurde das\nFirmengel\u00e4nde Opfer eines Gro\u00dfbrandes. Das Unternehmen war gezwungen einen\nNeuaufbau zu starten. Mit gro\u00dfer Unterst\u00fctzung und gro\u00dfem Einsatz gelang es\nJahre 1994 die Neuer\u00f6ffnung des Baumarktes zu feiern. <\/p>\n\n\n\n<div class=\"wp-block-image\"><figure class=\"aligncenter is-resized\"><img loading=\"lazy\" decoding=\"async\" src=\"https:\/\/echta-derminga.de\/wp-content\/uploads\/2019\/01\/dirmingen890.jpg\" alt=\"\" class=\"wp-image-2981\" width=\"640\" height=\"435\" srcset=\"https:\/\/echta-derminga.de\/wp-content\/uploads\/2019\/01\/dirmingen890.jpg 640w, https:\/\/echta-derminga.de\/wp-content\/uploads\/2019\/01\/dirmingen890-300x204.jpg 300w\" sizes=\"auto, (max-width: 640px) 100vw, 640px\" \/><figcaption>Baustoffe Hell <\/figcaption><\/figure><\/div>\n\n\n\n<p class=\"wp-block-paragraph\" style=\"font-size:18px\"><strong>Bis heute hat sich der Baustoff-Fachmarkt Hell in Dirmingen etabliert. Die Geschichte des Familienunternehmens Hell ist zeitgleich auch eine Dirminger Erfolgsgeschichte.<\/strong> <strong>Das Unternehmen wird nunmehr in der 5 Generation von Guido Hell, dem Sohn von Erich Hell gef\u00fchrt. Mit Guido Hell wird die Familientradition des Unternehmens somit erfolgreich fortgesetzt. <\/strong><\/p>\n","protected":false},"excerpt":{"rendered":"<p>In der Dirminger Kulturecke erfahren Sie alles was Sie schon immer \u00fcber Dirmingen wissen wollten oder wissen sollten. Wussten Sie schon, dass das Unternehmen \u201eValentin Hell\u201c im Jahre 1897 gegr\u00fcndet wurde? Seit \u00fcber 120 Jahren betreibt das Familienunternehmen somit ein Gewerbe in unserem Heimatort. Der pensionierte Bergmann Johann Valentin Hell betrieb zun\u00e4chst eine Baumaterialien-, Kunstd\u00fcnger-, und Kohlenhandlung. Im Jahre 1907<\/p>\n","protected":false},"author":1,"featured_media":2980,"comment_status":"open","ping_status":"closed","sticky":false,"template":"","format":"standard","meta":{"_crdt_document":"","footnotes":""},"categories":[1,2],"tags":[571,570,5,572,165,573],"class_list":["post-2978","post","type-post","status-publish","format-standard","has-post-thumbnail","hentry","category-allgemein","category-kulturecke","tag-baustoffe","tag-baustoffe-hell","tag-dirmingen","tag-fachmarkt","tag-familienunternehmen","tag-geschaeftsleitung"],"_links":{"self":[{"href":"https:\/\/echta-derminga.de\/index.php?rest_route=\/wp\/v2\/posts\/2978","targetHints":{"allow":["GET"]}}],"collection":[{"href":"https:\/\/echta-derminga.de\/index.php?rest_route=\/wp\/v2\/posts"}],"about":[{"href":"https:\/\/echta-derminga.de\/index.php?rest_route=\/wp\/v2\/types\/post"}],"author":[{"embeddable":true,"href":"https:\/\/echta-derminga.de\/index.php?rest_route=\/wp\/v2\/users\/1"}],"replies":[{"embeddable":true,"href":"https:\/\/echta-derminga.de\/index.php?rest_route=%2Fwp%2Fv2%2Fcomments&post=2978"}],"version-history":[{"count":4,"href":"https:\/\/echta-derminga.de\/index.php?rest_route=\/wp\/v2\/posts\/2978\/revisions"}],"predecessor-version":[{"id":8697,"href":"https:\/\/echta-derminga.de\/index.php?rest_route=\/wp\/v2\/posts\/2978\/revisions\/8697"}],"wp:featuredmedia":[{"embeddable":true,"href":"https:\/\/echta-derminga.de\/index.php?rest_route=\/wp\/v2\/media\/2980"}],"wp:attachment":[{"href":"https:\/\/echta-derminga.de\/index.php?rest_route=%2Fwp%2Fv2%2Fmedia&parent=2978"}],"wp:term":[{"taxonomy":"category","embeddable":true,"href":"https:\/\/echta-derminga.de\/index.php?rest_route=%2Fwp%2Fv2%2Fcategories&post=2978"},{"taxonomy":"post_tag","embeddable":true,"href":"https:\/\/echta-derminga.de\/index.php?rest_route=%2Fwp%2Fv2%2Ftags&post=2978"}],"curies":[{"name":"wp","href":"https:\/\/api.w.org\/{rel}","templated":true}]}}