{"id":3001,"date":"2019-01-21T18:58:48","date_gmt":"2019-01-21T17:58:48","guid":{"rendered":"http:\/\/echta-derminga.de\/?p=3001"},"modified":"2019-01-21T19:17:04","modified_gmt":"2019-01-21T18:17:04","slug":"neujahrsempfang-mit-jubilarehrungen-in-schwierigen-zeiten","status":"publish","type":"post","link":"https:\/\/echta-derminga.de\/?p=3001","title":{"rendered":"Neujahrsempfang mit Jubilarehrungen in schwierigen Zeiten"},"content":{"rendered":"\n<blockquote class=\"wp-block-quote is-layout-flow wp-block-quote-is-layout-flow\"><p><em><strong>\u201eMitbestimmung, Mitverantwortung in den verschiedenen Bereichen unserer Gesellschaft wird eine bewegende Kraft der kommenden Jahre sein. Wir k\u00f6nnen nicht die perfekte Demokratie schaffen. Wir wollen eine Gesellschaft, die mehr Freiheit bietet und mehr Mitverantwortung fordert. Diese Regierung sucht das Gespr\u00e4ch, sie sucht kritische Partnerschaft mit allen, die Verantwortung tragen, sei es in den Kirchen, der Kunst, der Wissenschaft und der Wirtschaft oder in anderen Bereichen der Gesellschaft.\u201c <\/strong><\/em><\/p><cite> <br>Willy Brandt Regierungserkl\u00e4rung Bundestag 1969 <\/cite><\/blockquote>\n\n\n\n<p class=\"wp-block-paragraph\" style=\"font-size:18px\">Keine leichten Zeiten f\u00fcr die Politik und insbesondere f\u00fcr die SPD. Der gute Willy Brandt hat bereits im Jahre 1969, in seiner ber\u00fchmten Regierungserkl\u00e4rung, auf die zuk\u00fcnftigen Probleme in unserer Gesellschaft hingewiesen. Auch die Kommunalpolitiker sp\u00fcren im t\u00e4glichen Umgang die Entt\u00e4uschung der Menschen. Das Verh\u00e4ltnis zur Politik im Allgemeinen hat sich ver\u00e4ndert. Die Menschen trauen, insbesondere der SPD nicht mehr zu, dass sie die Probleme unserer Zeit bew\u00e4ltigt. Mittlerweile f\u00e4llt es allen Parteien zusehends schwerer Mitglieder zu gewinnen. &nbsp;<\/p>\n\n\n\n<blockquote class=\"wp-block-quote is-layout-flow wp-block-quote-is-layout-flow\"><p><em><strong>&#8222;Bisher hie\u00df, politisch vern\u00fcnftig sein, das geringere \u00dcbel zu w\u00e4hlen. Doch was tun, wenn ich nicht mehr wei\u00df, wo das geringere \u00dcbel liegt?&#8220; <\/strong><\/em><\/p><cite> <br><em><strong>Peter Sloterdijk<\/strong><\/em> <\/cite><\/blockquote>\n\n\n\n<p class=\"wp-block-paragraph\" style=\"font-size:18px\"><strong>In diesem Zitat von Peter Sloterijk steckt sehr viel Wahrheit. Auch wir in der Kommunalpolitik erleben es immer mehr, dass Menschen in ihrer Verzweiflung oder in ihrer \u00dcberzeugung ein, aus unserer Sicht, schlechteres Mittel w\u00e4hlen und ihre Stimme der AFD geben. Nat\u00fcrlich tragen die Altparteien und damit auch die SPD die Mitverantwortung an dieser Misere. Zuviel Porzellan wurde kaputtgeschlagen und Vertrauen zerst\u00f6rt. Die SPD ist gut beraten vor der eigenen Haust\u00fcr zu kehren und in sich zu gehen. Basis-n\u00e4he und Mitbestimmung k\u00f6nnten dabei eine entscheidende Rolle spielen. Eine vertrauensvolle Politik verlangt mehr Demokratie. Politiker im Allgemeinen sollten mit mehr Bescheidenheit ihre Arbeit verrichten. <\/strong><\/p>\n\n\n\n<blockquote class=\"wp-block-quote is-layout-flow wp-block-quote-is-layout-flow\"><p><strong><em>\u201eDie ganze Politik soll sich zum Teufel scheren, wenn sie nicht dazu da ist, den Menschen das Leben etwas leichter zu machen.\u201c<\/em><\/strong><\/p><cite> <br>&nbsp;<em>Willy Brandt<\/em> <\/cite><\/blockquote>\n\n\n\n<p class=\"wp-block-paragraph\" style=\"font-size:18px\">Die Politik muss den Menschen helfen und ihre Probleme l\u00f6sen. Eigenprofilierung, Egoismus und Machtanspruch d\u00fcrfen nicht an erster Stelle stehen. Kein Politiker sollten sich selbst zu wichtig nehmen und jeder sollte sich der Gemeinschaft und den Menschen unterordnen. Nur so kann verlorenes Vertrauen zur\u00fcckgewonnen werden. Wir brauchen mehr Miteinander, mehr Verst\u00e4ndnis und mehr Demokratie.<\/p>\n\n\n\n<blockquote class=\"wp-block-quote is-layout-flow wp-block-quote-is-layout-flow\"><p><strong><em>\u201eWir wollen mehr Demokratie wagen. Wir werden unsere Arbeitsweise \u00f6ffnen und dem kritischen Bed\u00fcrfnis nach Information Gen\u00fcge tun. Wir werden darauf hinwirken, dass nicht nur durch Anh\u00f6rungen im Bundestag, sondern auch durch st\u00e4ndige F\u00fchlungnahme mit den repr\u00e4sentativen Gruppen unseres Volkes und durch eine umfassende Unterrichtung \u00fcber die Regierungspolitik jeder B\u00fcrger die M\u00f6glichkeit erh\u00e4lt, an der Reform von Staat und Gesellschaft mitzuwirken.\u201c <\/em><\/strong><\/p><cite> <br>Willy Brandt Regierungserkl\u00e4rung Bundestag 1969 <\/cite><\/blockquote>\n\n\n\n<div class=\"wp-block-image\"><figure class=\"alignleft is-resized\"><img loading=\"lazy\" decoding=\"async\" src=\"https:\/\/echta-derminga.de\/wp-content\/uploads\/2019\/01\/50282440_2248429062109383_8259306270092165120_n.jpg\" alt=\"\" class=\"wp-image-3003\" width=\"382\" height=\"312\" srcset=\"https:\/\/echta-derminga.de\/wp-content\/uploads\/2019\/01\/50282440_2248429062109383_8259306270092165120_n.jpg 509w, https:\/\/echta-derminga.de\/wp-content\/uploads\/2019\/01\/50282440_2248429062109383_8259306270092165120_n-300x245.jpg 300w\" sizes=\"auto, (max-width: 382px) 100vw, 382px\" \/><figcaption>Ehrung von Rudi Hell<\/figcaption><\/figure><\/div>\n\n\n\n<p class=\"wp-block-paragraph\" style=\"font-size:18px\"><strong>Am Sonntag, 20.Januar 2019 fand der diesj\u00e4hrige Neujahrsempfang mit Jubilarehrung, der Dirminger SPD, im Gasthaus \u201eSchuhhannesse\u201c statt. Im Rahmen dieser Empfang durfte ich, als Vorsitzender des Ortsvereins, gemeinsam mit dem Generalsekret\u00e4r der Saar SPD und Bundestagsabgeordneten Christian Petry verdiente Mitglieder f\u00fcr ihre langj\u00e4hrige Treue mit einer Urkunde auszeichnen. <\/strong><strong>Manche dieser Jubilare waren schon Parteimitglied als ich geboren wurde.<\/strong><\/p>\n\n\n\n<p class=\"wp-block-paragraph\" style=\"font-size:18px\">Ich denke\ntrotz aller Kritik an der heutigen Politik sollte man den Jubilaren respektvoll\nund mit gro\u00dfer Dankbarkeit begegnen. Diese Menschen haben in ihrem Leben viel\nZeit f\u00fcr das Ehrenamt geopfert. Menschen wie unser ehemaliger Ortsvorsteher\nRudi Hell haben viel f\u00fcr unseren Heimatort getan. In seinen nun 50 Jahren\nMitgliedschaft in der Partei hat Rudi Hell viele gute aber auch viele\nschlechten Tage miterlebt. Auch Ursula Wagner, die mit ihrem Ehemann Hans-Georg\nWagner seit nunmehr fast 60 Jahren in der Partei vertreten sind waren immer\nauch ein Teil unseres Ortsvereins.<\/p>\n\n\n\n<p class=\"wp-block-paragraph\" style=\"font-size:18px\"><strong>Menschen, die sich zu einer Partei und somit zu einer Verantwortung bekennen, d\u00fcrfen wir nicht verurteilen. Ohne die SPD h\u00e4tte es in der Geschichte unseres Landes vieles nicht gegeben. In der vergangenen Woche feierten wir z.B das Frauenwahlrecht. Am 19. Februar 1919 hielt die Sozialdemokratin Marie Juchaz als erste Frau eine Rede in der Nationalversammlung. Bis dahin war es ein weiter Weg der letztendlich von der SPD geebnet wurde.<\/strong><\/p>\n\n\n\n<p class=\"wp-block-paragraph\" style=\"font-size:18px\">Nein, es war nicht alles schlecht und mit Sicherheit ist nicht nur die SPD Schuld an der Misere. Dies w\u00e4re zu einfach und es w\u00fcrde den vielen ehrenamtlichen Kommunalpolitiken in unseren D\u00f6rfern nicht gerecht werden. Viele gute Frauen und M\u00e4nner haben f\u00fcr die SPD und f\u00fcr unser Land alles gegeben und v\u00f6llig uneigenn\u00fctzig ihre Freizeit und manchmal auch ihr Leben geopfert. Dies sollten wir alle nicht vergessen. Ganz gleich in welcher Partei man sich am Ende engagiert, wichtig ist, dass man sich einbringt und mit anpackt. Kommunalpolitisch aktiv zu sein ist keineswegs ein Honiglecken. <\/p>\n\n\n\n<p class=\"wp-block-paragraph\" style=\"font-size:19px\"><strong>Ich pers\u00f6nlich m\u00f6chte allen Jubilaren unseres SPD Ortsvereins ganz herzlich danken und gratuliere nochmals auf das Herzlichste.\u00a0 Sch\u00f6n,\u00a0dass\u00a0es\u00a0immer\u00a0noch\u00a0Menschen\u00a0gibt\u00a0die\u00a0Stellung\u00a0beziehen\u00a0und\u00a0sich\u00a0einbringen\u00a0m\u00f6chten\u00a0!<\/strong><\/p>\n\n\n\n<p class=\"wp-block-paragraph\" style=\"font-size:18px\"><strong>Gl\u00fcck auf !<\/strong><\/p>\n","protected":false},"excerpt":{"rendered":"<p>\u201eMitbestimmung, Mitverantwortung in den verschiedenen Bereichen unserer Gesellschaft wird eine bewegende Kraft der kommenden Jahre sein. Wir k\u00f6nnen nicht die perfekte Demokratie schaffen. Wir wollen eine Gesellschaft, die mehr Freiheit bietet und mehr Mitverantwortung fordert. Diese Regierung sucht das Gespr\u00e4ch, sie sucht kritische Partnerschaft mit allen, die Verantwortung tragen, sei es in den Kirchen, der Kunst, der Wissenschaft und der<\/p>\n","protected":false},"author":1,"featured_media":3002,"comment_status":"open","ping_status":"closed","sticky":false,"template":"","format":"standard","meta":{"_crdt_document":"","footnotes":""},"categories":[1,46],"tags":[577,121,576,255,117],"class_list":["post-3001","post","type-post","status-publish","format-standard","has-post-thumbnail","hentry","category-allgemein","category-meine-politik","tag-jubilarehrung","tag-kommunalpolitik","tag-ortsverein-dirmingen","tag-schuhhannesse","tag-spd-saar"],"_links":{"self":[{"href":"https:\/\/echta-derminga.de\/index.php?rest_route=\/wp\/v2\/posts\/3001","targetHints":{"allow":["GET"]}}],"collection":[{"href":"https:\/\/echta-derminga.de\/index.php?rest_route=\/wp\/v2\/posts"}],"about":[{"href":"https:\/\/echta-derminga.de\/index.php?rest_route=\/wp\/v2\/types\/post"}],"author":[{"embeddable":true,"href":"https:\/\/echta-derminga.de\/index.php?rest_route=\/wp\/v2\/users\/1"}],"replies":[{"embeddable":true,"href":"https:\/\/echta-derminga.de\/index.php?rest_route=%2Fwp%2Fv2%2Fcomments&post=3001"}],"version-history":[{"count":9,"href":"https:\/\/echta-derminga.de\/index.php?rest_route=\/wp\/v2\/posts\/3001\/revisions"}],"predecessor-version":[{"id":3014,"href":"https:\/\/echta-derminga.de\/index.php?rest_route=\/wp\/v2\/posts\/3001\/revisions\/3014"}],"wp:featuredmedia":[{"embeddable":true,"href":"https:\/\/echta-derminga.de\/index.php?rest_route=\/wp\/v2\/media\/3002"}],"wp:attachment":[{"href":"https:\/\/echta-derminga.de\/index.php?rest_route=%2Fwp%2Fv2%2Fmedia&parent=3001"}],"wp:term":[{"taxonomy":"category","embeddable":true,"href":"https:\/\/echta-derminga.de\/index.php?rest_route=%2Fwp%2Fv2%2Fcategories&post=3001"},{"taxonomy":"post_tag","embeddable":true,"href":"https:\/\/echta-derminga.de\/index.php?rest_route=%2Fwp%2Fv2%2Ftags&post=3001"}],"curies":[{"name":"wp","href":"https:\/\/api.w.org\/{rel}","templated":true}]}}