{"id":3051,"date":"2019-01-28T16:11:31","date_gmt":"2019-01-28T15:11:31","guid":{"rendered":"http:\/\/echta-derminga.de\/?p=3051"},"modified":"2019-01-28T16:15:30","modified_gmt":"2019-01-28T15:15:30","slug":"dirminger-kulturecke-honecker-war-kein-echta-derminga","status":"publish","type":"post","link":"https:\/\/echta-derminga.de\/?p=3051","title":{"rendered":"Dirminger Kulturecke &#8211; Honecker war kein &#8222;Echta Derminga&#8220;"},"content":{"rendered":"\n<blockquote class=\"wp-block-quote is-layout-flow wp-block-quote-is-layout-flow\"><p><strong><em>In der Dirminger Kulturecke erfahren Sie alles was Sie schon immer \u00fcber Dirmingen wissen wollten oder wissen sollten.<\/em><\/strong><\/p><\/blockquote>\n\n\n\n<p class=\"wp-block-paragraph\" style=\"font-size:18px\"><strong>Wussten Sie schon, dass ein Vorfahre des ehemaligen DDR-Chef Erich Honecker kurze Zeit in Dirmingen lebte ?<\/strong><\/p>\n\n\n\n<p class=\"wp-block-paragraph\" style=\"font-size:19px\">Das Geschlecht der Honecker-Familie, aus denen sp\u00e4ter der ber\u00fchmte Spr\u00f6ssling Erich Honecker stammt, kommt urspr\u00fcnglich aus der Schweiz. Im 17 Jahrhundert wanderten 2 Br\u00fcder der Familie Honegger, die auf dem Lehenhof Goldbach des Amtes R\u00fcti im Kanton Z\u00fcrich lebten, ins Saarland aus.<\/p>\n\n\n\n<p class=\"wp-block-paragraph\" style=\"font-size:18px\">Der j\u00fcngere, Hans Rudolf ( 1690 &#8211; 1747) verheiratete sich 1718 mit Magdalena Baumann im saarl\u00e4ndischen Neunkirchen. Hans Rudolf arbeitete als Melker auf dem Neunkircher &#8222;Schweizerhof&#8220;. Nach 1728 verlie\u00df er, mit &#8222;neuem Namen&#8220;, als Hans Rudolf Honecker seinen Wohnort Neunkirchen  und wanderte mit seiner Familie nach Amerika aus.<\/p>\n\n\n\n<p class=\"wp-block-paragraph\" style=\"font-size:18px\"><strong>Sein \u00e4lterer Bruder Hans (1683 &#8211; 1757) verheiratete sich im Jahre 1706 in Dirmingen mit Anna Magdalena Regez von Erlenbach im Simmental, Kanton Bern. Das Ehepaar schloss auf dem Standesamt Dirmingen den Bund der Ehe und lebte kurze Zeit auch in unserem Heimatort. Wie und warum es die beiden nach Dirmingen verschlagen hatte ist nicht belegt.\u00a0Aufgrund\u00a0der\u00a0Tatsache,\u00a0dass\u00a0beide\u00a0aus\u00a0der\u00a0Schweiz\u00a0kamen,\u00a0ist\u00a0davon\u00a0auszugehen,\u00a0dass\u00a0beide\u00a0gemeinsam\u00a0nach\u00a0Dirmingen\u00a0zogen.<\/strong><\/p>\n\n\n\n<p class=\"wp-block-paragraph\" style=\"font-size:18px\">Aus der gemeinsamen Ehe gingen 16 Kinder hervor, die den Grundstock f\u00fcr die Familie Honegger\/ Honecker im Saarland bildeten. Von Hans Honecker, der in Dirmingen heiratete, stammt also die bekannte Honecker-Familie des DDR-Diktators ab.<\/p>\n\n\n\n<p class=\"wp-block-paragraph\" style=\"font-size:18px\"><strong>Leider ist diese Tatsache nicht zu \u00e4ndern und im saarl\u00e4ndischen Familienband 9, 2000, Jahrgang xxx111 festgeschrieben.<\/strong><\/p>\n\n\n\n<p class=\"wp-block-paragraph\" style=\"font-size:18px\"><strong>Erich Honecker war jedoch kein &#8222;Echta Derminga&#8220; und hat den kurzzeitigen Heimatort seiner Vorfahren auch nie besucht oder gesehen. In den bekannten Niederschriften wird immer nur darauf hingewiesen, dass Erich Honecker aus Neunkirchen stammt. Vielleicht ist das auch ganz gut so !<\/strong><\/p>\n","protected":false},"excerpt":{"rendered":"<p>In der Dirminger Kulturecke erfahren Sie alles was Sie schon immer \u00fcber Dirmingen wissen wollten oder wissen sollten. Wussten Sie schon, dass ein Vorfahre des ehemaligen DDR-Chef Erich Honecker kurze Zeit in Dirmingen lebte ? Das Geschlecht der Honecker-Familie, aus denen sp\u00e4ter der ber\u00fchmte Spr\u00f6ssling Erich Honecker stammt, kommt urspr\u00fcnglich aus der Schweiz. Im 17 Jahrhundert wanderten 2 Br\u00fcder der<\/p>\n","protected":false},"author":1,"featured_media":3052,"comment_status":"open","ping_status":"closed","sticky":false,"template":"","format":"standard","meta":{"_crdt_document":"","footnotes":""},"categories":[1,100],"tags":[5,580,582,583,310,581],"class_list":["post-3051","post","type-post","status-publish","format-standard","has-post-thumbnail","hentry","category-allgemein","category-meine-kulturaner","tag-dirmingen","tag-erich-honecker","tag-kanton-zuerich","tag-neunkirchen","tag-saarland","tag-schweiz"],"_links":{"self":[{"href":"https:\/\/echta-derminga.de\/index.php?rest_route=\/wp\/v2\/posts\/3051","targetHints":{"allow":["GET"]}}],"collection":[{"href":"https:\/\/echta-derminga.de\/index.php?rest_route=\/wp\/v2\/posts"}],"about":[{"href":"https:\/\/echta-derminga.de\/index.php?rest_route=\/wp\/v2\/types\/post"}],"author":[{"embeddable":true,"href":"https:\/\/echta-derminga.de\/index.php?rest_route=\/wp\/v2\/users\/1"}],"replies":[{"embeddable":true,"href":"https:\/\/echta-derminga.de\/index.php?rest_route=%2Fwp%2Fv2%2Fcomments&post=3051"}],"version-history":[{"count":8,"href":"https:\/\/echta-derminga.de\/index.php?rest_route=\/wp\/v2\/posts\/3051\/revisions"}],"predecessor-version":[{"id":3060,"href":"https:\/\/echta-derminga.de\/index.php?rest_route=\/wp\/v2\/posts\/3051\/revisions\/3060"}],"wp:featuredmedia":[{"embeddable":true,"href":"https:\/\/echta-derminga.de\/index.php?rest_route=\/wp\/v2\/media\/3052"}],"wp:attachment":[{"href":"https:\/\/echta-derminga.de\/index.php?rest_route=%2Fwp%2Fv2%2Fmedia&parent=3051"}],"wp:term":[{"taxonomy":"category","embeddable":true,"href":"https:\/\/echta-derminga.de\/index.php?rest_route=%2Fwp%2Fv2%2Fcategories&post=3051"},{"taxonomy":"post_tag","embeddable":true,"href":"https:\/\/echta-derminga.de\/index.php?rest_route=%2Fwp%2Fv2%2Ftags&post=3051"}],"curies":[{"name":"wp","href":"https:\/\/api.w.org\/{rel}","templated":true}]}}