{"id":3120,"date":"2019-02-04T21:29:30","date_gmt":"2019-02-04T20:29:30","guid":{"rendered":"http:\/\/echta-derminga.de\/?p=3120"},"modified":"2019-02-04T21:34:20","modified_gmt":"2019-02-04T20:34:20","slug":"50-jahre-und-kein-bisschen-weise-und-erst-recht-nicht-leise-danke-leute","status":"publish","type":"post","link":"https:\/\/echta-derminga.de\/?p=3120","title":{"rendered":"50 Jahre &#8211; und kein bisschen weise und erst recht nicht leise \u2013 Danke Leute !"},"content":{"rendered":"\n<p class=\"wp-block-paragraph\" style=\"font-size:18px\"><strong>Soweit so gut! &nbsp;Seit dem 30. Januar 2019 habe ich nun ein halbes Jahrhundert auf den Buckel und ich muss sagen, es hat gar nicht weh getan!<\/strong><\/p>\n\n\n\n<p class=\"wp-block-paragraph\" style=\"font-size:18px\">Ich hatte mir in den letzten Jahren sooft gew\u00fcnscht, dass es an meinem Geburtstag, der immerhin mitten im Winter liegt, endlich mal kr\u00e4ftig schneien w\u00fcrde. Mein Plan war, mit Freunden eine Schneebar zu bauen, Flammkuchen zu machen und Schnaps zu trinken.<\/p>\n\n\n\n<div class=\"wp-block-image\"><figure class=\"alignleft is-resized\"><img loading=\"lazy\" decoding=\"async\" src=\"https:\/\/echta-derminga.de\/wp-content\/uploads\/2019\/02\/22-644x753.jpg\" alt=\"\" class=\"wp-image-3124\" width=\"322\" height=\"377\" srcset=\"https:\/\/echta-derminga.de\/wp-content\/uploads\/2019\/02\/22-644x753.jpg 644w, https:\/\/echta-derminga.de\/wp-content\/uploads\/2019\/02\/22-257x300.jpg 257w, https:\/\/echta-derminga.de\/wp-content\/uploads\/2019\/02\/22-768x897.jpg 768w, https:\/\/echta-derminga.de\/wp-content\/uploads\/2019\/02\/22.jpg 997w\" sizes=\"auto, (max-width: 322px) 100vw, 322px\" \/><figcaption>Schneemann anstatt Schneebar zum Geburtstag<\/figcaption><\/figure><\/div>\n\n\n\n<p class=\"wp-block-paragraph\" style=\"font-size:18px\">Am 30.Januar 2019 wurde mein Wunsch erf\u00fcllt. Zumindest was das Wetter angeht. Es schneite ohne Ende und eigentlich war alles f\u00fcr eine Schneebar gerichtet. Leider musste ich meinen Plan erneut verwerfen denn ich hatte anl\u00e4sslich meines 50. Wiegenfestes alle Freunde und Bekannte zu einem gro\u00dfen Fest, am 02. Februar 2019, eingeladen. So spielt nun mal das Leben und man kann beim besten Willen nicht alles haben.<\/p>\n\n\n\n<p class=\"wp-block-paragraph\" style=\"font-size:18px\"><strong>Meinen Geburtstag verbrachte ich entspannte mit Frau und Kind in einer Pizzeria und anschlie\u00dfend auf der Couch. Ich hatte mich sogar dazu durch-gerungen mein Handy und den PC auszuschalten. Anstatt einer Schneebar baute ich mit meinem Sohn einen Schneemann. Auch gut!<\/strong><\/p>\n\n\n\n<p class=\"wp-block-paragraph\" style=\"font-size:18px\">Zu meiner Geburtstagsfeier ein paar Tage sp\u00e4ter waren alle gekommen! Wirklich alle? Naja, man rennt durch das Leben und vergisst auf seinem Weg den einen oder anderen. Bei allen die ich vergessen habe m\u00f6chte ich mich entschuldigen. Man kann der Sache nie ganz gerecht werden. Immerhin kamen ca. 120 Leute zu meinem Ehrentag und jeder der gratulieren wollte, durfte gerne auch ohne spezielle Einladung kommen.<\/p>\n\n\n\n<p class=\"wp-block-paragraph\" style=\"font-size:18px\"><strong>Am Ende wurden alle meine Erwartungen \u00fcbertroffen. Es war eine wunderbare Party und alles war genauso wie ich es mir gew\u00fcnscht hatte. Livemusik von JESTAN, gutes Essen vom Bjorn, emotionale Vortr\u00e4ge meiner Kinder und meiner Freunde sowie viel Lobdudelei. Vielleicht etwas Zuviel Lobdudelei! <\/strong><\/p>\n\n\n\n<div class=\"wp-block-image\"><figure class=\"alignleft is-resized\"><img loading=\"lazy\" decoding=\"async\" src=\"https:\/\/echta-derminga.de\/wp-content\/uploads\/2019\/02\/0.jpg\" alt=\"\" class=\"wp-image-3139\" width=\"375\" height=\"281\" srcset=\"https:\/\/echta-derminga.de\/wp-content\/uploads\/2019\/02\/0.jpg 500w, https:\/\/echta-derminga.de\/wp-content\/uploads\/2019\/02\/0-300x225.jpg 300w\" sizes=\"auto, (max-width: 375px) 100vw, 375px\" \/><figcaption>Meine M\u00e4dels !<\/figcaption><\/figure><\/div>\n\n\n\n<p class=\"wp-block-paragraph\" style=\"font-size:18px\">Egal es war wunderbar und ich m\u00f6chte meinen Blog nutzen um\nallen Freunden, Bekannten, Mitstreitern, Lichtgestalten und Kriegern des Lichts\nzu danken. Ein besonderer Dank geht nat\u00fcrlich an meine Frau Melanie, meine\nKinder Annika, Vanessa, Tristan und unsere Kinder Frederic und Jonathan sowie\nan die Freunde meiner beiden T\u00f6chter Cedric und Dominik. Ohne die tatkr\u00e4ftige\nUnterst\u00fctzung meiner Frau, den Kids und der Familie w\u00e4re das Fest \u00fcberhaupt\nnicht m\u00f6glich gewesen.<\/p>\n\n\n\n<p class=\"wp-block-paragraph\" style=\"font-size:18px\"><strong>Alle waren Sie gekommen: Der KKV Dirmingen, der SV Dirmingen, die \u201eSVD-Alte Herren\u201c, die Kolpingsfamilie Dirmingen, der Kulturverein, der SFV, der KJA Nordsaar, die Kolleginnen und Kollegen meiner Arbeitsstelle, das Presbyterium, der SPD Ortsverein Dirmingen, die Traumt\u00e4nzer, mein Jahrgang und sogar die Freiwillige Feuerwehr Dirmingen sowie viele gute Freunde und Bekannte. Danke Leute! Euer Besuch hat mich echt bewegt und sehr gefreut. Sch\u00f6n war\u2019s &#8211; Danke!<\/strong><\/p>\n\n\n\n<ul class=\"wp-block-gallery columns-3 is-cropped wp-block-gallery-1 is-layout-flex wp-block-gallery-is-layout-flex\"><li class=\"blocks-gallery-item\"><figure><img loading=\"lazy\" decoding=\"async\" width=\"644\" height=\"432\" src=\"https:\/\/echta-derminga.de\/wp-content\/uploads\/2019\/02\/11-644x432.jpg\" alt=\"\" data-id=\"3128\" data-link=\"https:\/\/echta-derminga.de\/?attachment_id=3128\" class=\"wp-image-3128\" srcset=\"https:\/\/echta-derminga.de\/wp-content\/uploads\/2019\/02\/11-644x432.jpg 644w, https:\/\/echta-derminga.de\/wp-content\/uploads\/2019\/02\/11-300x201.jpg 300w, https:\/\/echta-derminga.de\/wp-content\/uploads\/2019\/02\/11-768x516.jpg 768w, https:\/\/echta-derminga.de\/wp-content\/uploads\/2019\/02\/11.jpg 800w\" sizes=\"auto, (max-width: 644px) 100vw, 644px\" \/><\/figure><\/li><li class=\"blocks-gallery-item\"><figure><img loading=\"lazy\" decoding=\"async\" width=\"644\" height=\"393\" src=\"https:\/\/echta-derminga.de\/wp-content\/uploads\/2019\/02\/22-2-644x393.jpg\" alt=\"\" data-id=\"3129\" data-link=\"https:\/\/echta-derminga.de\/?attachment_id=3129\" class=\"wp-image-3129\" srcset=\"https:\/\/echta-derminga.de\/wp-content\/uploads\/2019\/02\/22-2-644x393.jpg 644w, https:\/\/echta-derminga.de\/wp-content\/uploads\/2019\/02\/22-2-300x183.jpg 300w, https:\/\/echta-derminga.de\/wp-content\/uploads\/2019\/02\/22-2-768x468.jpg 768w, https:\/\/echta-derminga.de\/wp-content\/uploads\/2019\/02\/22-2.jpg 1069w\" sizes=\"auto, (max-width: 644px) 100vw, 644px\" \/><\/figure><\/li><li class=\"blocks-gallery-item\"><figure><img loading=\"lazy\" decoding=\"async\" width=\"644\" height=\"350\" src=\"https:\/\/echta-derminga.de\/wp-content\/uploads\/2019\/02\/33-644x350.jpg\" alt=\"\" data-id=\"3130\" data-link=\"https:\/\/echta-derminga.de\/?attachment_id=3130\" class=\"wp-image-3130\" srcset=\"https:\/\/echta-derminga.de\/wp-content\/uploads\/2019\/02\/33-644x350.jpg 644w, https:\/\/echta-derminga.de\/wp-content\/uploads\/2019\/02\/33-300x163.jpg 300w, https:\/\/echta-derminga.de\/wp-content\/uploads\/2019\/02\/33-768x417.jpg 768w, https:\/\/echta-derminga.de\/wp-content\/uploads\/2019\/02\/33.jpg 1290w\" sizes=\"auto, (max-width: 644px) 100vw, 644px\" \/><\/figure><\/li><li class=\"blocks-gallery-item\"><figure><img loading=\"lazy\" decoding=\"async\" width=\"644\" height=\"446\" src=\"https:\/\/echta-derminga.de\/wp-content\/uploads\/2019\/02\/44-2-644x446.jpg\" alt=\"\" data-id=\"3131\" data-link=\"https:\/\/echta-derminga.de\/?attachment_id=3131\" class=\"wp-image-3131\" srcset=\"https:\/\/echta-derminga.de\/wp-content\/uploads\/2019\/02\/44-2-644x446.jpg 644w, https:\/\/echta-derminga.de\/wp-content\/uploads\/2019\/02\/44-2-300x208.jpg 300w, https:\/\/echta-derminga.de\/wp-content\/uploads\/2019\/02\/44-2.jpg 700w\" sizes=\"auto, (max-width: 644px) 100vw, 644px\" \/><\/figure><\/li><li class=\"blocks-gallery-item\"><figure><img loading=\"lazy\" decoding=\"async\" width=\"644\" height=\"372\" src=\"https:\/\/echta-derminga.de\/wp-content\/uploads\/2019\/02\/44-644x372.jpg\" alt=\"\" data-id=\"3132\" data-link=\"https:\/\/echta-derminga.de\/?attachment_id=3132\" class=\"wp-image-3132\" srcset=\"https:\/\/echta-derminga.de\/wp-content\/uploads\/2019\/02\/44-644x372.jpg 644w, https:\/\/echta-derminga.de\/wp-content\/uploads\/2019\/02\/44-300x173.jpg 300w, https:\/\/echta-derminga.de\/wp-content\/uploads\/2019\/02\/44-768x444.jpg 768w, https:\/\/echta-derminga.de\/wp-content\/uploads\/2019\/02\/44.jpg 1140w\" sizes=\"auto, (max-width: 644px) 100vw, 644px\" \/><\/figure><\/li><li class=\"blocks-gallery-item\"><figure><img loading=\"lazy\" decoding=\"async\" width=\"644\" height=\"483\" src=\"https:\/\/echta-derminga.de\/wp-content\/uploads\/2019\/02\/55-644x483.jpg\" alt=\"\" data-id=\"3133\" data-link=\"https:\/\/echta-derminga.de\/?attachment_id=3133\" class=\"wp-image-3133\" srcset=\"https:\/\/echta-derminga.de\/wp-content\/uploads\/2019\/02\/55-644x483.jpg 644w, https:\/\/echta-derminga.de\/wp-content\/uploads\/2019\/02\/55-300x225.jpg 300w, https:\/\/echta-derminga.de\/wp-content\/uploads\/2019\/02\/55.jpg 700w\" sizes=\"auto, (max-width: 644px) 100vw, 644px\" \/><\/figure><\/li><li class=\"blocks-gallery-item\"><figure><img loading=\"lazy\" decoding=\"async\" width=\"507\" height=\"492\" src=\"https:\/\/echta-derminga.de\/wp-content\/uploads\/2019\/02\/66.jpg\" alt=\"\" data-id=\"3134\" data-link=\"https:\/\/echta-derminga.de\/?attachment_id=3134\" class=\"wp-image-3134\" srcset=\"https:\/\/echta-derminga.de\/wp-content\/uploads\/2019\/02\/66.jpg 507w, https:\/\/echta-derminga.de\/wp-content\/uploads\/2019\/02\/66-300x291.jpg 300w\" sizes=\"auto, (max-width: 507px) 100vw, 507px\" \/><\/figure><\/li><li class=\"blocks-gallery-item\"><figure><img loading=\"lazy\" decoding=\"async\" width=\"644\" height=\"531\" src=\"https:\/\/echta-derminga.de\/wp-content\/uploads\/2019\/02\/77-644x531.jpg\" alt=\"\" data-id=\"3135\" data-link=\"https:\/\/echta-derminga.de\/?attachment_id=3135\" class=\"wp-image-3135\" srcset=\"https:\/\/echta-derminga.de\/wp-content\/uploads\/2019\/02\/77-644x531.jpg 644w, https:\/\/echta-derminga.de\/wp-content\/uploads\/2019\/02\/77-300x247.jpg 300w, https:\/\/echta-derminga.de\/wp-content\/uploads\/2019\/02\/77.jpg 700w\" sizes=\"auto, (max-width: 644px) 100vw, 644px\" \/><\/figure><\/li><li class=\"blocks-gallery-item\"><figure><img loading=\"lazy\" decoding=\"async\" width=\"500\" height=\"300\" src=\"https:\/\/echta-derminga.de\/wp-content\/uploads\/2019\/02\/88.jpg\" alt=\"\" data-id=\"3136\" data-link=\"https:\/\/echta-derminga.de\/?attachment_id=3136\" class=\"wp-image-3136\" srcset=\"https:\/\/echta-derminga.de\/wp-content\/uploads\/2019\/02\/88.jpg 500w, https:\/\/echta-derminga.de\/wp-content\/uploads\/2019\/02\/88-300x180.jpg 300w\" sizes=\"auto, (max-width: 500px) 100vw, 500px\" \/><\/figure><\/li><\/ul>\n\n\n\n<p class=\"wp-block-paragraph\" style=\"font-size:18px\">Am Tag danach nahm ich mir die Zeit, um alle\nGeburtstagskarten durchzulesen. Die viele Geburtstags- und Segensw\u00fcnsche haben\nmich sehr ber\u00fchrt. Beim Lesen der vielen Karten ist mir jedoch eines besonders\naufgefallen. Viele Freunde w\u00fcnschten mir: \u201c\u2026bleib so wie du bist\u201c. Na, da k\u00f6nnen\ndie letzten 50 Jahren doch nicht so schlecht gewesen sein. Oder?<\/p>\n\n\n\n<blockquote class=\"wp-block-quote is-layout-flow wp-block-quote-is-layout-flow\"><p><strong><em>Ein halbes Jahrhundert ist nun mit mir dahingerollt; Ich staun\u2018 und frage mich verwundert: hast du erreicht, was du gewollt? Die Kinder spielten auf den Stra\u00dfen vor f\u00fcnfzig Jahren so wie jetzt; Sie wurden M\u00e4nner, tranken, a\u00dfen, und \u2013 blieben Kinder doch zuletzt.<\/em><\/strong><\/p><p><strong><em>Auch ich, ich bin ein Kind geblieben, im W\u00fcnschen nur und Hoffen froh; wohin das Schicksal mich getrieben Erf\u00fcllung fand ich nirgendwo.<\/em><\/strong><\/p><p><strong><em>Und dennoch ward mir viel beschieden, wonach umsonst ein anderer strebt \u2013O liebes Herz, gib dich zufrieden! Ich habe nicht umsonst gelebt.<\/em><\/strong><\/p><p><\/p><cite> <br>Hoffmann von Fallersleben <\/cite><\/blockquote>\n\n\n\n<p class=\"wp-block-paragraph\" style=\"font-size:18px\"><strong>Ach&#8217;so, Flammkuchen hat es dennoch gegeben ! Diesen Wunsch hat mir die Dirminger SPD erf\u00fcllt ! Danke Genossen !!<\/strong><\/p>\n","protected":false},"excerpt":{"rendered":"<p>Soweit so gut! &nbsp;Seit dem 30. Januar 2019 habe ich nun ein halbes Jahrhundert auf den Buckel und ich muss sagen, es hat gar nicht weh getan! Ich hatte mir in den letzten Jahren sooft gew\u00fcnscht, dass es an meinem Geburtstag, der immerhin mitten im Winter liegt, endlich mal kr\u00e4ftig schneien w\u00fcrde. Mein Plan war, mit Freunden eine Schneebar zu<\/p>\n","protected":false},"author":1,"featured_media":3123,"comment_status":"open","ping_status":"closed","sticky":false,"template":"","format":"standard","meta":{"_crdt_document":"","footnotes":""},"categories":[1,9,45,44,47,100,46],"tags":[585,5,529,587,586],"class_list":["post-3120","post","type-post","status-publish","format-standard","has-post-thumbnail","hentry","category-allgemein","category-dorfgetratsche","category-mein-fussball","category-meine-faasend","category-meine-kirche","category-meine-kulturaner","category-meine-politik","tag-50-geburtstag","tag-dirmingen","tag-dirminger-vereine","tag-flammkuchen","tag-frank-klein"],"_links":{"self":[{"href":"https:\/\/echta-derminga.de\/index.php?rest_route=\/wp\/v2\/posts\/3120","targetHints":{"allow":["GET"]}}],"collection":[{"href":"https:\/\/echta-derminga.de\/index.php?rest_route=\/wp\/v2\/posts"}],"about":[{"href":"https:\/\/echta-derminga.de\/index.php?rest_route=\/wp\/v2\/types\/post"}],"author":[{"embeddable":true,"href":"https:\/\/echta-derminga.de\/index.php?rest_route=\/wp\/v2\/users\/1"}],"replies":[{"embeddable":true,"href":"https:\/\/echta-derminga.de\/index.php?rest_route=%2Fwp%2Fv2%2Fcomments&post=3120"}],"version-history":[{"count":9,"href":"https:\/\/echta-derminga.de\/index.php?rest_route=\/wp\/v2\/posts\/3120\/revisions"}],"predecessor-version":[{"id":3141,"href":"https:\/\/echta-derminga.de\/index.php?rest_route=\/wp\/v2\/posts\/3120\/revisions\/3141"}],"wp:featuredmedia":[{"embeddable":true,"href":"https:\/\/echta-derminga.de\/index.php?rest_route=\/wp\/v2\/media\/3123"}],"wp:attachment":[{"href":"https:\/\/echta-derminga.de\/index.php?rest_route=%2Fwp%2Fv2%2Fmedia&parent=3120"}],"wp:term":[{"taxonomy":"category","embeddable":true,"href":"https:\/\/echta-derminga.de\/index.php?rest_route=%2Fwp%2Fv2%2Fcategories&post=3120"},{"taxonomy":"post_tag","embeddable":true,"href":"https:\/\/echta-derminga.de\/index.php?rest_route=%2Fwp%2Fv2%2Ftags&post=3120"}],"curies":[{"name":"wp","href":"https:\/\/api.w.org\/{rel}","templated":true}]}}