{"id":3158,"date":"2019-02-14T16:50:03","date_gmt":"2019-02-14T15:50:03","guid":{"rendered":"http:\/\/echta-derminga.de\/?p=3158"},"modified":"2019-02-14T21:20:16","modified_gmt":"2019-02-14T20:20:16","slug":"dirminger-kulturecke-als-wiebke-ueber-dirmingen-fegte","status":"publish","type":"post","link":"https:\/\/echta-derminga.de\/?p=3158","title":{"rendered":"Dirminger Kulturecke &#8211; Als Wiebke \u00fcber Dirmingen fegte"},"content":{"rendered":"\n<blockquote class=\"wp-block-quote is-layout-flow wp-block-quote-is-layout-flow\"><p><strong>In der Dirminger Kulturecke erfahren Sie alles was Sie schon immer \u00fcber Dirmingen wissen wollten oder wissen sollten. Wu\u00dften sie schon, dass der sogenannte Orkan-Februar 1990 auch in Dirmingen gro\u00dfe Sch\u00e4den verursachte ? <\/strong><\/p><\/blockquote>\n\n\n\n<p class=\"wp-block-paragraph\" style=\"font-size:18px\">Am Ende waren es sage und schreibe 9 Orkane die in diesem Monat Februar 1990 durch West- und\/oder Mitteleuropa zogen und dabei schlimme Verw\u00fcstungen hinterlie\u00dfen. F\u00fcnf Orkane sind mit ihrem Kern \u00fcber Deutschland\/Schweiz\/\u00d6sterreich gezogen. Im Norden des Saarlandes waren die Orkane deutlich zu sp\u00fcren. Die beiden Sturmtiefs Vivian und Wiebke fegten \u00fcber S\u00fcddeutschland und hinterlie\u00dfen dabei ein Bild des Zerst\u00f6rung. Besonders der Orkan Wiebke richtete in den saarl\u00e4ndischen W\u00e4ldern gro\u00dfen Schaden an. Kurz zuvor fegte bereits der Orkan Vivian mit gewaltigen Sturmb\u00f6en \u00fcber unsere Region. Nur zwei Tage sp\u00e4ter, in der Nacht vom 28. Februar auf den 01.M\u00e4rz 1990, zog der Orkan Wiebke \u00fcber das Saarland und knickte ganze W\u00e4lder wie Streichh\u00f6lzer um. F\u00fcr unseren Heimatort Dirmingen war \u201eWiebke\u201c der schlimmste aller Februar-Orkane. Bei diesem Sturmtief wurden Spitzenb\u00f6en von ca. 140 -150 km\/h gemessen. In Dirmingen wurden ganze Waldparzellen ausradiert. Auch der Wald meiner Kindheit, auf dem Dirminger Belker, wurde fast komplett zerst\u00f6rt. <\/p>\n\n\n\n<figure class=\"wp-block-image\"><img loading=\"lazy\" decoding=\"async\" width=\"640\" height=\"433\" src=\"https:\/\/echta-derminga.de\/wp-content\/uploads\/2019\/02\/dirmingen147.jpg\" alt=\"\" class=\"wp-image-3160\" srcset=\"https:\/\/echta-derminga.de\/wp-content\/uploads\/2019\/02\/dirmingen147.jpg 640w, https:\/\/echta-derminga.de\/wp-content\/uploads\/2019\/02\/dirmingen147-300x203.jpg 300w\" sizes=\"auto, (max-width: 640px) 100vw, 640px\" \/><\/figure>\n\n\n\n<p class=\"wp-block-paragraph\" style=\"font-size:18px\"><strong>Insgesamt forderte der Sturm europaweit 35 Todesopfer. Der entstandene Schaden in der Forstwirtschaft sowie&nbsp;an H\u00e4usern oder Autos ging in die Milliarden. Das gro\u00dfe Dirminger Waldgebiet litt sehr unter der Sturmtief. Viele Fichten, Buchen und Eichen wurden Opfer dieses Jahrhundertsturms. Besonders die W\u00e4lder auf den Anh\u00f6hen \u201eElmersberg\u201c, \u201eHardt\u201c und \u201eBelker\u201c wurden stark in Mitleidenschaft gezogen. Die Waldgebiete haben sich auch heute, fast 30 Jahre nach dem Sturm, noch nicht vollkommen erholt.<\/strong><\/p>\n","protected":false},"excerpt":{"rendered":"<p>In der Dirminger Kulturecke erfahren Sie alles was Sie schon immer \u00fcber Dirmingen wissen wollten oder wissen sollten. Wu\u00dften sie schon, dass der sogenannte Orkan-Februar 1990 auch in Dirmingen gro\u00dfe Sch\u00e4den verursachte ? Am Ende waren es sage und schreibe 9 Orkane die in diesem Monat Februar 1990 durch West- und\/oder Mitteleuropa zogen und dabei schlimme Verw\u00fcstungen hinterlie\u00dfen. F\u00fcnf Orkane<\/p>\n","protected":false},"author":1,"featured_media":3165,"comment_status":"open","ping_status":"closed","sticky":false,"template":"","format":"standard","meta":{"_crdt_document":"","footnotes":""},"categories":[2],"tags":[267,5,590,591,310,427,592],"class_list":["post-3158","post","type-post","status-publish","format-standard","has-post-thumbnail","hentry","category-kulturecke","tag-belker","tag-dirmingen","tag-elmersberg","tag-februar-orkan","tag-saarland","tag-sturmtief","tag-waldgebiet"],"_links":{"self":[{"href":"https:\/\/echta-derminga.de\/index.php?rest_route=\/wp\/v2\/posts\/3158","targetHints":{"allow":["GET"]}}],"collection":[{"href":"https:\/\/echta-derminga.de\/index.php?rest_route=\/wp\/v2\/posts"}],"about":[{"href":"https:\/\/echta-derminga.de\/index.php?rest_route=\/wp\/v2\/types\/post"}],"author":[{"embeddable":true,"href":"https:\/\/echta-derminga.de\/index.php?rest_route=\/wp\/v2\/users\/1"}],"replies":[{"embeddable":true,"href":"https:\/\/echta-derminga.de\/index.php?rest_route=%2Fwp%2Fv2%2Fcomments&post=3158"}],"version-history":[{"count":5,"href":"https:\/\/echta-derminga.de\/index.php?rest_route=\/wp\/v2\/posts\/3158\/revisions"}],"predecessor-version":[{"id":3166,"href":"https:\/\/echta-derminga.de\/index.php?rest_route=\/wp\/v2\/posts\/3158\/revisions\/3166"}],"wp:featuredmedia":[{"embeddable":true,"href":"https:\/\/echta-derminga.de\/index.php?rest_route=\/wp\/v2\/media\/3165"}],"wp:attachment":[{"href":"https:\/\/echta-derminga.de\/index.php?rest_route=%2Fwp%2Fv2%2Fmedia&parent=3158"}],"wp:term":[{"taxonomy":"category","embeddable":true,"href":"https:\/\/echta-derminga.de\/index.php?rest_route=%2Fwp%2Fv2%2Fcategories&post=3158"},{"taxonomy":"post_tag","embeddable":true,"href":"https:\/\/echta-derminga.de\/index.php?rest_route=%2Fwp%2Fv2%2Ftags&post=3158"}],"curies":[{"name":"wp","href":"https:\/\/api.w.org\/{rel}","templated":true}]}}