{"id":3320,"date":"2019-03-09T13:17:24","date_gmt":"2019-03-09T12:17:24","guid":{"rendered":"http:\/\/echta-derminga.de\/?p=3320"},"modified":"2019-03-30T13:59:17","modified_gmt":"2019-03-30T12:59:17","slug":"vom-fasten-klimawandel-und-umweltverschmutzung-trendwende-oder-nichts-mehr-als-eine-modeerscheinung","status":"publish","type":"post","link":"https:\/\/echta-derminga.de\/?p=3320","title":{"rendered":"Vom Fasten, Klimawandel und Umweltverschmutzung &#8211; Trendwende oder nichts mehr als eine Modeerscheinung?"},"content":{"rendered":"\n<blockquote class=\"wp-block-quote is-layout-flow wp-block-quote-is-layout-flow\"><p><strong><em>\u201eWenn ihr fastet, sollt ihr nicht sauer dreinsehen wie die Heuchler; denn sie verstellen ihr Gesicht, um sich vor den Leuten zu zeigen mit ihrem Fasten. Wahrlich, ich sage euch: Sie haben ihren Lohn schon gehabt\u201c. Matth\u00e4us 6:16&nbsp;<\/em><\/strong><\/p><\/blockquote>\n\n\n\n<p class=\"wp-block-paragraph\" style=\"font-size:18px\">Als Protestant habe ich eigentlich nur wenig Ber\u00fchrungspunkte mit dem Fasten. Bei den \u201eEvangelen\u201c steht das Fasten eigentlich nicht auf der Tagesordnung. Ich habe einmal gelesen, dass Martin Luther die Vorstellung ablehnte, dass Verzicht und Askese als gute Werke vor der H\u00f6lle bewahren. Fasten hat er pers\u00f6nlich wohl nie als religi\u00f6se Pflicht angesehen. Er empfiehlt jedoch das Fasten &#8222;als eine feine \u00e4u\u00dferliche Zucht&#8220; &#8211; aber eben nicht als Weg zum Heil. Mit der Reformation wurden die strengen Regeln des Fastens infrage gestellt. Wer in der Fastenzeit auf etwas verzichtet, darf daher nach protestantischem Verst\u00e4ndnis selbst entscheiden, was ihm gut tut. Im Grundsatz ist das schon mal ganz okay f\u00fcr mich, denn Regeln und Befehle sind mir ein Grauen.<\/p>\n\n\n\n<p class=\"wp-block-paragraph\" style=\"font-size:18px\"><strong>Einkehr,\nUmkehr, Besinnung oder Selbstfindung. Eine Zeitlang auf das Gewohnte zu\nverzichten ist mehr als eine alte Tradition. Viele Christen gedenken in den\nWochen von Aschermittwoch bis Karfreitag an das Leiden und Sterben Jesu Christi.\nDie Vorbereitung auf das Osterfest begehen viele Christen mit der Fastenzeit.\nIch frage mich schon lange ob das bei vielen Christen aus tiefster \u00dcberzeugung\ngeschieht oder eher eine Modeerscheinung darstellt. Eigentlich hat Martin\nLuther recht: Im Alten Testament <\/strong><strong>verlangte Gott von den\nIsraeliten, am S\u00fchnetag zu fasten. Diese Forderung schaffte er jedoch ab, als\ndurch Jesus ein f\u00fcr alle Mal die S\u00fcnden reum\u00fctiger Menschen ges\u00fchnt wurden (Hebr\u00e4er\n9:24-26;&nbsp;1.&nbsp;Petrus 3:18). Christen stehen nicht unter dem mosaischen\nGesetz, zu dem der S\u00fchnetag geh\u00f6rte (R\u00f6mer 10:4;&nbsp;Kolosser 2:13,&nbsp;14).\nDaher kann jeder Christ selbst entscheiden, ob er fastet oder nicht (R\u00f6mer\n14:1-4). Ich bin zwar kein Theologe, aber soviel ich wei\u00df oder gelesen habe,\ngibt es in der Bibel kaum irgendwelche\nHinweise darauf, dass es unter den ersten Christen \u00fcblich war zu Fasten.<\/strong><\/p>\n\n\n\n<p class=\"wp-block-paragraph\" style=\"font-size:18px\">F\u00fcr viele Menschen spielt der christliche Hintergrund sowieso keine gewichtige Rolle. Ich habe mittlerweile den Eindruck gewonnen, dass die Menschen eher aus gesundheitlichen oder ethischen Gr\u00fcnden fasten. Das Fasten ist in den letzten Jahren zusehends in Mode gekommen. Heute geht es kaum noch um Seelenheil. &nbsp;Bestenfalls nutzen einige Zeitgenossen die Fastenzeit zur Einkehr, der Umkehr und Besinnung. Das Fasten von irgendwelchen weltlichen Dingen ist ebenfalls sehr stark in die Mode geraten. Mittlerweile zelebrieren die Menschen u.a das Autofasten, Fernsehfasten, Plastikfasten oder sogar Stromfasten. Die Fantasie kennt dabei keine Grenzen. Ich denke ein Verzicht auf irgendwelche s\u00fcndhaften oder ungesunden Lebensmittel oder Gewohnheiten kann nicht schaden. Dies aber nur in einer gewissen vorgeschriebenen Fastenzeit zu tun, finde ich nicht gut. Es sollte aus \u00dcberzeugung geschehen und von jedem selbst nach eigener Einsch\u00e4tzung in Erw\u00e4gung gezogen werden. Nur etwas zu machen, weil es gerade angesagt ist, finde ich ohnehin nicht so gro\u00dfartig.<\/p>\n\n\n\n<p class=\"wp-block-paragraph\" style=\"font-size:18px\">Die Bibel lehrt nicht, dass das Fasten irgendeinen Vorteil\nhinsichtlich der eigenen Erl\u00f6sung bringt. Stattdessen verweist das Neue\nTestament darauf, dass Fasten und Bu\u00dfe in einer Weise getan werden sollten, die\nnicht auf uns aufmerksam machen. <\/p>\n\n\n\n<blockquote class=\"wp-block-quote is-layout-flow wp-block-quote-is-layout-flow\"><p><strong><em>\u201eWenn ihr aber fastet, (so) seht nicht d\u00fcster aus wie die Heuchler; denn sie verstellen ihr Gesicht, damit sie den Menschen als Fastende erscheinen. Wahrlich, ich sage euch, sie haben ihren Lohn (schon) empfangen. Du aber, wenn du fastest, (so) salbe dein Haupt und wasche dir das Gesicht, damit du nicht den Menschen als Fastender erscheinst, sondern deinem Vater, der im Verborgenen ist; und dein Vater, der im Verborgenen sieht, wird es dir vergelten\u201c (Matth\u00e4us 6,16-18).<\/em><\/strong><\/p><\/blockquote>\n\n\n\n<p class=\"wp-block-paragraph\" style=\"font-size:18px\"><strong>Zugegebenerma\u00dfen bin auch ich l\u00e4ngst schon auf den Zug gesprungen. In den letzten Jahren ertappe ich mich mehr und mehr dabei, die Fastenzeit zu nutzen, um auf diverse Nahrungsmittel zu verzichten. In diesem Jahr soll es bei mir der Zucker sein. Gesagt, getan ich ziehe das durch und auch mein kleiner Sohn hat sich vorgenommen bis Ostern auf Nutella zu verzichten. Ich denke schaden kann nicht, oder? Ein Problem habe ich jedoch mit dem Vort\u00e4uschen falscher Tatsachen. Nein, wir m\u00fcssen nicht fasten, um zu unserem Gott oder zu uns selbst zu finden. <\/strong><\/p>\n\n\n\n<p class=\"wp-block-paragraph\" style=\"font-size:18px\">Um zu verdeutlichen was ich denke m\u00f6chte ich an dieser Stelle ein ganz anderes Beispiel benutzen. Jedes Jahr im Fr\u00fchjahr loben Politik, Gesellschaften und Organisationen den j\u00e4hrlichen Picobello-Tag. Einmal im Jahr rennen die Leute durch Wald, Stra\u00dfen und Parks, um die Umwelt von Unrat und M\u00fcll zu befreien. Grunds\u00e4tzlich finde ich das gut und auch ich mache da immer sehr gerne mit! Auf der anderen Seite frage ich mich, warum wir dieses Verhalten lediglich an einem Tag im Jahr zeigen. Warum machen wir nur einmal im Jahr Picobello ? Eigentlich sollte jeder von uns t\u00e4glich seinen Picobello-Tag durchf\u00fchren. Wenn wir nicht alle sehr bald damit beginnen unsere Umwelt zu schonen, werden die kommenden Generationen darunter leiden. Von daher finde ich die Aktionen der kleinen Greta Thunberg aus Schweden einfach gro\u00dfartig. Mittlerweile haben sich auch im Saarland Sch\u00fclerinnen und Sch\u00fcler aufgemacht, um freitags die Schule ausfallen zu lassen, um sich f\u00fcr das Weltklima einzusetzen. Damit man mich nicht falsch versteht: Nein, ich finde es nicht gut, wenn Kinder die Schule sausen lassen.  Ich finde es aber gut, dass sich Kinder Gedanken \u00fcber ihre Zukunft machen. Mittlerweile wird die Aktion immer mehr auch von diversen Schulleitungen geduldet und mitgetragen. <\/p>\n\n\n\n<p class=\"wp-block-paragraph\" style=\"font-size:18px\"><strong>Nein. Der Kampf gegen\nden Klimawandel sollte nicht nur Freitags stattfinden, der Kampf gegen Umweltverschmutzung\nsollte nicht nur am Picobello-Tag durchgef\u00fchrt werden und der Weg zu Gott sollte\nnicht nur in der Fastenzeit begangen werden.<\/strong><\/p>\n","protected":false},"excerpt":{"rendered":"<p>\u201eWenn ihr fastet, sollt ihr nicht sauer dreinsehen wie die Heuchler; denn sie verstellen ihr Gesicht, um sich vor den Leuten zu zeigen mit ihrem Fasten. Wahrlich, ich sage euch: Sie haben ihren Lohn schon gehabt\u201c. Matth\u00e4us 6:16&nbsp; Als Protestant habe ich eigentlich nur wenig Ber\u00fchrungspunkte mit dem Fasten. Bei den \u201eEvangelen\u201c steht das Fasten eigentlich nicht auf der Tagesordnung.<\/p>\n","protected":false},"author":1,"featured_media":1279,"comment_status":"open","ping_status":"closed","sticky":false,"template":"","format":"standard","meta":{"_crdt_document":"","footnotes":""},"categories":[1,47,46],"tags":[342,5,159,609,303,610],"class_list":["post-3320","post","type-post","status-publish","format-standard","has-post-thumbnail","hentry","category-allgemein","category-meine-kirche","category-meine-politik","tag-derminga","tag-dirmingen","tag-evangelisch","tag-fastenzeit","tag-klimawandel","tag-modeerscheinung"],"_links":{"self":[{"href":"https:\/\/echta-derminga.de\/index.php?rest_route=\/wp\/v2\/posts\/3320","targetHints":{"allow":["GET"]}}],"collection":[{"href":"https:\/\/echta-derminga.de\/index.php?rest_route=\/wp\/v2\/posts"}],"about":[{"href":"https:\/\/echta-derminga.de\/index.php?rest_route=\/wp\/v2\/types\/post"}],"author":[{"embeddable":true,"href":"https:\/\/echta-derminga.de\/index.php?rest_route=\/wp\/v2\/users\/1"}],"replies":[{"embeddable":true,"href":"https:\/\/echta-derminga.de\/index.php?rest_route=%2Fwp%2Fv2%2Fcomments&post=3320"}],"version-history":[{"count":10,"href":"https:\/\/echta-derminga.de\/index.php?rest_route=\/wp\/v2\/posts\/3320\/revisions"}],"predecessor-version":[{"id":3331,"href":"https:\/\/echta-derminga.de\/index.php?rest_route=\/wp\/v2\/posts\/3320\/revisions\/3331"}],"wp:featuredmedia":[{"embeddable":true,"href":"https:\/\/echta-derminga.de\/index.php?rest_route=\/wp\/v2\/media\/1279"}],"wp:attachment":[{"href":"https:\/\/echta-derminga.de\/index.php?rest_route=%2Fwp%2Fv2%2Fmedia&parent=3320"}],"wp:term":[{"taxonomy":"category","embeddable":true,"href":"https:\/\/echta-derminga.de\/index.php?rest_route=%2Fwp%2Fv2%2Fcategories&post=3320"},{"taxonomy":"post_tag","embeddable":true,"href":"https:\/\/echta-derminga.de\/index.php?rest_route=%2Fwp%2Fv2%2Ftags&post=3320"}],"curies":[{"name":"wp","href":"https:\/\/api.w.org\/{rel}","templated":true}]}}