{"id":338,"date":"2018-01-17T19:33:51","date_gmt":"2018-01-17T18:33:51","guid":{"rendered":"http:\/\/echta-derminga.de\/?p=338"},"modified":"2018-02-26T19:50:38","modified_gmt":"2018-02-26T18:50:38","slug":"die-maer-vom-guten-politiker","status":"publish","type":"post","link":"https:\/\/echta-derminga.de\/?p=338","title":{"rendered":"Die M\u00e4r&#8216; vom guten Politiker"},"content":{"rendered":"<p><img loading=\"lazy\" decoding=\"async\" class=\"alignleft size-medium wp-image-339\" src=\"https:\/\/echta-derminga.de\/wp-content\/uploads\/2018\/01\/dirmingen635-300x242.jpg\" alt=\"\" width=\"300\" height=\"242\" srcset=\"https:\/\/echta-derminga.de\/wp-content\/uploads\/2018\/01\/dirmingen635-300x242.jpg 300w, https:\/\/echta-derminga.de\/wp-content\/uploads\/2018\/01\/dirmingen635-768x619.jpg 768w, https:\/\/echta-derminga.de\/wp-content\/uploads\/2018\/01\/dirmingen635-676x545.jpg 676w, https:\/\/echta-derminga.de\/wp-content\/uploads\/2018\/01\/dirmingen635.jpg 800w\" sizes=\"auto, (max-width: 300px) 100vw, 300px\" \/><strong>Politiker verfallen im allgemeinen in einen immer schlechteren Ruf. W\u00e4hrend viele ihrem ramponierten Image gerecht werden und treu dem Motto:&#8220; Ist der Ruf erst ruiniert, lebt es sich ganz ungeniert&#8220; leben, gibt es gerade auf kommunaler Ebene einige unerschrocken Zeitgenossen die noch f\u00fcr das Gute stehen und den Glauben an die Politik noch nicht verloren haben.<\/strong><\/p>\n<p>Als j\u00fcngstes Beispiel dient die letzte Sitzung des Dirminger Ortsrates am Dienstag, 16.Januar 2018.<\/p>\n<p>Da sa\u00dfen sie nun die Mitglieder des Dirminger Ortsrates. Bereits seit einer halben Stunde wurde durchaus emotional aber auch sachlich diskutiert und debattiert. Die neue Friedhofsgeb\u00fchrenordnung stand auf der Tagesordnung und der Ortsrat sollte sein Votum abgeben. Bisher waren es gute Gespr\u00e4che wobei die 9 M\u00e4nner, aus zwei verschiedenen Fraktionen, noch weit von einer Einigung entfernt waren. Der Umgangston in diesem Ortsrat ist ohnehin gut und nie b\u00f6se. Schnell wurde deutlich, dass es beim Thema &#8222;Friedhofsgeb\u00fchren&#8220; auch \u00fcberhaupt nicht um irgendeinen Fraktionszwang ging, vielmehr hatte jedes der anwesenden 9 Mandatstr\u00e4ger mit sich selbst zu ringen.<\/p>\n<p><strong>Keine Frage die Friedhofsgeb\u00fchren m\u00fcssen angepasst werden. Seit \u00fcber 10 Jahren wurde das Thema verschleppt und es w\u00e4re unfair der jetzigen Gemeindeverwaltung versagen vorzuwerfen. Wer geht schon gerne den Mitb\u00fcrgern an den Geldbeutel. Solche Ma\u00dfnahmen wie eine Erh\u00f6hung der Friedhofsgeb\u00fchren sind in der Regel unpopul\u00e4r und enden meistens mit wenig Beifall und Akzeptanz. Auf der anderen Seite stehen hohe Ausgaben der Gemeinde. Jeder von uns will letztlich einen sauberen und gepflegten Friedhof. Hinzu kommt, dass unsere Friedhofsgeb\u00fchrenordnung im Gegensatz zu vielen umliegenden Kommunen recht g\u00fcnstig ist. Die laufenden Kosten werden mit der aktuellen Geb\u00fchrenordnung nicht gedeckt. Ein weiteres Problem liegt in den vorliegenden Haushaltsplanungen der Gemeinde. Nach R\u00fccksprache mit der Kommunalaufsicht wird bei einer Haushaltssanierungskommunen wie Eppelborn ein Deckungsgrad von 70 % verlangt. Ohne eine Erh\u00f6hung der Friedhofsgeb\u00fchren w\u00fcrde also auch der Haushalt ins wanken kommen. Nun war guter Rat teuer !<\/strong><\/p>\n<p>Unsere Ortsratsmitglieder machten sich ihre Entscheidung keineswegs leicht. Partei-\u00fcbergreifend wurde fair miteinander diskutiert. Die laufende Diskussion war l\u00e4ngst kein Thema mehr f\u00fcr irgendeinen Fraktionszwang. Vielmehr ging es jedem einzelnen Mandatstr\u00e4ger, unabh\u00e4ngig von seiner Parteifarbe, zusehends mehr um die Sache und um die Menschen in unserem Dorf. Sind solche Erh\u00f6hungen, die bei machen Gr\u00e4bern bis zu 40 % liegen den Menschen zumutbar ? Wird hier der Bogen der Zumutbarkeit nicht \u00fcberspannt ? Welche L\u00f6sung dient letztlich auch unserer Gemeinde ?<\/p>\n<p>F\u00fcr unsere ehrenamtliche Kommunalpolitiker stellte diese Diskussionen eine hohe H\u00fcrde. Es wurde deutlich sp\u00fcrbar, dass jedem einzelnen der Mensch wichtiger war als das Wohl der Gemeinde. Das eigene Gewissen spielte am Ende eine gewichtige Rolle.<\/p>\n<p><strong>Der Ortsrat Dirmingen stimmte der vorliegenden Beschlussvorlage der Gemeindeverwaltung \u00fcber die geplanten Friedhofsgeb\u00fchrenordnung nicht zu!\u00a0 Vielmehr verlangte das Gremium von der Gemeindeverwaltung eine Kostenrechnung und Auflistung der laufenden Friedhofskosten im Jahr.\u00a0<\/strong><\/p>\n<p>Kann sein, dass uns die Zeit einholt und das am Ende einer langen Debatte eine Erh\u00f6hung der Geb\u00fchrenordnung durch den Gemeinderat steht. Unser Ortsrat hat jedoch Partei-\u00fcbergreifend R\u00fcckgrat bewiesen und bewusst das Herz \u00fcber den Verstand gesetzt. Dies ist eine Gabe die viele Politiker in der heutigen Zeit verloren haben.<\/p>\n<p><strong>Ich pers\u00f6nlich war in diesem Moment Stolz ein Mitglied dieses Ortsrates zu sein.<\/strong><\/p>\n<p>&nbsp;<\/p>\n<p>&nbsp;<\/p>\n","protected":false},"excerpt":{"rendered":"<p>Politiker verfallen im allgemeinen in einen immer schlechteren Ruf. W\u00e4hrend viele ihrem ramponierten Image gerecht werden und treu dem Motto:&#8220; Ist der Ruf erst ruiniert, lebt es sich ganz ungeniert&#8220; leben, gibt es gerade auf kommunaler Ebene einige unerschrocken Zeitgenossen die noch f\u00fcr das Gute stehen und den Glauben an die Politik noch nicht verloren haben. Als j\u00fcngstes Beispiel dient<\/p>\n","protected":false},"author":1,"featured_media":339,"comment_status":"closed","ping_status":"closed","sticky":false,"template":"","format":"standard","meta":{"_crdt_document":"","footnotes":""},"categories":[46],"tags":[],"class_list":["post-338","post","type-post","status-publish","format-standard","has-post-thumbnail","hentry","category-meine-politik"],"_links":{"self":[{"href":"https:\/\/echta-derminga.de\/index.php?rest_route=\/wp\/v2\/posts\/338","targetHints":{"allow":["GET"]}}],"collection":[{"href":"https:\/\/echta-derminga.de\/index.php?rest_route=\/wp\/v2\/posts"}],"about":[{"href":"https:\/\/echta-derminga.de\/index.php?rest_route=\/wp\/v2\/types\/post"}],"author":[{"embeddable":true,"href":"https:\/\/echta-derminga.de\/index.php?rest_route=\/wp\/v2\/users\/1"}],"replies":[{"embeddable":true,"href":"https:\/\/echta-derminga.de\/index.php?rest_route=%2Fwp%2Fv2%2Fcomments&post=338"}],"version-history":[{"count":3,"href":"https:\/\/echta-derminga.de\/index.php?rest_route=\/wp\/v2\/posts\/338\/revisions"}],"predecessor-version":[{"id":356,"href":"https:\/\/echta-derminga.de\/index.php?rest_route=\/wp\/v2\/posts\/338\/revisions\/356"}],"wp:featuredmedia":[{"embeddable":true,"href":"https:\/\/echta-derminga.de\/index.php?rest_route=\/wp\/v2\/media\/339"}],"wp:attachment":[{"href":"https:\/\/echta-derminga.de\/index.php?rest_route=%2Fwp%2Fv2%2Fmedia&parent=338"}],"wp:term":[{"taxonomy":"category","embeddable":true,"href":"https:\/\/echta-derminga.de\/index.php?rest_route=%2Fwp%2Fv2%2Fcategories&post=338"},{"taxonomy":"post_tag","embeddable":true,"href":"https:\/\/echta-derminga.de\/index.php?rest_route=%2Fwp%2Fv2%2Ftags&post=338"}],"curies":[{"name":"wp","href":"https:\/\/api.w.org\/{rel}","templated":true}]}}