{"id":3413,"date":"2019-03-17T15:02:08","date_gmt":"2019-03-17T14:02:08","guid":{"rendered":"http:\/\/echta-derminga.de\/?p=3413"},"modified":"2019-03-17T15:13:38","modified_gmt":"2019-03-17T14:13:38","slug":"von-der-sehnsucht-nach-einem-nahversorger-wohnraum-und-einer-ortskernsanierung","status":"publish","type":"post","link":"https:\/\/echta-derminga.de\/?p=3413","title":{"rendered":"Von der Sehnsucht nach Wohnraum, einem Nahversorger und einer Ortskernsanierung"},"content":{"rendered":"\n<p class=\"wp-block-paragraph\" style=\"font-size:18px\"><strong>Die Einwohnerzahl\nin Deutschland und insbesondere im l\u00e4ndlichen Raum gehen immer mehr zur\u00fcck. In\nfast allen saarl\u00e4ndischen D\u00f6rfern gibt es eine Vielzahl von leerstehenden und\nbauf\u00e4lligen Geb\u00e4uden. Aktuelle Prognosen gehen davon aus, dass im Jahre 2030\nvier Millionen Menschen weniger in Deutschland leben werden. Was das\nletztendlich f\u00fcr den l\u00e4ndlichen Raum bedeutet, kann man sich gut vorstellen. Experten\nrechnen damit, dass sich auch zuk\u00fcnftig immer mehr Familien f\u00fcr ein Leben in\neiner Stadt entscheiden und weniger auf dem Land wohnen m\u00f6chten.&nbsp;<\/strong><\/p>\n\n\n\n<p class=\"wp-block-paragraph\" style=\"font-size:18px\">Auch in Dirmingen stehen viele\nGeb\u00e4ude leer. Wohnh\u00e4user, alte Bauernh\u00e4user, aber auch leerstehende Gasth\u00f6fe\noder Dorfl\u00e4den. Meistens werden die Geb\u00e4ude einfach nicht mehr genutzt und\nsomit dem Verfall \u00fcberlassen. Das Resultat: Unser Dorfkern ver\u00f6det und verkommt.<\/p>\n\n\n\n<div class=\"wp-block-image\"><figure class=\"alignleft is-resized\"><img loading=\"lazy\" decoding=\"async\" src=\"https:\/\/echta-derminga.de\/wp-content\/uploads\/2019\/03\/2-644x431.jpg\" alt=\"\" class=\"wp-image-3417\" width=\"322\" height=\"216\" srcset=\"https:\/\/echta-derminga.de\/wp-content\/uploads\/2019\/03\/2-644x431.jpg 644w, https:\/\/echta-derminga.de\/wp-content\/uploads\/2019\/03\/2-300x201.jpg 300w, https:\/\/echta-derminga.de\/wp-content\/uploads\/2019\/03\/2-768x514.jpg 768w, https:\/\/echta-derminga.de\/wp-content\/uploads\/2019\/03\/2.jpg 1136w\" sizes=\"auto, (max-width: 322px) 100vw, 322px\" \/><\/figure><\/div>\n\n\n\n<p class=\"wp-block-paragraph\" style=\"font-size:18px\"><strong>Nat\u00fcrlich hat man auch in unserem Heimatdorf l\u00e4ngst begriffen, dass man den Leerst\u00e4nden, dem demografische Wandel und der \u00dcberalterung der Bev\u00f6lkerung entgegensteuern muss. Wir alle m\u00fcssen uns dem Thema Ortskernsanierung endlich stellen und L\u00f6sungen anstreben. Dirmingen steht vor gro\u00dfen Herausforderungen, die mit vielen Fragezeichen verbunden sind. Eine schnelle, heilsame L\u00f6sung wird es ohnehin nicht geben. Am Ende des Tages wird man es auch in diesem Fall nicht allen recht machen k\u00f6nnen.<\/strong><\/p>\n\n\n\n<p class=\"wp-block-paragraph\" style=\"font-size:18px\">Dirmingen hat in seiner\nOrtsmitte einige gro\u00dfe Baustellen. Wie gehen wir damit um und wie gestalten wir\nunser Dorf lebenswert. Ziel muss es sein, jungen Familien eine Alternative zu\nbieten und die Infrastruktur unseres Dorfes aufzuwerten. Der Neubau einer\nKindertagesst\u00e4tte war hier nur ein erster wichtiger Schritt. Die Ansiedlung\neines Nahversorgers ist ebenso wichtig wie der Bau von neuem, bezahlbarem\nWohnraum.<\/p>\n\n\n\n<p class=\"wp-block-paragraph\" style=\"font-size:18px\"><strong>In seiner letzten Sitzung wurde der Dirminger Ortsrat \u00fcber neue Entwicklungen informiert. Nach Informationen der Gemeindeverwaltung gibt es Seitens eines Projektleiters ein Interesse daran, in der Dirminger Ortsmitte, einen Discounter zu bauen. Dies sind zun\u00e4chst einmal gute Neuigkeiten. Die Nahversorgung ist wichtiger Bestandteil einer Ortsaufwertung. Nach Informationen der Gemeindeverwaltung sind vor dem m\u00f6glichen Bau eines Discounters noch einige Bretter zu bohren. Vor einem Neubau m\u00fcssen gesetzliche Auflagen eingehalten und umgesetzt werden. Dies betrifft z.B das Thema \u201e\u00dcberschwemmungsgebiet in der Ortsmitte\u201c genauso, wie eine m\u00f6gliche Zu- oder Ausfahrt eines neuen Marktes. Die Tatsache, dass noch nicht alle Eigentumsverh\u00e4ltnisse gekl\u00e4rt sind, macht die Situation keineswegs einfacher. Man kann Menschen nicht dazu zwingen ihr Eigentum zu verkaufen. Auf der anderen Seite braucht man dringend mehr Land und Platz, um seine Ziele zu verwirklichen.<\/strong><\/p>\n\n\n\n<div class=\"wp-block-image\"><figure class=\"alignleft is-resized\"><img loading=\"lazy\" decoding=\"async\" src=\"https:\/\/echta-derminga.de\/wp-content\/uploads\/2019\/03\/3-644x386.jpg\" alt=\"\" class=\"wp-image-3419\" width=\"322\" height=\"193\" srcset=\"https:\/\/echta-derminga.de\/wp-content\/uploads\/2019\/03\/3-644x386.jpg 644w, https:\/\/echta-derminga.de\/wp-content\/uploads\/2019\/03\/3-300x180.jpg 300w, https:\/\/echta-derminga.de\/wp-content\/uploads\/2019\/03\/3.jpg 700w\" sizes=\"auto, (max-width: 322px) 100vw, 322px\" \/><\/figure><\/div>\n\n\n\n<p class=\"wp-block-paragraph\" style=\"font-size:18px\">Die Dirminger Ortskernsanierung\nist nicht nur ein politisches Thema. Aus meiner Sicht sind alle B\u00fcrgerinnen und\nB\u00fcrger dazu aufgerufen sich einzubringen. Der Dirminger Ortsrat hat in diesem\nFall ohnehin nur ein Anh\u00f6rungsrecht. Eine Entscheidung wird letztlich im\nGemeinderat getroffen. Von daher sollte das Thema Ortskernsanierung nicht im\nbevorstehenden Kommunalwahlkampf missbraucht werden. Daf\u00fcr ist diese\nAngelegenheit zu wichtig. Viel mehr sollte man zumindest im Ort eine\npartei\u00fcbergreifende Zusammenarbeit anstreben. Der Ortsrat war sich w\u00e4hrend der letzten\nSitzung dar\u00fcber einig, dass Investitionen in unsere Ortsmitte und der Bau eines\nNahversorgers zu begr\u00fc\u00dfen sind. Letztlich haben wir Ortsratsmitglieder auch\nnichts anderes in der Hand. Jeder Investor hat grunds\u00e4tzlich das Recht Land zu\nerwerben und ein Gewerbe zu er\u00f6ffnen. Was sollten wir dagegen haben?<\/p>\n\n\n\n<p class=\"wp-block-paragraph\" style=\"font-size:18px\">Sorge bereiten uns jedoch\ndie gesetzlichen Auflagen. Kann der Investor diese Auflagen stemmen und wie\nwerden diese letztlich umgesetzt?<\/p>\n\n\n\n<p class=\"wp-block-paragraph\" style=\"font-size:18px\"><strong>Aus Sicht meines SPD Ortsvereins und des Dirminger Ortsvorstehers Manfred Klein sollte in jedem Fall an die Nachhaltigkeit gedacht werden. Ist es damit getan ausschlie\u00dflich einen Nahversorger in die Ortsmitte zu setzen? Sicher nicht, dies allein w\u00e4re zu wenig! Ortskernsanierung hei\u00dft auch, daf\u00fcr zu sorgen, dass Wohnraum geschaffen wird und das Ortsbild aufgewertet wird. Wir brauchen Innovation, Mut und Zusammenarbeit.<\/strong><\/p>\n\n\n\n<div class=\"wp-block-image\"><figure class=\"alignleft is-resized\"><img loading=\"lazy\" decoding=\"async\" src=\"https:\/\/echta-derminga.de\/wp-content\/uploads\/2019\/03\/5-644x430.jpg\" alt=\"\" class=\"wp-image-3422\" width=\"322\" height=\"215\" srcset=\"https:\/\/echta-derminga.de\/wp-content\/uploads\/2019\/03\/5-644x430.jpg 644w, https:\/\/echta-derminga.de\/wp-content\/uploads\/2019\/03\/5-300x200.jpg 300w, https:\/\/echta-derminga.de\/wp-content\/uploads\/2019\/03\/5.jpg 700w\" sizes=\"auto, (max-width: 322px) 100vw, 322px\" \/><\/figure><\/div>\n\n\n\n<p class=\"wp-block-paragraph\" style=\"font-size:18px\">Seit einigen Jahren laufen richtungsweisende\nGespr\u00e4che \u00fcber die geplante Ortskernsanierung. Wann geht es endlich los? Keine\nFrage das Interesse eines Nahversorgers ist ein erster wichtiger Schritt. Was\nkommt danach und \u201eQuo vadis\u201c Dirmingen? Wenn es uns nicht gelingt, unseren Ort\nf\u00fcr Menschen attraktiver zu gestalten, brauchen wir sehr bald auch keinen\nNahversorger mehr. Es ist soviel mehr zu tun. Wir alle sind eingeladen\nmitzumachen. Wer hat schon der Weisheit letzter Schluss? Immerhin gibt es in\nanderen D\u00f6rfern die gleichen Probleme.<\/p>\n\n\n\n<p class=\"wp-block-paragraph\" style=\"font-size:18px\"><strong>Ein Anfang ist gemacht und das Interesse von Investoren und Projektleitern ist vorhanden. Nun hei\u00dft es zusammenr\u00fccken und anpacken f\u00fcr unsere Heimat. Wir werden sehen was die nahe Zukunft bringt und wie sich unser Vorhaben entwickelt. Als Dorfpatriot und Kommunalpolitiker sehe ich der Angelegenheit mit gewissem Ernst, Sorge aber auch mit Hoffnung und Zuversicht entgegen.<\/strong><\/p>\n","protected":false},"excerpt":{"rendered":"<p>Die Einwohnerzahl in Deutschland und insbesondere im l\u00e4ndlichen Raum gehen immer mehr zur\u00fcck. In fast allen saarl\u00e4ndischen D\u00f6rfern gibt es eine Vielzahl von leerstehenden und bauf\u00e4lligen Geb\u00e4uden. Aktuelle Prognosen gehen davon aus, dass im Jahre 2030 vier Millionen Menschen weniger in Deutschland leben werden. Was das letztendlich f\u00fcr den l\u00e4ndlichen Raum bedeutet, kann man sich gut vorstellen. Experten rechnen damit,<\/p>\n","protected":false},"author":1,"featured_media":3416,"comment_status":"open","ping_status":"closed","sticky":false,"template":"","format":"standard","meta":{"_crdt_document":"","footnotes":""},"categories":[1,9,46],"tags":[],"class_list":["post-3413","post","type-post","status-publish","format-standard","has-post-thumbnail","hentry","category-allgemein","category-dorfgetratsche","category-meine-politik"],"_links":{"self":[{"href":"https:\/\/echta-derminga.de\/index.php?rest_route=\/wp\/v2\/posts\/3413","targetHints":{"allow":["GET"]}}],"collection":[{"href":"https:\/\/echta-derminga.de\/index.php?rest_route=\/wp\/v2\/posts"}],"about":[{"href":"https:\/\/echta-derminga.de\/index.php?rest_route=\/wp\/v2\/types\/post"}],"author":[{"embeddable":true,"href":"https:\/\/echta-derminga.de\/index.php?rest_route=\/wp\/v2\/users\/1"}],"replies":[{"embeddable":true,"href":"https:\/\/echta-derminga.de\/index.php?rest_route=%2Fwp%2Fv2%2Fcomments&post=3413"}],"version-history":[{"count":15,"href":"https:\/\/echta-derminga.de\/index.php?rest_route=\/wp\/v2\/posts\/3413\/revisions"}],"predecessor-version":[{"id":3432,"href":"https:\/\/echta-derminga.de\/index.php?rest_route=\/wp\/v2\/posts\/3413\/revisions\/3432"}],"wp:featuredmedia":[{"embeddable":true,"href":"https:\/\/echta-derminga.de\/index.php?rest_route=\/wp\/v2\/media\/3416"}],"wp:attachment":[{"href":"https:\/\/echta-derminga.de\/index.php?rest_route=%2Fwp%2Fv2%2Fmedia&parent=3413"}],"wp:term":[{"taxonomy":"category","embeddable":true,"href":"https:\/\/echta-derminga.de\/index.php?rest_route=%2Fwp%2Fv2%2Fcategories&post=3413"},{"taxonomy":"post_tag","embeddable":true,"href":"https:\/\/echta-derminga.de\/index.php?rest_route=%2Fwp%2Fv2%2Ftags&post=3413"}],"curies":[{"name":"wp","href":"https:\/\/api.w.org\/{rel}","templated":true}]}}