{"id":3476,"date":"2019-03-27T20:40:39","date_gmt":"2019-03-27T19:40:39","guid":{"rendered":"http:\/\/echta-derminga.de\/?p=3476"},"modified":"2019-03-27T21:38:35","modified_gmt":"2019-03-27T20:38:35","slug":"vom-schein-und-sein-eines-kommunalpolitikers","status":"publish","type":"post","link":"https:\/\/echta-derminga.de\/?p=3476","title":{"rendered":"Vom Schein und Sein eines Kommunalpolitikers"},"content":{"rendered":"\n<p class=\"wp-block-paragraph\" style=\"font-size:18px\"><strong>Politikwissenschaftler bezeichnen die Kommunalpolitik als \u201eGrundstein\u201c der Demokratie. Gerade in der Kommunalpolitik beginnt die demokratische Mitbestimmung. Es gibt keine andere politische Ebene die den B\u00fcrgerinnen und B\u00fcrgern vor Ort so nah ist, wie die Kommunalpolitik. Schlie\u00dflich befasst sich die Kommunalpolitik mit dem Zusammenleben in den St\u00e4dten, Gemeinden und D\u00f6rfern wobei diese auch zeitgleich die kleinste politische Einheit in unserem Land darstellt.<\/strong><\/p>\n\n\n\n<p class=\"wp-block-paragraph\" style=\"font-size:18px\">Kommunalpolitik findet vor der eigenen Haust\u00fcr, auf dem\nB\u00fcrgersteig, dem Schulgeb\u00e4ude, im Kindergarten oder im n\u00e4chsten Gesch\u00e4ft statt.\nFriedhofsangelegenheiten, Senioren -und Jugendfreizeiteinrichtungen oder\nStra\u00dfensanierungen sind nur einige von zahlreichen kommunalen Angelegenheiten.\nDie Aufgaben eines Kommunalpolitikers sind facettenreich und vielf\u00e4ltig.<\/p>\n\n\n\n<p class=\"wp-block-paragraph\" style=\"font-size:18px\"><strong>Am 26. Mai 2019 finden die diesj\u00e4hrigen Kommunal- und Europawahlen statt. Schon jetzt kristallisiert sich heraus, dass diese Wahlen etwas besonderes sein werden. Immerhin haben in unserem Ort vier Parteien eine Liste f\u00fcr die Orts -und Gemeinderatswahlen abgegeben. In Dirmingen werden die \u201eGr\u00fcnen\u201c erstmals zur Wahl stehen. Auch die FDP hat sich erstmals seit vielen Jahrzehnten wieder dazu entschlossen eine Liste einzureichen. F\u00fcr die in Dirmingen etablierten Parteien wie SPD und CDU ist dies eine neue Situation und sicherlich auch eine neue Konkurrenz.<\/strong><\/p>\n\n\n\n<div class=\"wp-block-image\"><figure class=\"aligncenter\"><img loading=\"lazy\" decoding=\"async\" width=\"644\" height=\"388\" src=\"https:\/\/echta-derminga.de\/wp-content\/uploads\/2019\/03\/Blog-2-2-644x388.jpg\" alt=\"\" class=\"wp-image-3483\" srcset=\"https:\/\/echta-derminga.de\/wp-content\/uploads\/2019\/03\/Blog-2-2-644x388.jpg 644w, https:\/\/echta-derminga.de\/wp-content\/uploads\/2019\/03\/Blog-2-2-300x181.jpg 300w, https:\/\/echta-derminga.de\/wp-content\/uploads\/2019\/03\/Blog-2-2-768x462.jpg 768w, https:\/\/echta-derminga.de\/wp-content\/uploads\/2019\/03\/Blog-2-2.jpg 1468w\" sizes=\"auto, (max-width: 644px) 100vw, 644px\" \/><figcaption>Eingereichte Ortsratslisten in der Gemeinde Eppelborn<\/figcaption><\/figure><\/div>\n\n\n\n<p class=\"wp-block-paragraph\" style=\"font-size:18px\">Grunds\u00e4tzlich finde ich diese Entwicklung jedoch positiv. Als Demokrat freue ich mich \u00fcber jeden Mitb\u00fcrger, der Interesse an der Kommunalpolitik zeigt und sich zur Wahl stellt. Dabei spielt es zun\u00e4chst mal \u00fcberhaupt keine Rolle in welcher Partei sich der-oder diejenige bewegt und engagiert. Naja, wenn ich ehrlich bin, war ich schon etwas erleichtert dar\u00fcber, dass die AFD in Dirmingen keine Liste eingereicht hat. In unserer Zeit gibt es viel zu viele Menschen die sich von der Politik entfernen. Von daher finde ich es gut, dass es noch Menschen gibt die mitmachen m\u00f6chten. Am 26.Mai entscheiden die Menschen in unserem Dorf also dar\u00fcber, wer in den Orts- oder Gemeinderat einzieht. Wichtig ist, dass jeder von seinem Wahlrecht Gebrauch macht und die Wahl annimmt. Der Dirminger Ortsrat verf\u00fcgt aktuell \u00fcber 11 Mandate wobei die SPD davon 8 Sitze innehat. Die \u00fcbrigen drei Mandate besitzt die CDU. Nach den j\u00fcngsten Entwicklungen und dem Interesse anderer Parteien ist es fraglich ob es auch zuk\u00fcnftig eine \u00e4hnliche Konstellation im Ortsrat geben wird. Letztlich entscheidet jedoch der W\u00e4hler.<\/p>\n\n\n\n<p class=\"wp-block-paragraph\" style=\"font-size:18px\"><strong>In den letzten Tagen habe ich mir so einige Gedanken \u00fcber die bevorstehenden Kommunalwahlen gemacht. Ich muss zugeben, dass mich die Listenaufstellung der FDP und der \u201eGr\u00fcnen\u201c \u00fcberrascht hat. Genauso wurde ich von den Bewerbungen einiger neuen B\u00fcrgermeisterkandidaten \u00fcberrascht. Damit wir uns nicht falsch verstehen: Jeder hat das Recht sich aufstellen zu lassen und genau das ist es was Demokratie ausmacht.<\/strong><\/p>\n\n\n\n<p class=\"wp-block-paragraph\" style=\"font-size:18px\">Auf der anderen Seite bin ich jedoch allzu oft ein naiver Tr\u00e4umer der auf der Suche nach Harmonie an der Realit\u00e4t vorbeigeht. Nach den letzten 5 Jahren war ich durchaus der Meinung, dass man mit der Arbeit der Dirminger SPD zufrieden sein kann. Immerhin wurde auch Dank unseres Ortsvereins einiges angesto\u00dfen und bewegt. Naja, man kann es nicht allen Recht machen. Als Demokrat habe ich zu akzeptieren das auch andere Partei auf ihr gutes Recht pochen und ihre Listen nach belieben einreichen. Schlie\u00dflich ist dies die grundlegende Aufgabe einer jeden Partei.<\/p>\n\n\n\n<p class=\"wp-block-paragraph\" style=\"font-size:18px\"><strong>Ich mache mir jedoch einige Sorgen \u00fcber die Kommunalpolitik im Allgemeinen. Eine gewisse Ernsthaftigkeit und ein Interesse f\u00fcr die Probleme der Menschen in unserer Gemeinde sollte bei jedem Kandidaten oberste Priorit\u00e4t haben. Ich m\u00f6chte keinem etwas unterstellen, aber oftmals kommt es mir so vor, als w\u00fcrde man so manchen Kandidaten\/in immer nur kurz vor der Wahl in der \u00d6ffentlichkeit sehen. Ein Mandat sollte man nicht nur zur Schau tragen, sondern man sollte es auch nutzen. Bei manchen Kommunalpolitikern, ganz gleich welcher Partei, ist es am Ende mehr der Schein als das rechte Sein. Ein Kommunalpolitiker sollte sich am Ortsgeschehen beteiligen. Im besten Fall sollte er die Vereinslandschaft kennen und die Br\u00e4uche und Sitten eines Dorfes mitgestalten. Genau das ist es, was einen Kommunalpolitiker von einem Bundes- oder Landesvertreter ausmacht. Die N\u00e4he und der direkte Kontakt zu den Menschen machen den Unterschied. Zudem sollte ein Kommunalpolitiker der Lage sein, gelegentlich die &#8222;Parteibrille&#8220; abzusetzen um das Wohl der eigenen Heimat an erste Stelle zu setzen. Meine Meinung: Gute \u201eParteisoldaten\u201c sind niemals gute Kommunalpolitiker!<\/strong><\/p>\n\n\n\n<p class=\"wp-block-paragraph\" style=\"font-size:18px\">Ich selbst werde bei dieser Wahl erstmals ein Mandat im Gemeinderat anstreben. Ich habe mir diese Entscheidung nicht leicht gemacht. Lange Zeit vertrat ich die Meinung, dass mein Seelenheil bestenfalls im Ortsrat zu finden ist. Heute glaube ich, dass ich mir etwas vorgemacht habe. Die letzten Jahre haben mir vor Augen gef\u00fchrt, dass die wichtigsten Entscheidungen im Gemeinderat beschlossen werden. <\/p>\n\n\n\n<p class=\"wp-block-paragraph\" style=\"font-size:18px\">Ich w\u00fcnsche mir von den zuk\u00fcnftigen Mitgliedern unseres Orts- und Gemeinderates b\u00fcrgern\u00e4he. Ein Mandatstr\u00e4ger muss anpacken und mitmachen. Es gibt viel zu viele Politiker, die ihr Amt blo\u00df zur Schau tragen. Kommunalpolitiker werden ohnehin nicht alle Probleme des d\u00f6rflichen Lebens l\u00f6sen k\u00f6nnen. Der Ortsrat hat kaum Entscheidungsspielraum und der Gemeinderat muss sich viel zu oft einem defizit\u00e4ren Haushalt unterordnen.<\/p>\n\n\n\n<p class=\"wp-block-paragraph\" style=\"font-size:18px\"><strong>Keine Frage: Ver\u00e4nderungen sind gut und beleben das Gesch\u00e4ft.\nBleibt zu hoffen, dass unsere neuen kommunalen Volksvertreter ihrer Aufgabe\ngewachsen sind. Am Ende ist es sehr viel mehr als nur die Teilnahme an einer\nSitzung. <\/strong><\/p>\n","protected":false},"excerpt":{"rendered":"<p>Politikwissenschaftler bezeichnen die Kommunalpolitik als \u201eGrundstein\u201c der Demokratie. Gerade in der Kommunalpolitik beginnt die demokratische Mitbestimmung. Es gibt keine andere politische Ebene die den B\u00fcrgerinnen und B\u00fcrgern vor Ort so nah ist, wie die Kommunalpolitik. Schlie\u00dflich befasst sich die Kommunalpolitik mit dem Zusammenleben in den St\u00e4dten, Gemeinden und D\u00f6rfern wobei diese auch zeitgleich die kleinste politische Einheit in unserem Land<\/p>\n","protected":false},"author":1,"featured_media":3495,"comment_status":"open","ping_status":"closed","sticky":false,"template":"","format":"standard","meta":{"_crdt_document":"","footnotes":""},"categories":[1,46],"tags":[5,619,618,617,121,616],"class_list":["post-3476","post","type-post","status-publish","format-standard","has-post-thumbnail","hentry","category-allgemein","category-meine-politik","tag-dirmingen","tag-europawahlen","tag-gemeinde-eppelborn","tag-gemeinderatswahlen","tag-kommunalpolitik","tag-ortsratsliste"],"_links":{"self":[{"href":"https:\/\/echta-derminga.de\/index.php?rest_route=\/wp\/v2\/posts\/3476","targetHints":{"allow":["GET"]}}],"collection":[{"href":"https:\/\/echta-derminga.de\/index.php?rest_route=\/wp\/v2\/posts"}],"about":[{"href":"https:\/\/echta-derminga.de\/index.php?rest_route=\/wp\/v2\/types\/post"}],"author":[{"embeddable":true,"href":"https:\/\/echta-derminga.de\/index.php?rest_route=\/wp\/v2\/users\/1"}],"replies":[{"embeddable":true,"href":"https:\/\/echta-derminga.de\/index.php?rest_route=%2Fwp%2Fv2%2Fcomments&post=3476"}],"version-history":[{"count":16,"href":"https:\/\/echta-derminga.de\/index.php?rest_route=\/wp\/v2\/posts\/3476\/revisions"}],"predecessor-version":[{"id":3496,"href":"https:\/\/echta-derminga.de\/index.php?rest_route=\/wp\/v2\/posts\/3476\/revisions\/3496"}],"wp:featuredmedia":[{"embeddable":true,"href":"https:\/\/echta-derminga.de\/index.php?rest_route=\/wp\/v2\/media\/3495"}],"wp:attachment":[{"href":"https:\/\/echta-derminga.de\/index.php?rest_route=%2Fwp%2Fv2%2Fmedia&parent=3476"}],"wp:term":[{"taxonomy":"category","embeddable":true,"href":"https:\/\/echta-derminga.de\/index.php?rest_route=%2Fwp%2Fv2%2Fcategories&post=3476"},{"taxonomy":"post_tag","embeddable":true,"href":"https:\/\/echta-derminga.de\/index.php?rest_route=%2Fwp%2Fv2%2Ftags&post=3476"}],"curies":[{"name":"wp","href":"https:\/\/api.w.org\/{rel}","templated":true}]}}