{"id":3531,"date":"2019-04-08T18:01:06","date_gmt":"2019-04-08T17:01:06","guid":{"rendered":"http:\/\/echta-derminga.de\/?p=3531"},"modified":"2019-04-08T18:08:58","modified_gmt":"2019-04-08T17:08:58","slug":"beklemmende-reise-in-die-vergangenheit-besuch-des-kz-natzweiler-struthof","status":"publish","type":"post","link":"https:\/\/echta-derminga.de\/?p=3531","title":{"rendered":"Beklemmende Reise in die Vergangenheit \u2013 Besuch des KZ Natzweiler-Struthof"},"content":{"rendered":"\n<p class=\"wp-block-paragraph\" style=\"font-size:18px\"><strong>Als unser Pfarrer mich fragte, ob ich unsere Konfi-Gruppe w\u00e4hrend einer Tagesreise zum KZ Natzweiler-Struthof begleiten m\u00f6chte, habe ich keine Sekunde gez\u00f6gert um zuzusagen. Zum einen, weil mir die Jugendarbeit am Herzen liegt und zum anderen um eine wichtige Erfahrung zu sammeln. Bis zu diesem Tag am 07. April 2019 hatte ich noch kein Konzentrationslager der Nazis besucht. Als geschichtsinteressierter Mensch habe ich nat\u00fcrlich viel gelesen, gesehen oder geh\u00f6rt. Die Besichtigung eines Konzentrationslagers jedoch, hatte ich bis dato noch nicht absolviert.<\/strong><\/p>\n\n\n\n<div class=\"wp-block-image\"><figure class=\"alignleft\"><img loading=\"lazy\" decoding=\"async\" width=\"398\" height=\"170\" src=\"https:\/\/echta-derminga.de\/wp-content\/uploads\/2019\/04\/1-2.jpg\" alt=\"\" class=\"wp-image-3536\" srcset=\"https:\/\/echta-derminga.de\/wp-content\/uploads\/2019\/04\/1-2.jpg 398w, https:\/\/echta-derminga.de\/wp-content\/uploads\/2019\/04\/1-2-300x128.jpg 300w\" sizes=\"auto, (max-width: 398px) 100vw, 398px\" \/><\/figure><\/div>\n\n\n\n<p class=\"wp-block-paragraph\" style=\"font-size:18px\">Das Konzentrationslager Natzweiler-Struthof war vom 1. Mai 1941 bis zum 23. November 1944 ein sogenanntes Straf- und Arbeitslager der Nazis und lag nahe dem Ort Natzweiler im besetzten franz\u00f6sischen Elsass, s\u00fcdwestlich von Stra\u00dfburg, in den Vogesen.<\/p>\n\n\n\n<p class=\"wp-block-paragraph\" style=\"font-size:18px\"><strong>Die Katechumenen und Konfirmanden wurden bereits einen Tag zuvor auf diese Reise vorbereitet. Nach einer etwa zweist\u00fcndigen Fahrt erreichten wir das Konzentrationslager im franz\u00f6sischen Natzweiler- Struthof, in ca. 800 Meter H\u00f6he. Zun\u00e4chst fuhren wir mit dem Bus den lager-nahen Steinbruch und eine sogenannte geheime Hinrichtungsst\u00e4tte an. Vor dem Besuch des eigentlichen Lagers gingen wir zur luxuri\u00f6sen Villa des Lagerkommandanten. Die Villa steht, gut erhalten, nur wenige Meter vom Lager entfernt und demonstrierte auf beeindruckende Art und Weise den Kontrast zwischen den H\u00e4ftlingen im Konzentrationslager und den Aufsehern und Kommandanten. W\u00e4hrend im Lager gelitten und gestorben wurde, fanden in der Villa Partys und Familienfeiern statt. \u00a0<\/strong><\/p>\n\n\n\n<p class=\"wp-block-paragraph\" style=\"font-size:18px\">Als wir nun endlich das Tor des Konzentrationslagers passierten berichtete mir ein mitgereistes Elternteil seine Erfahrungen mit diesem Lager. Der Mann erz\u00e4hlte mir, dass er schon das KZ Dachau und das KZ Ausschwitz besichtigte. Im Gegensatz zu Struthof waren Dachau und Ausschwitz reine Vernichtungslager. Mein Gespr\u00e4chspartner vertrat dennoch die Meinung, dass Struthof etwas ganz Besonderes w\u00e4re und keinen Deut weniger emotional und ergreifend sei. Der Grund liegt in der Intensivit\u00e4t, die das Lager ausstrahlt. Alles ist viel enger, beschaulicher aufgebaut. Die Nazis hatten viel mehr Zeit sich dar\u00fcber Gedanken zu machen wie sie am besten und effektivsten die H\u00e4ftlinge qu\u00e4lten oder t\u00f6teten. Eine Flucht war praktisch kaum m\u00f6glich.<\/p>\n\n\n\n<div class=\"wp-block-image\"><figure class=\"alignleft is-resized\"><img loading=\"lazy\" decoding=\"async\" src=\"https:\/\/echta-derminga.de\/wp-content\/uploads\/2019\/04\/2-1-644x483.jpg\" alt=\"\" class=\"wp-image-3538\" width=\"322\" height=\"242\" srcset=\"https:\/\/echta-derminga.de\/wp-content\/uploads\/2019\/04\/2-1-644x483.jpg 644w, https:\/\/echta-derminga.de\/wp-content\/uploads\/2019\/04\/2-1-300x225.jpg 300w, https:\/\/echta-derminga.de\/wp-content\/uploads\/2019\/04\/2-1.jpg 700w\" sizes=\"auto, (max-width: 322px) 100vw, 322px\" \/><\/figure><\/div>\n\n\n\n<p class=\"wp-block-paragraph\" style=\"font-size:18px\"><strong>Wenn man das Lager betritt bekommt man zun\u00e4chst einen guten \u00dcberblick \u00fcber die gesamte Anlage. W\u00e4hrend unsere Konfis den Besuch der Hinrichtungsst\u00e4tte und des Gef\u00e4ngnisses noch gut \u00fcberstanden, verlangte das Krematorium und besonders der Operationssaal des Lagers den jungen Menschen schon einiges ab. F\u00fcr mich pers\u00f6nlich war schon der Besuch des Gef\u00e4ngnisses eine emotionale Angelegenheit. Bis zu 20 Insassen hockten in einer kleinen Zelle. Kaum Platz zum Schlafen, geschweige denn, zum Bewegen. \u00dcber dem kompletten Gef\u00e4ngnistrackt lag eine finstere und fast gespenstische Aura. Schon der Anblick des Pr\u00fcgelbocks l\u00e4sst einen erschaudern. Welche Qual und was f\u00fcr Schmerzen m\u00fcssen dort Menschen erlitten haben. Das Gef\u00e4ngnis war f\u00fcr seinen harten Vollzug und die besonders harten Strafen ber\u00fcchtigt. <\/strong><\/p>\n\n\n\n<p class=\"wp-block-paragraph\" style=\"font-size:18px\">Nach der Besichtigung des Krematoriums, was schon nichts f\u00fcr schwache Nerven war, f\u00fchrte uns der Weg durch den \u201eOperationssaal\u201c des Lagers. In diesem Saal wurden medizinischen Experimente an den Deportierten durchgef\u00fchrt. Die H\u00e4ftlinge des KZ Struthof verstarben in der Regel durch Hunger, Erkrankung, Verletzungen, Ersch\u00f6pfung oder halt durch diverse Hinrichtungs- und Foltermethoden. Das langsame oder schnelle Erh\u00e4ngen war ebenso \u00fcblich wie das Erschie\u00dfen oder totschlagen. Seinen hohen Bekanntheitsgrad erreichte das KZ als ber\u00fcchtigtes und gef\u00fcrchtetes Lager durch medizinische Versuche. Diejenigen Deportierten die f\u00fcr medizinische Experimente ausgesucht wurden, fanden in der 9m\u00b2 gro\u00dfe Gaskammer ihren Tot. Der Besuch der noch gut erhaltenen Gaskammer, die in ihrem Originalzustand zu besichtigen ist, brachte auch mich an meine Grenzen. Wenn man vor dem Raum steht und sich vorstellt, welche grausamen Szenen sich dort abgespielt haben, muss man schonmal tief durchatmen. Nat\u00fcrlich war dieser Besuch auch f\u00fcr unsere Konfis alles andere als leicht zu verdauen. Ich hatte jedoch nicht den Eindruck, dass die Jugendlichen an dieser Last zerbrachen. Vielmehr zeigten sie gro\u00dfes Interesse und Mitgef\u00fchl. Ich m\u00f6chte auch nicht verschweigen, dass die eine oder andere Tr\u00e4ne floss. Das Ausma\u00df des Leids in diesem menschenverachtenden Lager ist nicht vorstellbar. Kaum zu glauben, dass dies alles ein Teil unserer Vergangenheit ist.<\/p>\n\n\n\n<div class=\"wp-block-image\"><figure class=\"alignleft is-resized\"><img loading=\"lazy\" decoding=\"async\" src=\"https:\/\/echta-derminga.de\/wp-content\/uploads\/2019\/04\/4-644x483.jpg\" alt=\"\" class=\"wp-image-3540\" width=\"322\" height=\"242\" srcset=\"https:\/\/echta-derminga.de\/wp-content\/uploads\/2019\/04\/4-644x483.jpg 644w, https:\/\/echta-derminga.de\/wp-content\/uploads\/2019\/04\/4-300x225.jpg 300w, https:\/\/echta-derminga.de\/wp-content\/uploads\/2019\/04\/4.jpg 700w\" sizes=\"auto, (max-width: 322px) 100vw, 322px\" \/><\/figure><\/div>\n\n\n\n<p class=\"wp-block-paragraph\" style=\"font-size:18px\"><strong>Fast 25.000 Menschen starben infolge von Entkr\u00e4ftung, Hunger, lagerbedingten Krankheiten oder wurden ermordet. Die genaue Anzahl der Opfer ist jedoch kaum feststellbar. Viele Opfer verstarben schon w\u00e4hrend ihrer Deportation und wurden einfach liegen gelassen. Von etwa 3000 eingelieferte Gefangene fehlt bis heute jede Spur. Fast 60&nbsp;% der H\u00e4ftlinge wogen unter 50 Kilogramm. Die Gier nach Essen war so gro\u00df, dass die Schw\u00e4chsten sogar von ihren eigenen Mitgefangenen erschlagen wurden. Am schlimmsten traf es das Arbeitskommando, das im ortsans\u00e4ssigen Steinbruch des KZ arbeiten musste. Im Jahre 1943 waren von den H\u00e4ftlingen des Lagers nur noch etwa 100 arbeitsf\u00e4hig. Viele konnten den beschwerlichen Weg zum Steinbruch nicht mehr auf sich nehmen und wurden in Schubkarren zur Zwangsarbeit gebracht.<\/strong><\/p>\n\n\n\n<p class=\"wp-block-paragraph\" style=\"font-size:18px\">Beim abschlie\u00dfenden Besuch des Lager &#8211; Museums besch\u00e4ftigte ich mich \u00fcberwiegend mit den Berichten und Niederschriften von Zeitzeugen. In mir erwachte eine gewisse Demut. Wie oft f\u00fchlen wir uns im t\u00e4glichen Leben vernachl\u00e4ssigt oder auch am Rande der Gesellschaft gl\u00fccklos und ungerecht behandelt. Wie ma\u00dflos und ungerecht ist unser Denken im Anbetracht derer die dieses Martyrium durchleben mussten.<\/p>\n\n\n\n<div class=\"wp-block-image\"><figure class=\"alignleft is-resized\"><img loading=\"lazy\" decoding=\"async\" src=\"https:\/\/echta-derminga.de\/wp-content\/uploads\/2019\/04\/5-644x483.jpg\" alt=\"\" class=\"wp-image-3542\" width=\"322\" height=\"242\" srcset=\"https:\/\/echta-derminga.de\/wp-content\/uploads\/2019\/04\/5-644x483.jpg 644w, https:\/\/echta-derminga.de\/wp-content\/uploads\/2019\/04\/5-300x225.jpg 300w, https:\/\/echta-derminga.de\/wp-content\/uploads\/2019\/04\/5.jpg 700w\" sizes=\"auto, (max-width: 322px) 100vw, 322px\" \/><\/figure><\/div>\n\n\n\n<p class=\"wp-block-paragraph\" style=\"font-size:18px\">Letztlich\nhat der Besuch im KZ Natzweiler- Struthof auch mich sehr bewegt. Nat\u00fcrlich\nstellt sich mir die Frage inwieweit wir unsere Jugendlichen zu einem Besuch\neines Konzentrationslagers auffordern sollten. Kindern ist der Eintritt ohnehin\nnicht gestattet. &nbsp;Mittlerweile werden\nauch in der Politik die Stimmen lauter die einen Besucher von Sch\u00fclerinnen und\nSch\u00fclern eines KZs als Verpflichtung fordern. Andere hingegen finden eine\nsogenannte \u201eZwangsp\u00e4dagogik\u201c kontraproduktiv. Auch der Zentralrat der Juden fordert seit geraumer Zeit, dass Sch\u00fcler und\nSch\u00fclerinnen der h\u00f6heren Klassen eine KZ-Gedenkst\u00e4tte besuchen m\u00fcssen. Nun ist\nes ja durchaus nicht selten, dass Schulklassen eine Gedenkst\u00e4tte oder ein KZ\nbesuchen. Es stellt sich lediglich die Frage, in weit und ob wir es\nverpflichtend machen sollten. Ich pers\u00f6nlich halte nichts von Zwang und finde ein\nBesuch sollte auch zuk\u00fcnftig freiwillig sein. Ich denke jedes M\u00e4dchen oder\njeder Junge ist in seiner Individualit\u00e4t anders. Die einen verarbeiten einen\nBesuch besser und die anderen eben etwas schlechter. Einfach ist es definitiv\nnicht! <\/p>\n\n\n\n<p class=\"wp-block-paragraph\" style=\"font-size:18px\"><strong>Dennoch\ngerade zu Zeiten, in denen es Politiker gibt, die unsere Vergangenheit und die\nNazi-Zeit als \u201eM\u00fcckenschi\u00df\u201c in der Geschichte betrachten ist es wichtiger denn\nje zu erinnern und wachzur\u00fctteln.<\/strong><\/p>\n\n\n\n<p class=\"wp-block-paragraph\" style=\"font-size:18px\"><strong>Wie sagte\nder Holocaust-\u00dcberlebende Max Mannheimer: &#8222;Ihr seid nicht verantwortlich\nf\u00fcr das, was geschah. Aber dass es nicht wieder geschieht, daf\u00fcr schon.&#8220;<\/strong><\/p>\n","protected":false},"excerpt":{"rendered":"<p>Als unser Pfarrer mich fragte, ob ich unsere Konfi-Gruppe w\u00e4hrend einer Tagesreise zum KZ Natzweiler-Struthof begleiten m\u00f6chte, habe ich keine Sekunde gez\u00f6gert um zuzusagen. Zum einen, weil mir die Jugendarbeit am Herzen liegt und zum anderen um eine wichtige Erfahrung zu sammeln. Bis zu diesem Tag am 07. April 2019 hatte ich noch kein Konzentrationslager der Nazis besucht. Als geschichtsinteressierter<\/p>\n","protected":false},"author":1,"featured_media":3534,"comment_status":"open","ping_status":"closed","sticky":false,"template":"","format":"standard","meta":{"_crdt_document":"","footnotes":""},"categories":[1,318],"tags":[630,631,628,629,627],"class_list":["post-3531","post","type-post","status-publish","format-standard","has-post-thumbnail","hentry","category-allgemein","category-uff-da-schnerr","tag-arbeitslager","tag-elsass","tag-konfirmanden","tag-konzentrationslager","tag-natzweiler-struthof"],"_links":{"self":[{"href":"https:\/\/echta-derminga.de\/index.php?rest_route=\/wp\/v2\/posts\/3531","targetHints":{"allow":["GET"]}}],"collection":[{"href":"https:\/\/echta-derminga.de\/index.php?rest_route=\/wp\/v2\/posts"}],"about":[{"href":"https:\/\/echta-derminga.de\/index.php?rest_route=\/wp\/v2\/types\/post"}],"author":[{"embeddable":true,"href":"https:\/\/echta-derminga.de\/index.php?rest_route=\/wp\/v2\/users\/1"}],"replies":[{"embeddable":true,"href":"https:\/\/echta-derminga.de\/index.php?rest_route=%2Fwp%2Fv2%2Fcomments&post=3531"}],"version-history":[{"count":15,"href":"https:\/\/echta-derminga.de\/index.php?rest_route=\/wp\/v2\/posts\/3531\/revisions"}],"predecessor-version":[{"id":3552,"href":"https:\/\/echta-derminga.de\/index.php?rest_route=\/wp\/v2\/posts\/3531\/revisions\/3552"}],"wp:featuredmedia":[{"embeddable":true,"href":"https:\/\/echta-derminga.de\/index.php?rest_route=\/wp\/v2\/media\/3534"}],"wp:attachment":[{"href":"https:\/\/echta-derminga.de\/index.php?rest_route=%2Fwp%2Fv2%2Fmedia&parent=3531"}],"wp:term":[{"taxonomy":"category","embeddable":true,"href":"https:\/\/echta-derminga.de\/index.php?rest_route=%2Fwp%2Fv2%2Fcategories&post=3531"},{"taxonomy":"post_tag","embeddable":true,"href":"https:\/\/echta-derminga.de\/index.php?rest_route=%2Fwp%2Fv2%2Ftags&post=3531"}],"curies":[{"name":"wp","href":"https:\/\/api.w.org\/{rel}","templated":true}]}}