{"id":3569,"date":"2019-04-15T17:25:28","date_gmt":"2019-04-15T16:25:28","guid":{"rendered":"http:\/\/echta-derminga.de\/?p=3569"},"modified":"2019-04-15T17:33:20","modified_gmt":"2019-04-15T16:33:20","slug":"die-qual-der-wahl-was-sind-kommunalwahlen","status":"publish","type":"post","link":"https:\/\/echta-derminga.de\/?p=3569","title":{"rendered":"Die Qual der Wahl &#8211; Was sind Kommunalwahlen?"},"content":{"rendered":"\n<p class=\"wp-block-paragraph\" style=\"font-size:18px\"><strong>Am 26.Mai 2019 finden im Saarland die Europa- und Kommunalwahlen statt. W\u00e4hrend sich die meisten Menschen sicher noch vorstellen k\u00f6nnen, dass bei Europawahlen das europ\u00e4ische Parlament gew\u00e4hlt wird, tauchen beim Thema Kommunalwahlen immer wieder neue Fragen auf. Gerade die Erstw\u00e4hler sind oftmals \u00fcberfordert und wissen nicht so recht was sie eigentlich w\u00e4hlen. Mittlerweile gibt es auch viele Erwachsene, die immer wieder Nachfragen m\u00fcssen, was genau zu beachten ist. Grunds\u00e4tzlich werden bei Kommunalwahlen die ehrenamtlichen Kommunalparlamenten wie Orts- oder Gemeinderat gew\u00e4hlt. Auch die B\u00fcrgermeisterwahlen oder Landratswahlen fallen unter die Bezeichnung Kommunalwahl.Wahlberechtigt sind in der Regel alle\u00a0B\u00fcrgerinnen und B\u00fcrger einer Gemeinde bzw. eines Landkreises,\u00a0sowie alle EU-B\u00fcrger, die seit mindestens drei Monaten einen Wohnsitz in dem Landkreis oder der Gemeinde haben.\u00a0W\u00e4hlbar\u00a0zum Orts- oder Gemeinderat sowie dem Kreistag sind ebenfalls alle wahlberechtigten B\u00fcrger sowie die EU-Wohnb\u00fcrger die das 18.\u00a0Lebensjahr vollendet haben und seit mindestens 6\u00a0Monaten im Wahlgebiet beheimatet sind. In manchen Bundesl\u00e4ndern d\u00fcrfen Jugendliche bereits mit 16 Jahren an den Kommunalwahlen teilnehmen. Im Saarland ist dies nicht m\u00f6glich und der Erstw\u00e4hler muss das 18 Lebensjahr vollendet haben. <\/strong><\/p>\n\n\n\n<div class=\"wp-block-image\"><figure class=\"alignleft is-resized\"><img loading=\"lazy\" decoding=\"async\" src=\"https:\/\/echta-derminga.de\/wp-content\/uploads\/2019\/04\/22.jpg\" alt=\"\" class=\"wp-image-3575\" width=\"320\" height=\"211\" srcset=\"https:\/\/echta-derminga.de\/wp-content\/uploads\/2019\/04\/22.jpg 640w, https:\/\/echta-derminga.de\/wp-content\/uploads\/2019\/04\/22-300x198.jpg 300w\" sizes=\"auto, (max-width: 320px) 100vw, 320px\" \/><figcaption>Wahlausz\u00e4hlung im Gemeindehaus Dirmingen<\/figcaption><\/figure><\/div>\n\n\n\n<p class=\"wp-block-paragraph\" style=\"font-size:18px\">Die zur Wahl stehenden Parteien k\u00f6nnen mit Bereichslisten und Gebietslisten zur Gemeinderatswahl antreten. Bei einer Kommunalwahl betragt die Wahlperiode\u00a05\u00a0Jahre. Jede W\u00e4hlerin und jeder W\u00e4hler kann jeweils eine Stimme f\u00fcr einen Wahlvorschlag abgeben. Die Wahlen finden am Wahltag selbst\u00a0zwischen 8 und 18 Uhr\u00a0statt. Jeder W\u00e4hler bekommt zuvor seine Wahlbenachrichtigungskarte. In aller Regel werden die Wahlen in einem \u00f6ffentlichen Geb\u00e4ude durchgef\u00fchrt. In Dirmingen wird z.B in der Borrwieshalle gew\u00e4hlt. Die Wahlen sind geheim und werden von jedem pers\u00f6nlich hinter Stellw\u00e4nden vollzogen. Die W\u00e4hler m\u00fcssen also daf\u00fcr Sorge tragen, dass in der Kabine die eigene Stimme unter Ausschluss der \u00d6ffentlichkeit abgegeben wird. Wer am Wahltag selbst verhindert ist, kann vor der Wahl bei der Gemeindeverwaltung eine die\u00a0Briefwahl\u00a0beantragen. Die daf\u00fcr erforderlichen Unterlagen werden einem dann entweder zugeschickt oder Sie holen sie direkt bei der entsprechenden Stelle ab.In der Gemeinde Eppelborn ist es auch m\u00f6glich schon fr\u00fcher, im Rathaus zu w\u00e4hlen. Eine Briefwahl sollte rechtzeitig beantragt, ausgef\u00fcllt und zur\u00fcckzuschickt werden.In krankheitsbedingten F\u00e4llen kann auch noch am Wahltag selbst eine Briefwahl beantragt werden. Im Wahllokal sollte der\u00a0Wahlschein oder der Personalausweis vorgelegt werden. Damit wird die eigene Wahlberechtigung nachgewiesen. In besonderen F\u00e4llen kann ein W\u00e4hler aber auch als pers\u00f6nlich bekannt gelten und somit zur Wahlurne schreiten. <\/p>\n\n\n\n<p class=\"wp-block-paragraph\" style=\"font-size:18px\"><strong>Nach der Wahl werden alle Stimmen eines Wahlvorschlags zusammengez\u00e4hlt. Dies erledigen ehrenamtliche und hauptamtliche Wahlhelfer\/innen. Zuerst werden die Sitze der Bereichsliste an die Bewerber vergeben, danach an die Bewerber der Gebietsliste, die noch keinen Sitz erhalten haben. Bei der Wahl des Ortsrates&nbsp;z.B werden die Mandate nach der Mehrzahl der erhaltenen Stimmen verteilt. Der Ortsvorsteher eines Ortsteils wird von dem neu gew\u00e4hlten Ortsrat gew\u00e4hlt.<\/strong><\/p>\n\n\n\n<div class=\"wp-block-image\"><figure class=\"alignleft is-resized\"><img loading=\"lazy\" decoding=\"async\" src=\"https:\/\/echta-derminga.de\/wp-content\/uploads\/2019\/04\/44.jpg\" alt=\"\" class=\"wp-image-3577\" width=\"320\" height=\"229\" srcset=\"https:\/\/echta-derminga.de\/wp-content\/uploads\/2019\/04\/44.jpg 640w, https:\/\/echta-derminga.de\/wp-content\/uploads\/2019\/04\/44-300x214.jpg 300w\" sizes=\"auto, (max-width: 320px) 100vw, 320px\" \/><figcaption>Dirminger Gemeinderat<\/figcaption><\/figure><\/div>\n\n\n\n<p class=\"wp-block-paragraph\" style=\"font-size:18px\">Bei einer Direktwahl des B\u00fcrgermeisters, wie in der Gemeinde Eppelborn, erfolgt eine Mehrheitswahl bis zu zwei Wahlg\u00e4ngen. Derjenige der \u00fcber die H\u00e4lfte aller g\u00fcltigen Stimmen verf\u00fcgt hat bereits im ersten Wahlgang gewonnen. Haben sich mehrere Bewerber zur Wahl gestellt, wie in der Gemeinde Eppelborn, kann es in einem zweiten Wahlgang zu einer Stichwahl der beiden Bewerber\/innen mit den meisten Stimmen kommen. Dies liegt bei vier Bewerbern, in der Gemeinde Eppelborn, durchaus im Bereich des M\u00f6glichen. Sollte es in unserer Gemeinde zu einer Stichwahl kommen findet diese am Pfingstsonntag, 10.Juni 2019 statt.<br> <br><strong>Wahlen sind die einfachste M\u00f6glichkeit, sich als B\u00fcrger\/in an einer Demokratie zu beteiligen. Jeder hat auch die M\u00f6glichkeit Mitglied einer Partei zu werden und sich \u00fcber eine eigene Liste aufstellen zu lassen. In einer Demokratie d\u00fcrfen B\u00fcrgerinnen und B\u00fcrger aktiv mitbestimmen und w\u00e4hlen. Das ist nicht selbstverst\u00e4ndlich. Durch regelm\u00e4\u00dfig stattfindende Wahlen wird die politische Macht immer wieder neu verteilt. Jede Stimme z\u00e4hlt! Wenn ich nicht zur Wahl gehe, ist meine Stimme verloren. Gehe ich also nicht w\u00e4hlen, werden andere entscheiden, wer mich vertritt. Wenn ich einer Partei einen Denkzettel verpassen m\u00f6chte, indem ich nicht w\u00e4hle, funktioniert das nicht. Meine Stimme f\u00e4llt bei einer Nichtwahl einfach unter den Tisch. W\u00e4hle ich hingegen, kann ich eine Partei klar der anderen vorziehen. Nicht zu w\u00e4hlen schadet keiner Partei.<\/strong><\/p>\n\n\n\n<p class=\"wp-block-paragraph\" style=\"font-size:18px\">W\u00e4hlen hei\u00dft: Verantwortung \u00fcbernehmen und die Geschicke der Politik zu beeinflussen. Niemand wird gezwungen, zur Wahl zu gehen. Jeder hat jedoch die Freiheit dies zu tun und sollte dies auch nutzen. Eine niedrige Wahlbeteiligung spricht f\u00fcr Desinteresse an der Politik. Gelebte Demokratie kann nur bestehen, wenn sich B\u00fcrger\/innen daran beteiligen. Bei einer Kommunalwahl entscheide ich mit meiner\nStimme \u00fcber den zuk\u00fcnftigen B\u00fcrgermeister\/in oder die Mandatstr\u00e4ger in den Orts-\nund Gemeinder\u00e4ten. Es geht also um die Menschen, die meine Heimat repr\u00e4sentiert\nund die politischen Geschicke in unserer Gemeinde leiten sollen. Anders als in\nder Bundes- und Landespolitik sind Kommunalpolitiker stets greifbar und\nantastbar. <\/p>\n\n\n\n<div class=\"wp-block-image\"><figure class=\"alignleft is-resized\"><img loading=\"lazy\" decoding=\"async\" src=\"https:\/\/echta-derminga.de\/wp-content\/uploads\/2019\/04\/33.jpg\" alt=\"\" class=\"wp-image-3579\" width=\"320\" height=\"222\" srcset=\"https:\/\/echta-derminga.de\/wp-content\/uploads\/2019\/04\/33.jpg 640w, https:\/\/echta-derminga.de\/wp-content\/uploads\/2019\/04\/33-300x208.jpg 300w\" sizes=\"auto, (max-width: 320px) 100vw, 320px\" \/><figcaption>Dirminger Gemeinderat im Gemeindehaus<\/figcaption><\/figure><\/div>\n\n\n\n<p class=\"wp-block-paragraph\" style=\"font-size:18px\"><strong>Grunds\u00e4tzlich ist es gut, wenn Menschen sich bereit erkl\u00e4ren mit einem Mandat Verantwortung zu \u00fcbernehmen. Jeder W\u00e4hler\/in \u00fcbernimmt mit seinem Kreuzchen ebenfalls Verantwortung. In Dirmingen nehmen in diesem Jahr erstmals seit vielen Jahren, 4 Parteien an der Ortsratswahl teil. Bei den Gemeinderatswahlen sind es sogar 5 Parteien.Im Mai beginnt die hei\u00dfe Endphase des Wahlkampfs. Die Parteien bewerben ihre Kandidaten\/innen und suchen an Wahl-Infost\u00e4nden die N\u00e4he des W\u00e4hlers. Jeder sollte sich vor seiner Wahl erkundigen und genau hinsehen was oder wen er w\u00e4hlt. Dabei spielt das Wahlprogramm genauso eine gro\u00dfe Rolle wie z.B die zu w\u00e4hlende Personen. Jeder W\u00e4hler\/in hat also die Qual der Wahl !<\/strong><\/p>\n","protected":false},"excerpt":{"rendered":"<p>Am 26.Mai 2019 finden im Saarland die Europa- und Kommunalwahlen statt. W\u00e4hrend sich die meisten Menschen sicher noch vorstellen k\u00f6nnen, dass bei Europawahlen das europ\u00e4ische Parlament gew\u00e4hlt wird, tauchen beim Thema Kommunalwahlen immer wieder neue Fragen auf. Gerade die Erstw\u00e4hler sind oftmals \u00fcberfordert und wissen nicht so recht was sie eigentlich w\u00e4hlen. Mittlerweile gibt es auch viele Erwachsene, die immer<\/p>\n","protected":false},"author":1,"featured_media":3573,"comment_status":"closed","ping_status":"closed","sticky":false,"template":"","format":"standard","meta":{"_crdt_document":"","footnotes":""},"categories":[1,9,46],"tags":[636,618,635,440,634,637],"class_list":["post-3569","post","type-post","status-publish","format-standard","has-post-thumbnail","hentry","category-allgemein","category-dorfgetratsche","category-meine-politik","tag-buergermeisterwahl","tag-gemeinde-eppelborn","tag-gemeinderat","tag-kommunalwahlen","tag-ortsvorsteher","tag-stichwahl"],"_links":{"self":[{"href":"https:\/\/echta-derminga.de\/index.php?rest_route=\/wp\/v2\/posts\/3569","targetHints":{"allow":["GET"]}}],"collection":[{"href":"https:\/\/echta-derminga.de\/index.php?rest_route=\/wp\/v2\/posts"}],"about":[{"href":"https:\/\/echta-derminga.de\/index.php?rest_route=\/wp\/v2\/types\/post"}],"author":[{"embeddable":true,"href":"https:\/\/echta-derminga.de\/index.php?rest_route=\/wp\/v2\/users\/1"}],"replies":[{"embeddable":true,"href":"https:\/\/echta-derminga.de\/index.php?rest_route=%2Fwp%2Fv2%2Fcomments&post=3569"}],"version-history":[{"count":19,"href":"https:\/\/echta-derminga.de\/index.php?rest_route=\/wp\/v2\/posts\/3569\/revisions"}],"predecessor-version":[{"id":3592,"href":"https:\/\/echta-derminga.de\/index.php?rest_route=\/wp\/v2\/posts\/3569\/revisions\/3592"}],"wp:featuredmedia":[{"embeddable":true,"href":"https:\/\/echta-derminga.de\/index.php?rest_route=\/wp\/v2\/media\/3573"}],"wp:attachment":[{"href":"https:\/\/echta-derminga.de\/index.php?rest_route=%2Fwp%2Fv2%2Fmedia&parent=3569"}],"wp:term":[{"taxonomy":"category","embeddable":true,"href":"https:\/\/echta-derminga.de\/index.php?rest_route=%2Fwp%2Fv2%2Fcategories&post=3569"},{"taxonomy":"post_tag","embeddable":true,"href":"https:\/\/echta-derminga.de\/index.php?rest_route=%2Fwp%2Fv2%2Ftags&post=3569"}],"curies":[{"name":"wp","href":"https:\/\/api.w.org\/{rel}","templated":true}]}}