{"id":359,"date":"2018-01-23T22:18:15","date_gmt":"2018-01-23T21:18:15","guid":{"rendered":"http:\/\/echta-derminga.de\/?p=359"},"modified":"2021-01-24T15:15:18","modified_gmt":"2021-01-24T14:15:18","slug":"dirminger-kulturecke-gedenken-an-den-holocaust","status":"publish","type":"post","link":"https:\/\/echta-derminga.de\/?p=359","title":{"rendered":"Dirminger Kulturecke &#8211; Gedenken an den Holocaust"},"content":{"rendered":"\n<p class=\"wp-block-paragraph\"><strong>In der Dirminger Kulturecke erfahren Sie alles was Sie schon immer \u00fcber Dirmingen wissen wollten oder wissen sollten. Wussten Sie schon, dass es&nbsp; zur Zeit des Holocaust in Dirmingen nachweislich keine Juden gab? <\/strong><\/p>\n\n\n\n<p class=\"wp-block-paragraph\"><strong>Der \u201eInternationale Tag des Gedenkens an die Opfer des Holocaust&#8220; findet bekanntlich am 27. Januar statt. Im Jahre 2005 f\u00fchrten die \u201eVereinten Nationen\u201c zum Gedenken an den Holocaust und den 60. Jahrestag der Befreiung des Konzentrationslagers Auschwitz-Birkenau diesen Gedenktag ein. <\/strong><\/p>\n\n\n\n<p class=\"wp-block-paragraph\">Unsere Chroniken geben keine Hinweise darauf, das in Dirmingen zur Zeit des Holocaust j\u00fcdische Mitb\u00fcrger lebten. Absolut sicher kann man sich diesbez\u00fcglich jedoch nicht sein. Recherchen im Saarlandmuseum Saarbr\u00fccken haben jedoch ergeben, dass zumindest keine j\u00fcdischen Opfer aus Dirmingen zu beklagen waren.<\/p>\n\n\n\n<p class=\"wp-block-paragraph\">Hingegen gab es in unserem Nachbarort Illingen seit Beginn des 18. Jahrhunderts j\u00fcdische Mitb\u00fcrger. Aus vorliegenden Unterlagen geht hervor, dass gegen Mitte des 18.Jahrhunderts in Illingen der j\u00fcdische Begr\u00e4bnisplatz angelegt wurden. Sp\u00e4ter entstand sogar eine j\u00fcdische Gemeinde. Nach dem Ersten Weltkrieg wurde in Illingen vermehrt antisemitisches Gedankengut verbreitet. Zwischen 1933 und 1939 mussten mehr als 100 Juden aus Illingen ihren Heimatort verlassen. W\u00e4hrend des Novemberpogroms von 1938 wurde die vorhandene Synagoge von den Nazis gepl\u00fcndert und angez\u00fcndet. Das Geb\u00e4ude brannte bis auf die Grundmauern nieder und die restlichen Juden mussten fliehen oder wurden festgenommen. Die einheimischen Juden wurden auf LKWs abtransportiert. Aufgrund der N\u00e4he zu Illingen k\u00f6nnen wir davon ausgehen, dass einige j\u00fcdische Mitmenschen auch Kontakt nach Dirmingen pflegten.&nbsp;Die Opferliste im Saarlandmuseum in Saarbr\u00fccken gibt, wie bereits erw\u00e4hnt, keine weiteren Hinweise. Die Namensliste verweist vielmehr auf zahlreiche j\u00fcdische Opfer aus dem gesamten Saarland.<\/p>\n\n\n\n<p class=\"wp-block-paragraph\"><strong>Dennoch spielten die Konzentrationslager der Nazis auch f\u00fcr Dirmingen eine gewichtige Rolle. Nachweislich wurden mehrere Dirminger B\u00fcrger aus verschiedenen Gr\u00fcnden in ein KZ deportiert. Das Grauen hinterlie\u00df auch in Dirmingen einen bleibenden Eindruck.<\/strong><\/p>\n\n\n\n<p class=\"wp-block-paragraph\"><strong>Am Sonntag, 28. Januar findet um 14:00 Uhr, in der evangelischen Kirche Dirmingen, ein besonderer Literatur &#8211; Gottesdienst zum &#8222;Gedenktag an den Holocaust&#8220; statt. Alle B\u00fcrgerinnen und B\u00fcrger sind herzlich eingeladen.<\/strong><\/p>\n","protected":false},"excerpt":{"rendered":"<p>In der Dirminger Kulturecke erfahren Sie alles was Sie schon immer \u00fcber Dirmingen wissen wollten oder wissen sollten. Wussten Sie schon, dass es&nbsp; zur Zeit des Holocaust in Dirmingen nachweislich keine Juden gab? Der \u201eInternationale Tag des Gedenkens an die Opfer des Holocaust&#8220; findet bekanntlich am 27. Januar statt. Im Jahre 2005 f\u00fchrten die \u201eVereinten Nationen\u201c zum Gedenken an den<\/p>\n","protected":false},"author":1,"featured_media":178,"comment_status":"closed","ping_status":"closed","sticky":false,"template":"","format":"standard","meta":{"_crdt_document":"","footnotes":""},"categories":[2],"tags":[17,16],"class_list":["post-359","post","type-post","status-publish","format-standard","has-post-thumbnail","hentry","category-kulturecke","tag-gedenken","tag-holocaust"],"_links":{"self":[{"href":"https:\/\/echta-derminga.de\/index.php?rest_route=\/wp\/v2\/posts\/359","targetHints":{"allow":["GET"]}}],"collection":[{"href":"https:\/\/echta-derminga.de\/index.php?rest_route=\/wp\/v2\/posts"}],"about":[{"href":"https:\/\/echta-derminga.de\/index.php?rest_route=\/wp\/v2\/types\/post"}],"author":[{"embeddable":true,"href":"https:\/\/echta-derminga.de\/index.php?rest_route=\/wp\/v2\/users\/1"}],"replies":[{"embeddable":true,"href":"https:\/\/echta-derminga.de\/index.php?rest_route=%2Fwp%2Fv2%2Fcomments&post=359"}],"version-history":[{"count":3,"href":"https:\/\/echta-derminga.de\/index.php?rest_route=\/wp\/v2\/posts\/359\/revisions"}],"predecessor-version":[{"id":8712,"href":"https:\/\/echta-derminga.de\/index.php?rest_route=\/wp\/v2\/posts\/359\/revisions\/8712"}],"wp:featuredmedia":[{"embeddable":true,"href":"https:\/\/echta-derminga.de\/index.php?rest_route=\/wp\/v2\/media\/178"}],"wp:attachment":[{"href":"https:\/\/echta-derminga.de\/index.php?rest_route=%2Fwp%2Fv2%2Fmedia&parent=359"}],"wp:term":[{"taxonomy":"category","embeddable":true,"href":"https:\/\/echta-derminga.de\/index.php?rest_route=%2Fwp%2Fv2%2Fcategories&post=359"},{"taxonomy":"post_tag","embeddable":true,"href":"https:\/\/echta-derminga.de\/index.php?rest_route=%2Fwp%2Fv2%2Ftags&post=359"}],"curies":[{"name":"wp","href":"https:\/\/api.w.org\/{rel}","templated":true}]}}