{"id":3593,"date":"2019-04-18T18:36:25","date_gmt":"2019-04-18T17:36:25","guid":{"rendered":"http:\/\/echta-derminga.de\/?p=3593"},"modified":"2019-04-18T21:47:15","modified_gmt":"2019-04-18T20:47:15","slug":"frohe-ostern","status":"publish","type":"post","link":"https:\/\/echta-derminga.de\/?p=3593","title":{"rendered":"Frohe Ostern &#8211; Von Br\u00e4uchen, Symbolen und dem christlichen Ursprung"},"content":{"rendered":"\n<p class=\"wp-block-paragraph\" style=\"font-size:18px\"><strong>Osterhase, Ostereier suchen, Osterfr\u00fchst\u00fcck, Familienfest, Sonnenschein und gutes Essen&#8230;.so stellen sich die meisten von uns das Osterfest vor ? Genauso, wie an Weihnachten, z\u00e4hlt auch zu Ostern nur der Konsum. Schon zur Fastnacht werden in den Discountern die ersten Schokohasen angeboten. Ich stelle mir schon lange die Frage, in wieweit ich meinem Glauben und dem eigentlichen Sinn des Osterfestes gerecht werde.<\/strong><\/p>\n\n\n\n<p class=\"wp-block-paragraph\" style=\"font-size:18px\">F\u00fcr die Christen ist Ostern das gr\u00f6\u00dfte Fest. Jesus Christus\nhat den Tot besiegt und ist auferstanden. Seitdem hofft die Christenheit auf\ndas ewige Leben. Inzwischen ist Ostern l\u00e4ngst zu einem Familienfest und weniger\nzu einem christlichen Fest geworden. Wir leben in Zeiten, in denen man dar\u00fcber\ndiskutiert, ob man die Ostertage, insbesondere den \u201eKar-Freitag\u201c oder den\nOstermontag weiterhin als Feiertag f\u00fchrt oder besser abschafft. Ausgerechnet im\nchristlichen Abendland ger\u00e4t das Osterfest immer mehr an den Rand. Hauptsache\nein paar Tage frei und mehr Zeit mit der Familie und mit Freunden genie\u00dfen.\nWarum wir eigentlich Ostern feiern, haben viele heute vergessen.<\/p>\n\n\n\n<p class=\"wp-block-paragraph\" style=\"font-size:18px\"><strong>Ich pers\u00f6nlich habe\nmeine Kinder immer \u00fcber die einzelnen Feiertage informiert und ihnen erkl\u00e4rt, welchen\nhistorischen oder christlichen Hintergrund die Festtage haben. Meine Kinder\nwurden nie zum Kirchgang gezwungen, aber sie sollten wissen um was es geht. Mir\nwar es immer wichtig, dass meine Kinder mitreden k\u00f6nnen und zumindest wissen von\nwas sie reden.<\/strong><\/p>\n\n\n\n<p class=\"wp-block-paragraph\" style=\"font-size:18px\">Aus meiner Sicht besteht das Osterfest nicht nur aus gutem\nEssen, herrlichen Leckereien, einem Osterbraten, aus Schokoladeneiern oder\nSchokoladenhasen, sondern es hat auch etwas mit vielen alten und sch\u00f6nen&nbsp;Osterbr\u00e4uchen zu tun. Das&nbsp;bekannteste Symbol des Osterfestes ist der\nOsterhase. Ich habe mir eigentlich nie dar\u00fcber Gedanken gemacht warum\nausgerechnet der Osterhase die Eier bringt. Dabei wird der Hase schon sehr\nlange als Fr\u00fchlingsbote angesehen. Die Ostereier haben allerdings einen\nbesonderen Ursprung. Zu Ehren der heidnischen Fr\u00fchlingsg\u00f6ttin Ostara, die dem\nOsterfest seinen Namen gab, schenkten sich die Menschen im 15. oder 16\nJahrhundert H\u00fchnereier. Diese Eier galten als Symbol der Fruchtbarkeit. Der\nkatholischen Kirchen war dieses Ritual nat\u00fcrlich ein Dorn im Auge. Um den\nharten Strafen der Kirche zu entgehen, versteckten die Menschen ihre Eier. So\nentstand auf seltsame Art und Weise die Ostereiersuche. Irgendwann wurden aus\nden H\u00fchnereiern schlie\u00dflich Schokoladeneier und am Ende sogar kleine Geschenke.\nDie katholische Kirche machte letztlich aus der Not eine Tugend und verwies\nschlie\u00dflich darauf, dass die Eier ein Zeichen f\u00fcr das neue Leben sind und als\nSymbol f\u00fcr die Auferstehung gelten. Ist dies nun ein Mythos oder Legende oder\neinfach nur Geschichte? <\/p>\n\n\n\n<p class=\"wp-block-paragraph\" style=\"font-size:18px\"><strong>Heute ist der Hype um die Ostereier explodiert und aus den bunten Eiern wurden l\u00e4ngst teure Spielsachen. Viele Familien legen heute den Fokus eher auf die Ostergeschenke und das deftige Festessen. Kein Gedanke mehr an die Auferstehung Jesu Christi oder den eigentlichen Sinn des Osterfestes. Dabei bin ich keineswegs besser als die anderen. Auch ich freue mich \u00fcber einige Tage Ruhe und Entspannung. Kein Stress, viel Schlaf und viel gutes Essen. Wo wir wieder beim Thema sind: Ist das unsere Art mit dem gr\u00f6\u00dften christlichen Fest umzugehen? Einem Pressebericht zufolge wissen die Mehrzahl der deutschen Bev\u00f6lkerung unter 40 Jahren nicht mehr genau um was es an Ostern eigentlich geht. Ganz einfach: Jesus Christus wurde verraten, verurteilt und get\u00f6tet. Am dritten Tag ist von den Toten auferstanden. F\u00fcr die Christen ist dies der Ursprung allen Seins! Christus hat den Tod besiegt und ist zum Leben erweckt. <\/strong><\/p>\n\n\n\n<div class=\"wp-block-image\"><figure class=\"alignleft is-resized\"><img loading=\"lazy\" decoding=\"async\" src=\"https:\/\/echta-derminga.de\/wp-content\/uploads\/2018\/03\/IMG-20180328-WA0000-Kopie.jpg\" alt=\"\" class=\"wp-image-935\" width=\"300\" height=\"532\" srcset=\"https:\/\/echta-derminga.de\/wp-content\/uploads\/2018\/03\/IMG-20180328-WA0000-Kopie.jpg 600w, https:\/\/echta-derminga.de\/wp-content\/uploads\/2018\/03\/IMG-20180328-WA0000-Kopie-169x300.jpg 169w\" sizes=\"auto, (max-width: 300px) 100vw, 300px\" \/><\/figure><\/div>\n\n\n\n<p class=\"wp-block-paragraph\" style=\"font-size:18px\"><strong>Fr\u00fcher zogen in der Karwoche immer die Klepperkinder durch unser Dorf. Mit Hilfe einer Klapper oder Rappel gingen die Kinder singend durch die Stra\u00dfen um mit unterschiedlichen Spr\u00fcchen an die Gebetszeiten oder Gottesdienste zu erinnern. Meine Mutter sagte mir dann immer: &#8222;Die Kinder m\u00fcssen Kleppern, weil die Glocken in Rom sind&#8220;. Ich hab das als Kind nie verstanden und habe mich lange gefragt wie die wohl vom G\u00e4nseberg die schweren Glocken nach Rom bekamen und wieder Nachhause.<\/strong> <strong>Nat\u00fcrlich handelt es sich bei dieser Geschichte um eine Legende.<\/strong> <strong>Dennoch war es durchaus \u00fcblich, dass fr\u00fcher den Kindern diese Geschichte erz\u00e4hlt wurde<\/strong><\/p>\n\n\n\n<p class=\"wp-block-paragraph\" style=\"font-size:18px\">Das Osterfest beginnt am Gr\u00fcndonnerstag, dem \u201eGrein\u201c-(Wein-Donnerstag). Jesus feiert mit seinen J\u00fcngern das letzte Abendmahl und wird von Judas verraten. Noch in der gleichen Nacht wurde Jesus von den Soldaten festgenommen.&nbsp; Am Tag darauf, dem \u201eKar-Freitag\u201c wurde Jesus gefoltert und zum Tode verurteilt. Auf Golgatha wurde er gekreuzigt und verstarb zur 15. Stunde des Tages. Jesus wurde in einer H\u00f6hle bestattet, vor die man einen gro\u00dfen Stein rollte. Am \u201eKar-Samstag\u201c herrschte tiefe Trauer und Jesus sollte endlich seine ewige Ruhe finden. Das Wort \u201eKar\u201c leitet sich vom althochdeutschen Begriff \u201ekara\u201c ab und bedeutet so viel wie Kummer oder Klage. Am dritten Tage, dem Ostersonntag, kamen einige Frauen zur Grabst\u00e4tte, um dem Verstorbenen zu gedenken. Seltsamerweise war der Stein weggerollt und die H\u00f6hle war offen, das Grab war leer. Ein Engel erschien und verk\u00fcndete, dass Jesus von den Toten auferstanden sei und wieder unter den Lebenden weilte. Diese Auferstehung feiern die Christen am Ostersonntag. Ostern, die Trauer ist vor\u00fcber und die Zeit der Freude beginnt.<\/p>\n\n\n\n<p class=\"wp-block-paragraph\" style=\"font-size:18px\"><strong>Alles Humbug und\nNonsens werden jetzt einige Zeitgenossen br\u00fcllen. Am Ende geht es um Glauben und\nGlauben hei\u00dft bekanntlich nicht wissen. Warum haben wir uns von unserem Glauben\nentfernt? Zugegebenerma\u00dfen ist das Bodenpersonal des \u201eLieben Gott\u201c alles andere\nals zuverl\u00e4ssig. Auch die Diener Gottes sind halt Menschen und haben ihre\nFehler und Eigenheiten. Ich glaube, dass viele Menschen allein wegen der Kirche\nihren Glauben aufgegeben haben. In den letzten 1000 Jahren hat sich die Kirche\nnicht gerade mit Ruhm bekleckert. Kirchenaustritte sind an der Tagesordnung.\nDie Kirche hat sich von ihren Sch\u00e4fchen entfernt und vieles ist f\u00fcr den kleinen\nMann oder die kleine Frau kaum noch zu verstehen. Schade, der eigene Glaube\nkann helfen das Leben zu meistern und die Kirche kann Heimat und Halt geben.<\/strong><\/p>\n\n\n\n<p class=\"wp-block-paragraph\" style=\"font-size:18px\">Heutzutage sehnen sich viele Mitmenschen aus einem ganz\nanderen Grund nach dem Osterfest. Dabei geht es jedoch nicht um den Glauben,\nsondern vielmehr um das erfolgreiche Ende der 40 -t\u00e4gigen Fastenzeit. Auch das\nFasten hat seinen christlichen Ursprung l\u00e4ngst verloren und wurde l\u00e4ngst von\nFitnessgurus und Gesundheitsfanatikern modernisiert. Heutzutage wird alles gefastet:\nAutofasten, M\u00fcllfasten, PC-Fasten usw. &nbsp;Ich frage mich wo bleibt der Glaube? Spielt er\n\u00fcberhaupt noch eine Rolle oder versecken wir uns alle nur hinter unseren\nchristlichen Traditionen?<\/p>\n\n\n\n<div class=\"wp-block-image\"><figure class=\"alignleft is-resized\"><img loading=\"lazy\" decoding=\"async\" src=\"https:\/\/echta-derminga.de\/wp-content\/uploads\/2019\/04\/FB_IMG_1512287170960.jpg\" alt=\"\" class=\"wp-image-3601\" width=\"343\" height=\"233\" srcset=\"https:\/\/echta-derminga.de\/wp-content\/uploads\/2019\/04\/FB_IMG_1512287170960.jpg 457w, https:\/\/echta-derminga.de\/wp-content\/uploads\/2019\/04\/FB_IMG_1512287170960-300x204.jpg 300w\" sizes=\"auto, (max-width: 343px) 100vw, 343px\" \/><\/figure><\/div>\n\n\n\n<p class=\"wp-block-paragraph\" style=\"font-size:18px\"><strong>Das Fest der\nAuferstehung wird von den christlichen Kirchen mit besonderer Liebe in\nfestlichen Gottesdiensten gefeiert. Vielerorts wird in der Osternacht vom\nKarsamstag auf Ostersonntag in der Morgend\u00e4mmerung die Osterkerze entz\u00fcndet.\nSie ist ein Symbol der Auferstehung, des Sieges des Lebens \u00fcber den Tod. In viele\nGemeinden, wie z.B bei der ev. Kirchengemeinde Dirmingen, gibt es nach dem Sonntagsgottesdienst\nauch ein Osterfr\u00fchst\u00fcck. Eine besonders sch\u00f6ne Tradition ist das entz\u00fcnden\neines Osterfeuers. Meistens wird in der N\u00e4he der Kirche, vor Beginn des\nGottesdienstes, ein gro\u00dfes Feuer angez\u00fcndet. Das Osterfeuer ist nichts anderes\nals eine Feuerwache f\u00fcr die Nacht. Die Christen erwartet die Erl\u00f6sung durch\nihren Herrn Jesus Christus. Anschlie\u00dfend wird die Osterkerze am Osterfeuer entz\u00fcndet\nund in die dunkle Kirche getragen. In meiner Kirchengemeinde haben wir bisher\nauf die Tradition des Osterfeuers verzichtet. Allein der Fr\u00fch-Gottesdienst und\ndas \u00f6sterliche Fr\u00fchst\u00fcck sind seit vielen Jahrzehnten Tradition. In diesem Jahr\nwird in meiner Gemeinde erstmals ein Osterfeuer gez\u00fcndet. Ich freue mich darauf\nund hoffe auf eine neue wunderbare Erfahrung. Mal sehen was kommt.<\/strong><\/p>\n\n\n\n<p class=\"wp-block-paragraph\" style=\"font-size:18px\">\u00dcbrigens die ersten Christen hatten ein ganz anderes Symbol f\u00fcr ihren Glauben. Das wohl \u00e4lteste und bekannteste Symbol der Christen ist ein Fisch. Aus Angst vor Verfolgung zeigte die ersten Christen mit diesem Zeichen: Wir geh\u00f6ren zu Jesus Christus. Auf Griechisch hei\u00dft Fisch \u201eICHTHYS\u201c. Die einzelnen Buchstaben dieses Wortes k\u00f6nnen jeweils den Anfang eines neuen Wortes bilden. Zusammen entsteht daraus ein kurzes Glaubensbekenntnis: IESOUS CHRISTOS THEOU YIOS SOTER = Jesus Christus, Gottes Sohn, Erl\u00f6ser. Hintergrund des Fisch-Symbols ist das Wort das Jesus an seine J\u00fcnger Petrus und Andreas richtete: \u201eKommt her, folgt mir nach! Ich werde euch zu Menschenfischern machen\u201c (Matth\u00e4us 4,19). Demnach sind Christen Menschen, die wie Fische im Wasser (der Taufe) schwimmen. Man stelle sich einmal vor, Jesus w\u00e4re nicht am Kreuz gestorben, h\u00e4tte sich dann das Fisch-Symbol als Zeichen der Christen behauptet ? Irgendwie kann und will man sich das kaum vorstellen. Nein, es ist schon gut so, wie es ist. Das Kreuz ist und bleibt f\u00fcr die Christenheit das wichtigste Symbol. <\/p>\n\n\n\n<p class=\"wp-block-paragraph\" style=\"font-size:18px\"><strong>Sei\u2019s drum. Egal ob\nihr Ostern aus christlichen oder weltlichen Beweggr\u00fcnden feiert. Ich hoffe ihr\ngenie\u00dft einige sch\u00f6ne Tage in den Kreisen eurer Familie und eurer Freunde.\nVielleicht habt ihr ja Lust bekommen euch zu \u00f6ffnen und m\u00f6chtet einen\nGottesdienst oder ein Hochamt eurer Wahl besuchen? Vielleicht bleibt es am Ende\nnur eine Erfahrung oder aber es ist ein Schritt in die richtige Richtung.<\/strong><\/p>\n\n\n\n<p class=\"wp-block-paragraph\" style=\"font-size:18px\"><strong>Zu Ostern muss ich immer verst\u00e4rkt an meinen Konfirmationsspruch denken. In Johannes 11,25 sagt Jesus: Ich bin die Auferstehung und das Leben. Wer an mich glaubt, wird leben, auch wenn er stirbt<\/strong> <strong>und wer Lebt und glaubt an mich wird nimmermehr sterben.&#8220;<\/strong><\/p>\n\n\n\n<p class=\"wp-block-paragraph\" style=\"font-size:18px\"><strong>Ein sch\u00f6ner Gedanke,\noder?<\/strong><\/p>\n\n\n\n<p class=\"wp-block-paragraph\" style=\"font-size:18px\"><strong>Frohe Ostern!<\/strong><\/p>\n","protected":false},"excerpt":{"rendered":"<p>Osterhase, Ostereier suchen, Osterfr\u00fchst\u00fcck, Familienfest, Sonnenschein und gutes Essen&#8230;.so stellen sich die meisten von uns das Osterfest vor ? Genauso, wie an Weihnachten, z\u00e4hlt auch zu Ostern nur der Konsum. Schon zur Fastnacht werden in den Discountern die ersten Schokohasen angeboten. Ich stelle mir schon lange die Frage, in wieweit ich meinem Glauben und dem eigentlichen Sinn des Osterfestes gerecht<\/p>\n","protected":false},"author":1,"featured_media":3600,"comment_status":"closed","ping_status":"closed","sticky":false,"template":"","format":"standard","meta":{"_crdt_document":"","footnotes":""},"categories":[1,9,47],"tags":[640,5,451,639,638,641,154],"class_list":["post-3593","post","type-post","status-publish","format-standard","has-post-thumbnail","hentry","category-allgemein","category-dorfgetratsche","category-meine-kirche","tag-christlicher-feiertag","tag-dirmingen","tag-evangelische-kirchengemeinde-dirmingen","tag-familienfest","tag-frohe-ostern","tag-katholische-kirchengemeinde-dirmingen","tag-ostern"],"_links":{"self":[{"href":"https:\/\/echta-derminga.de\/index.php?rest_route=\/wp\/v2\/posts\/3593","targetHints":{"allow":["GET"]}}],"collection":[{"href":"https:\/\/echta-derminga.de\/index.php?rest_route=\/wp\/v2\/posts"}],"about":[{"href":"https:\/\/echta-derminga.de\/index.php?rest_route=\/wp\/v2\/types\/post"}],"author":[{"embeddable":true,"href":"https:\/\/echta-derminga.de\/index.php?rest_route=\/wp\/v2\/users\/1"}],"replies":[{"embeddable":true,"href":"https:\/\/echta-derminga.de\/index.php?rest_route=%2Fwp%2Fv2%2Fcomments&post=3593"}],"version-history":[{"count":23,"href":"https:\/\/echta-derminga.de\/index.php?rest_route=\/wp\/v2\/posts\/3593\/revisions"}],"predecessor-version":[{"id":3619,"href":"https:\/\/echta-derminga.de\/index.php?rest_route=\/wp\/v2\/posts\/3593\/revisions\/3619"}],"wp:featuredmedia":[{"embeddable":true,"href":"https:\/\/echta-derminga.de\/index.php?rest_route=\/wp\/v2\/media\/3600"}],"wp:attachment":[{"href":"https:\/\/echta-derminga.de\/index.php?rest_route=%2Fwp%2Fv2%2Fmedia&parent=3593"}],"wp:term":[{"taxonomy":"category","embeddable":true,"href":"https:\/\/echta-derminga.de\/index.php?rest_route=%2Fwp%2Fv2%2Fcategories&post=3593"},{"taxonomy":"post_tag","embeddable":true,"href":"https:\/\/echta-derminga.de\/index.php?rest_route=%2Fwp%2Fv2%2Ftags&post=3593"}],"curies":[{"name":"wp","href":"https:\/\/api.w.org\/{rel}","templated":true}]}}