{"id":3621,"date":"2019-04-24T19:07:20","date_gmt":"2019-04-24T18:07:20","guid":{"rendered":"http:\/\/echta-derminga.de\/?p=3621"},"modified":"2019-04-24T19:15:25","modified_gmt":"2019-04-24T18:15:25","slug":"der-zeitgeist-bereitet-mir-grosse-sorgen","status":"publish","type":"post","link":"https:\/\/echta-derminga.de\/?p=3621","title":{"rendered":"Der Zeitgeist bereitet mir gro\u00dfe Sorgen"},"content":{"rendered":"\n<p class=\"wp-block-paragraph\" style=\"font-size:18px\"><strong>\u2026\u2026ich mache mir Sorgen. Neulich kam ich auf meiner Arbeit mit einem jungen Mann ins Gespr\u00e4ch. Er berichtete mir, dass er seit einiger Zeit Mitglied bei den \u201eGelb-Westen\u201c ist und dass es endlich Zeit f\u00fcr Ver\u00e4nderungen wird. \u201eVer\u00e4nderungen sind nie verkehrt\u201c, entgegnete ich ihm und fragte nach, welche er den konkret meint? \u201eAlles muss ver\u00e4ndert werden, dass System stinkt und ist ungerecht\u201c war seine Antwort. Stimmt schon, dachte ich mir, es gibt einiges zu tun. Ich hackte erneut nach und fragte wiederum was er denn konkret meint und warum er schlie\u00dflich auf die Stra\u00dfe geht. Ich bemerkte augenscheinlich, dass er von meiner Nachfrage genervt war. Seine Antwort war schlie\u00dflich grob und abweisend: \u201e \u2026.die geh\u00f6ren alle an die Wand gestellt\u201c. Die? Wer ist: \u201eDie\u201c? Vielleicht die Politiker, die Manager, die Konzerne, die Lobbyisten oder die \u201eBel Etage\u201c? Ich lie\u00df ihn schlie\u00dflich ziehen und machte mir meine Gedanken. Was ist das f\u00fcr ein Hass, der uns in der heutigen Zeit begegnet? <\/strong><\/p>\n\n\n\n<p class=\"wp-block-paragraph\" style=\"font-size:18px\">Als ich mich auf dem Heimweg befand, fiel mir ein Plakat ins Auge, auf dem geschrieben stand: \u201eRebellion\u201c. Eine Rebellion kann etwas Gutes mit sich ziehen und zum Aufbruch ermutigen. Wenn eine Rebellion jedoch in Gewalt m\u00fcndet, kann sie niemals die richtige Antwort sein.&nbsp; Was ist los in unserem Land? Treibt die Kluft zwischen Arm und Reich uns alle in ein neues Dilemma oder ist die Asylpolitik wirklich an allem schuld? Wir m\u00fcssen aufpassen, dass wir die Menschen, die in unserem Land Schutz suchen nicht als Bauernopfer abstempeln. Neulich behauptete eine \u00e4ltere Frau:\u201c\u2026 es muss erst wieder ein Krieg kommen, damit es wieder besser wird\u201c. Stimmt das? M\u00fcssen wir uns Gedanken um unsere Demokratie und unser friedliches Miteinander machen? <\/p>\n\n\n\n<p class=\"wp-block-paragraph\" style=\"font-size:18px\"><strong>Der Hass in den\nsozialen Netzwerken bereitet mir gro\u00dfe Sorgen. Wo f\u00fchrt das hin? Am 26. Mai\n2019 finden in unserem Land Europa- und Kommunalwahlen statt. Die Kandidaten\nder verschiedenen Parteien sind keineswegs zu beneiden. T\u00e4glich erleben unsere\nPolitiker einen b\u00f6sartigen und absurden Shitstorm mit v\u00f6llig unpassenden und\nirrsinnigen Kommentaren. Damit wir uns nicht falsch verstehen, ein Politiker darf\nnicht d\u00fcnnh\u00e4utig sein und sollte sich immer der Kritik der Menschen stellen.\nNur, wo f\u00e4ngt es an und wo h\u00f6rt es auf? Wo ist die Grenze und wer gibt jemanden\ndas Recht einen anderen aufs \u00fcbelste zu beleidigen oder zu bedrohen. In letzter\nZeit finde ich in den sozialen Medien immer schlimmere Bedrohungen und\nBeleidigungen. Meistens scheuen die kritischen Absender den direkten Dialog\noder eine faire Diskussion. Vielmehr geht es darum den eigenen Unmut zu \u00e4u\u00dfern\nund Hass zu sch\u00fcren. Nein, es ist nicht alles gut in unserem Land. Auch in\nmeiner Familie und in meinem Bekanntenkreis gibt es Menschen, die unter einer\nunfairen Politik gelitten haben. Die Themen: Soziale Gerechtigkeit, Altersarmut\nund Rente besch\u00e4ftigen zu viele Menschen. Die Politik muss das endlich erkennen\nund \u00e4ndern. <\/strong><\/p>\n\n\n\n<p class=\"wp-block-paragraph\" style=\"font-size:18px\">Eine Demonstration ist der beste Weg Unmut zu \u00e4u\u00dfern und\n\u00c4nderungen einzufordern. Ich bin daf\u00fcr, dass Menschen f\u00fcr ihr Recht k\u00e4mpfen und\ndemonstrieren. Ich bin daf\u00fcr, dass Menschen sich einbringen und gegen\nUngerechtigkeit eintreten. Ich bin daf\u00fcr, dass Menschen mitmachen und sich\nengagieren. Ich bin daf\u00fcr, dass sich unsere Politik \u00e4ndert und das die Kluft\nzwischen Arm und Reich kleiner wird. Wie hoch ist jedoch der Preis, den wir\nalle zahlen m\u00fcssen? Befinden wir uns auf dem richtigen Weg? <\/p>\n\n\n\n<p class=\"wp-block-paragraph\" style=\"font-size:18px\"><strong>Ich erinnere mich unweigerlich an eine junge Frau, alleinerziehende Mutter mit zwei Kindern, die weinend vor die Fernsehkameras trat und ihr Leid klagte. Demonstranten hatten w\u00e4hrend den damaligen G-20 Demos ihr kleines Auto in Brand gesteckt. Die junge Frau war v\u00f6llig verzweifelt und wusste nicht mehr wie sie zur Arbeit kommen sollte. F\u00fcr mich ist dies die Quadratur des Kreises. Ich kann nicht f\u00fcr soziale Gerechtigkeit auf die Stra\u00dfe gehen und dann anderen armen Menschen ihr Eigentum zerst\u00f6ren. Ich bin mir sicher: Auch die n\u00e4chste Revolution wird ihre Kinder fressen. Was dann? Alles von vorne? Solange es den Menschen gibt, wird es auch Macht und Geld geben. Die zahlreichen Posts in den sozialen Medien sollten uns alle zur Vorsicht mahnen. Ich pers\u00f6nlich vermute sogar, dass in vielem ein Plan dahintersteckt und diverse Posts systematisch verstreut werden. Schade nur, dass viele darauf hereinfallen. <\/strong><\/p>\n\n\n\n<p class=\"wp-block-paragraph\" style=\"font-size:18px\">Wir leben in Zeiten, in denen ein \u201eGutmensch\u201c als\nSchimpfwort missbraucht wird und ein redlicher Kommunalpolitiker wegen seiner\nMitgliedschaft in einer Partei angefeindet und beleidigt wird. Dabei spielt es\nkeine Rolle ob derjenige es gut meint und seine Interessen allein seiner Heimat\ndienen. Ich frage mich, ist dies unser neues Verst\u00e4ndnis von Demokratie? Wohin\ntriften wir? Ist das der richtige Weg?<\/p>\n\n\n\n<p class=\"wp-block-paragraph\" style=\"font-size:18px\">Letztens habe ich in einer Zeitung gelesen, dass Menschen,\ndie der Politik und den Medien misstrauen, in den sozialen Netzwerken verst\u00e4rkt\nBest\u00e4tigung suchen. Auf Facebook werden die Unzufriedenen zu einer leichten\nBeute f\u00fcr Hassprediger und Populisten. Eines ist sicher, jeder kann im Netz\nohne R\u00fccksicht auf Verluste seine Meinung von sich geben und darf ohne\nBef\u00fcrchtungen andere beleidigen und anfeinden. Eine Hemmschwelle ist schon\nlange nicht mehr vorhanden. Wo f\u00fchrt das hin? Ich mache mir Sorgen.<\/p>\n\n\n\n<p class=\"wp-block-paragraph\" style=\"font-size:18px\"><strong>Zur\u00fcck zu unserem jungen Mann von den \u201eGelb-Westen\u201c. Eine Antwort auf meine Frage habe ich nicht erhalten. Eigentlich war meine Frage auch unn\u00f6tig denn ich wei\u00df wohl sehr genau warum die Menschen in Frankreich und inzwischen auch in Teilen Deutschlands auf die Stra\u00dfen gehen. Angefangen hat alles mit dem Benzinpreis! Heute bin ich mir nicht mehr sicher ob jeder Demonstrant wirklich wei\u00df, wof\u00fcr er die \u201eGelbe Weste\u201c tr\u00e4gt.<\/strong><\/p>\n\n\n\n<p class=\"wp-block-paragraph\" style=\"font-size:18px\">Wikipedia sagt: \u201eEine&nbsp;Revolution&nbsp;ist ein grundlegender und nachhaltiger\nstruktureller Wandel eines oder mehrerer Systeme, der meist abrupt oder in\nrelativ kurzer Zeit erfolgt. Der Beginn einer Revolution muss also nicht\nunbedingt schlecht sein. Ver\u00e4nderungen sind gut und oftmals auch notwendig.\nLeider kommen mit den ersten \u201eguten\u201c Demonstranten auch viele Zeitgenossen die\nanderen Interessen vertreten und den wirklichen Kern des Aufstandes schnell\nvergessen.<\/p>\n\n\n\n<p class=\"wp-block-paragraph\" style=\"font-size:18px\">Wir sollten froh sein, dass es noch Menschen gibt, die sich\nbereiterkl\u00e4ren f\u00fcr einen Orts -oder Gemeinderat oder ein B\u00fcrgermeisteramt zu\nkandidieren. Auch wenn ich mit der Arbeit eines Amts -oder Mandatstr\u00e4gers nicht\neinverstanden bin, gibt das mir keineswegs das Recht Beleidigungen oder Hasspostings\nzu verbreiten. &nbsp;Diskussionen und Debatten\nbringen uns voran! Wir m\u00fcssen den anderen nicht m\u00f6gen, jedoch sollten wir ihn\nrespektieren.<\/p>\n\n\n\n<p class=\"wp-block-paragraph\" style=\"font-size:18px\"><strong>In der vergangenen Woche habe ich gelesen, dass vielerorts Wahlplakate mutwillig zerst\u00f6rt wurden. Was bitte soll das? Ver\u00e4nderungen bringen wir nicht damit voran, indem wir anderen Menschen Eigentum zerst\u00f6ren. Die politischen Ortsvereine m\u00fcssen viel Geld, Arbeit und Aufwand betreiben, um diese Plakate anfertigen zu lassen. Jetzt kann man \u00fcber die Sinnhaftigkeit eines Wahlplakates streiten. Eines ist jedoch sicher, dass Zerst\u00f6ren fremden Eigentums ist der v\u00f6llig falsche Weg. Besser w\u00e4re, selbst einmal Verantwortung zu \u00fcbernehmen und ein Mandat anzustreben.\u00a0 Wenn ich etwas ver\u00e4ndern will, muss ich mich daf\u00fcr einsetzen. Wir sollten uns vielmehr dar\u00fcber freuen, dass es noch Menschen gibt, die trotz manchem Wiederstand Verantwortung \u00fcbernehmen und sich zur Wahl stellen. Anderorts m\u00fcssen die Menschen um ihr Wahlrecht k\u00e4mpfen. Immerhin haben wir die Wahl und wer die Wahl hat, hat bekanntlich die Qual. Eines d\u00fcrfte dabei jedoch jedem v\u00f6llig klar sein: Nur die d\u00fcmmsten K\u00e4lber, w\u00e4hlen ihren Schl\u00e4chter selber!<\/strong><\/p>\n","protected":false},"excerpt":{"rendered":"<p>\u2026\u2026ich mache mir Sorgen. Neulich kam ich auf meiner Arbeit mit einem jungen Mann ins Gespr\u00e4ch. Er berichtete mir, dass er seit einiger Zeit Mitglied bei den \u201eGelb-Westen\u201c ist und dass es endlich Zeit f\u00fcr Ver\u00e4nderungen wird. \u201eVer\u00e4nderungen sind nie verkehrt\u201c, entgegnete ich ihm und fragte nach, welche er den konkret meint? \u201eAlles muss ver\u00e4ndert werden, dass System stinkt und<\/p>\n","protected":false},"author":1,"featured_media":3623,"comment_status":"open","ping_status":"closed","sticky":false,"template":"","format":"standard","meta":{"_crdt_document":"","footnotes":""},"categories":[1,46],"tags":[5,642,643,645,644],"class_list":["post-3621","post","type-post","status-publish","format-standard","has-post-thumbnail","hentry","category-allgemein","category-meine-politik","tag-dirmingen","tag-kommunalwahl","tag-postings","tag-rebellion","tag-soziale-netzwerke"],"_links":{"self":[{"href":"https:\/\/echta-derminga.de\/index.php?rest_route=\/wp\/v2\/posts\/3621","targetHints":{"allow":["GET"]}}],"collection":[{"href":"https:\/\/echta-derminga.de\/index.php?rest_route=\/wp\/v2\/posts"}],"about":[{"href":"https:\/\/echta-derminga.de\/index.php?rest_route=\/wp\/v2\/types\/post"}],"author":[{"embeddable":true,"href":"https:\/\/echta-derminga.de\/index.php?rest_route=\/wp\/v2\/users\/1"}],"replies":[{"embeddable":true,"href":"https:\/\/echta-derminga.de\/index.php?rest_route=%2Fwp%2Fv2%2Fcomments&post=3621"}],"version-history":[{"count":7,"href":"https:\/\/echta-derminga.de\/index.php?rest_route=\/wp\/v2\/posts\/3621\/revisions"}],"predecessor-version":[{"id":3629,"href":"https:\/\/echta-derminga.de\/index.php?rest_route=\/wp\/v2\/posts\/3621\/revisions\/3629"}],"wp:featuredmedia":[{"embeddable":true,"href":"https:\/\/echta-derminga.de\/index.php?rest_route=\/wp\/v2\/media\/3623"}],"wp:attachment":[{"href":"https:\/\/echta-derminga.de\/index.php?rest_route=%2Fwp%2Fv2%2Fmedia&parent=3621"}],"wp:term":[{"taxonomy":"category","embeddable":true,"href":"https:\/\/echta-derminga.de\/index.php?rest_route=%2Fwp%2Fv2%2Fcategories&post=3621"},{"taxonomy":"post_tag","embeddable":true,"href":"https:\/\/echta-derminga.de\/index.php?rest_route=%2Fwp%2Fv2%2Ftags&post=3621"}],"curies":[{"name":"wp","href":"https:\/\/api.w.org\/{rel}","templated":true}]}}