{"id":3781,"date":"2019-05-13T16:37:57","date_gmt":"2019-05-13T15:37:57","guid":{"rendered":"http:\/\/echta-derminga.de\/?p=3781"},"modified":"2019-05-13T16:37:57","modified_gmt":"2019-05-13T15:37:57","slug":"meine-gedanken-zum-wahlplakaten-wald","status":"publish","type":"post","link":"https:\/\/echta-derminga.de\/?p=3781","title":{"rendered":"Meine Gedanken zum &#8222;Wahlplakaten-Wald&#8220;"},"content":{"rendered":"\n<p style=\"font-size:18px\" class=\"has-text-color has-very-dark-gray-color wp-block-paragraph\">Ich fahre mit dem Auto durch den \u201eWahlplakaten-Wald\u201c dort, <strong>\u201eWo das Wir Daheim ist\u201c<\/strong> und mache mir so meine Gedanken. Jede Partei m\u00f6chte die bevorstehende Europa- und Kommunalwahl f\u00fcr sich entscheiden und zuk\u00fcnftig <strong>\u201eAnpacken f\u00fcr unsere Heimat\u201c. <\/strong><\/p>\n\n\n\n<p class=\"wp-block-paragraph\" style=\"font-size:18px\"><strong>In Zeiten des Misstrauens und der Politikverdrossenheit frage ich mich, ob wir unseren Landsleuten nicht Zuviel zumuten. Logisch, Wahlplakate geh\u00f6ren zu jedem Wahlkampf und das ist auch v\u00f6llig in Ordnung. Jedoch frage ich mich, nicht erst seit diesem Jahr, ob es vielleicht des guten schon viel zu viel ist. Auf meiner Fahrt durch unsere Gemeinde finde ich kaum noch eine Stra\u00dfe, in der nicht irgendeine Wahlplakat aufgeh\u00e4ngt wurde. <\/strong><\/p>\n\n\n\n<p class=\"wp-block-paragraph\" style=\"font-size:18px\">Der \u201ePlakaten-Wald\u201c bringt mich ins Gr\u00fcbeln denn ich bin keineswegs besser als die Anderen. Auch ich betreibe Wahlkampf und h\u00e4nge dabei ohne R\u00fccksicht auf Verluste Wahlplakate in den Stra\u00dfen unseres Dorfes auf. Ich stelle mir unweigerlich die Frage, ob wir uns auf dem richtigen Weg befinden. Glauben wir wirklich, dass wir die W\u00e4hler mit einem Plakat beeinflussen k\u00f6nnen. Anders gefragt, glauben wir wirklich, dass wir mit den vielen Plakaten eine Wahl entscheiden k\u00f6nnen. Ich frage mich, wie vielen Menschen h\u00e4tten wir mit dem Geld, das diese Plakate gekostet haben, helfen k\u00f6nnen. Chance verpasst, der Kampf um die beste Stra\u00dfenlampe oder den besten Zaun ist unaufhaltsam im Gange. <\/p>\n\n\n\n<p class=\"wp-block-paragraph\" style=\"font-size:18px\"><strong>Mittlerweile zieren sogar Ortsratskandidaten, die wie ein Minister beworben werden, unsere Ortschaften. Setzen wir vielleicht die falschen Ma\u00dfst\u00e4be? Jede Partei hat das Recht Wahlkampf zu betreiben. Solange man sich an die Richtlinien h\u00e4lt, ist da auch \u00fcberhaupt nichts dagegen einzuwenden. Zudem ist es wichtig zu verdeutlichen, dass jeder politische Ortsverein selbst f\u00fcr die Finanzierung seiner Wahlplakate verantwortlich ist. F\u00fcr die Ortsvereine bedeutet dies einen hohen finanziellen Aufwand mit enormen Anstrengungen. <\/strong><\/p>\n\n\n\n<p class=\"wp-block-paragraph\" style=\"font-size:18px\">Allein <strong>\u201eGr\u00fcn macht den Unterschied\u201c.<\/strong> Es gibt tats\u00e4chlich wenige Parteien, die auf das Plakatieren verzichten. Bringt dieses Verhalten die entscheidenden Prozente? Keine Ahnung. Letztlich geht es jeder Partei darum ihre Werte zu vermitteln. Dabei wollen manche, deren Herz ganz links schl\u00e4gt, <strong>\u201eSozial, gerecht und friedlich\u201c<\/strong> handeln, w\u00e4hrend andere den armen Luther missbrauchen und Populistische Thesen und Unwahrheiten verbreiten. <\/p>\n\n\n\n<p class=\"wp-block-paragraph\" style=\"font-size:18px\">Mir f\u00e4llt\nunwillk\u00fcrlich der Vergleich mit dem Rattenf\u00e4nger zu Hameln ein. Wir d\u00fcrfen\nnicht den Fehler machen und unsere W\u00e4hler f\u00fcr Dumm verkaufen. Das w\u00e4re\ngef\u00e4hrlich und keineswegs eine <strong>\u201eAlternative f\u00fcr Deutschland\u201c<\/strong>. Letztlich geht\nes den meisten Kommunalpolitikern darum ihre Heimat besser zu machen. Denn <strong>\u201eWer seine\nHeimat liebt, macht sie besser\u201c<\/strong>, was aber, wenn es Menschen gibt,\ndenen die Kraft und die M\u00f6glichkeiten fehlen, ihre Heimat besser zu machen?\nHei\u00dft das im Umkehrschluss, dass sie ihre Heimat nicht lieben?<\/p>\n\n\n\n<p class=\"wp-block-paragraph\" style=\"font-size:18px\">Naja, bei der Wahl eines passenden Slogans treffen, die einen den Nagel auf den Kopf w\u00e4hrend die anderen voll daneben liegen. Ich kann nicht behaupten, dass meine Partei hier den Unterschied macht.  Die zahlreichen Wahlplakate bestimmen, mit den Bildern unz\u00e4hliger Kandidatinnen und Kandidaten, den \u00f6ffentlichen Raum. Dabei legen die Parteien besonderen Wert darauf, dass ihre Plakate und Slogans auffallen m\u00fcssen. Nur wer auff\u00e4llt bleibt in guter Erinnerung. Aber was ist gut und was bleibt am Ende h\u00e4ngen? Anders als im Netz kann man bei den Plakaten nicht einfach <strong>\u201eGeFeldmir\u201c<\/strong> dr\u00fccken. Vieles nervt einfach nur und ist v\u00f6llig fehl am Platz. In einem Punkt m\u00fcssen sich alle Demokraten jedoch einig sein: Hetzerische Plakate von Rechtsau\u00dfen haben in unserer Gemeinde nichts verloren. Vielmehr m\u00fcssen wir uns <strong>\u201eNachhaltig, innovativ und voller Energie\u201c<\/strong> bem\u00fchen unsere W\u00e4hler im Gespr\u00e4ch zu \u00fcberzeugen und weniger mit Slogans und Wahlplakaten. Ich f\u00fcr meinen Teil werde das Gef\u00fchl nicht los, dass wir es \u00fcbertreiben\u2026\u2026<\/p>\n","protected":false},"excerpt":{"rendered":"<p>Ich fahre mit dem Auto durch den \u201eWahlplakaten-Wald\u201c dort, \u201eWo das Wir Daheim ist\u201c und mache mir so meine Gedanken. Jede Partei m\u00f6chte die bevorstehende Europa- und Kommunalwahl f\u00fcr sich entscheiden und zuk\u00fcnftig \u201eAnpacken f\u00fcr unsere Heimat\u201c. In Zeiten des Misstrauens und der Politikverdrossenheit frage ich mich, ob wir unseren Landsleuten nicht Zuviel zumuten. Logisch, Wahlplakate geh\u00f6ren zu jedem Wahlkampf<\/p>\n","protected":false},"author":1,"featured_media":3782,"comment_status":"open","ping_status":"closed","sticky":false,"template":"","format":"standard","meta":{"_crdt_document":"","footnotes":""},"categories":[1,9,46],"tags":[665,618,668,666,667,664],"class_list":["post-3781","post","type-post","status-publish","format-standard","has-post-thumbnail","hentry","category-allgemein","category-dorfgetratsche","category-meine-politik","tag-dorfstrassen","tag-gemeinde-eppelborn","tag-kommunalwahlen-2019","tag-parteien","tag-wahlkampf","tag-wahlplakate"],"_links":{"self":[{"href":"https:\/\/echta-derminga.de\/index.php?rest_route=\/wp\/v2\/posts\/3781","targetHints":{"allow":["GET"]}}],"collection":[{"href":"https:\/\/echta-derminga.de\/index.php?rest_route=\/wp\/v2\/posts"}],"about":[{"href":"https:\/\/echta-derminga.de\/index.php?rest_route=\/wp\/v2\/types\/post"}],"author":[{"embeddable":true,"href":"https:\/\/echta-derminga.de\/index.php?rest_route=\/wp\/v2\/users\/1"}],"replies":[{"embeddable":true,"href":"https:\/\/echta-derminga.de\/index.php?rest_route=%2Fwp%2Fv2%2Fcomments&post=3781"}],"version-history":[{"count":7,"href":"https:\/\/echta-derminga.de\/index.php?rest_route=\/wp\/v2\/posts\/3781\/revisions"}],"predecessor-version":[{"id":3789,"href":"https:\/\/echta-derminga.de\/index.php?rest_route=\/wp\/v2\/posts\/3781\/revisions\/3789"}],"wp:featuredmedia":[{"embeddable":true,"href":"https:\/\/echta-derminga.de\/index.php?rest_route=\/wp\/v2\/media\/3782"}],"wp:attachment":[{"href":"https:\/\/echta-derminga.de\/index.php?rest_route=%2Fwp%2Fv2%2Fmedia&parent=3781"}],"wp:term":[{"taxonomy":"category","embeddable":true,"href":"https:\/\/echta-derminga.de\/index.php?rest_route=%2Fwp%2Fv2%2Fcategories&post=3781"},{"taxonomy":"post_tag","embeddable":true,"href":"https:\/\/echta-derminga.de\/index.php?rest_route=%2Fwp%2Fv2%2Ftags&post=3781"}],"curies":[{"name":"wp","href":"https:\/\/api.w.org\/{rel}","templated":true}]}}