{"id":3790,"date":"2019-05-16T20:41:07","date_gmt":"2019-05-16T19:41:07","guid":{"rendered":"http:\/\/echta-derminga.de\/?p=3790"},"modified":"2019-05-16T20:45:33","modified_gmt":"2019-05-16T19:45:33","slug":"dirminger-kulturecke-vom-meier-dorfvogt-und-ortsvorsteher","status":"publish","type":"post","link":"https:\/\/echta-derminga.de\/?p=3790","title":{"rendered":"Dirminger Kulturecke &#8211; Vom Meier, Dorfvogt und Ortsvorsteher"},"content":{"rendered":"\n<p class=\"wp-block-paragraph\" style=\"font-size:18px\"><strong>In der Dirminger\nKulturecke erfahren Sie alles was Sie schon immer \u00fcber Dirmingen wissen wollten\noder wissen sollten. Wussten Sie schon, dass es in Dirmingen seit dem Jahre\n1296 nachweislich einen Meier, Vogt oder Ortsvorsteher gab? Der erste Amtstr\u00e4ger\nder heutigen Gemarkung Dirmingen war ein Mann namens Lucho, im Jahre 1296. <\/strong><\/p>\n\n\n\n<p class=\"wp-block-paragraph\" style=\"font-size:18px\">Aufgrund der Tatsache, dass der Turm unserer evangelischen\nKirche Dirmingen aus dem 12. Jahrhundert stammt, d\u00fcrfen wir heute davon\nausgehen, dass unser Heimatort sich zu dieser Zeit noch in den Kinderstiefeln\nbefand. In unserem Dorf d\u00fcrften damals bestenfalls ein paar H\u00e4user und H\u00f6fe rund\num die Kirche gestanden haben. <\/p>\n\n\n\n<p class=\"wp-block-paragraph\" style=\"font-size:18px\"><strong>Im Mittelalter gab es meistens ein von den Landesherren oder F\u00fcrsten beauftragter Mann der f\u00fcr die Menschen in einer Gemeinde die Verantwortung trug. In den meisten F\u00e4llen wurde dieser Mann Schulthei\u00df, Vogt oder Meier genannt. Dieser Beamte hatte unter anderem die Aufgabe, die geforderten Abgaben f\u00fcr den Landesherren einzutreiben. Meistens war der Meier auch Dorfrichter f\u00fcr sogenannte niedrige Gerichtsbarkeiten. Im Mittelalter wurde zudem zwischen einem Stadtschulzen oder einem Dorfschulzen unterschieden. Ein Schulze hatte die Aufgabe die Aus\u00fcbung der Verwaltungshoheit und die Rechtspflege zu gew\u00e4hrleisten. <\/strong><\/p>\n\n\n\n<p class=\"wp-block-paragraph\" style=\"font-size:18px\">Bis zum Jahr 1600 liegen uns keine weiteren Namen der jeweiligen Meier, Vogte oder Schulthei\u00dfen in der Meierei Dirmingen vor. Das k\u00f6nnte damit zu tun haben, dass diese M\u00e4nner oftmals von den zust\u00e4ndigen Landesherren nach Gutd\u00fcnken eingesetzt wurden. Nach der Reformation erlangte der Titel Meier immer mehr Bedeutung. Ein Meier betrieb f\u00fcr den Grundherrn selbst einen Bauernhof, und beaufsichtigte die h\u00f6rige Bev\u00f6lkerung. Die Aus\u00fcbung der sogenannten grundherrschaftlichen Gerichtsbarkeit, auch Hofrecht genannt, war eines der Hauptaufgaben des Gutsbeamten. Ein Meier war also nichts anderes als ein Amtstr\u00e4ger, der den Grundbesitz eines adligen oder geistlichen Grundherrn verwaltet. Im Jahre 1600 war ein Mann namens Hans Sultzen der amtierende Meier unseres Ortes. <\/p>\n\n\n\n<p class=\"wp-block-paragraph\" style=\"font-size:18px\"><strong>Nach dem 30-j\u00e4hrigen Krieg lag auch unser Heimatort Dirmingen in Schutt und Asche. Es dauerte eine geraume Zeit bis wieder Leben in den Alltag einkehrte. Viele D\u00f6rfer in unserer Region wurden, genauso wie Dirmingen, aufgegeben. Die Menschen, die diesen f\u00fcrchterlichen Krieg \u00fcberlebt hatten, zogen in die St\u00e4dte. In unseren Chroniken lesen wir, dass unmittelbar nach dem Krieg noch ca. 6 Menschen in Dirmingen lebten. Viele Jahre sp\u00e4ter waren es zumindest wieder 14 Einwohner, die sich dazu entschlossen hatten, ein d\u00f6rfliches Leben zu f\u00fchren. Das Dorf erholte sich wieder und bekam auch wieder einen eigenen Meier zugesprochen. Zuvor geh\u00f6rte unser Dorf jedoch im Jahre 1648 mit den Orten Berschweiler, Urexweiler, Uchtelfangen und Gennweiler zu einer Gro\u00df-Meierei. Erst im Jahre 1684 wird unser Dorf erstmals wieder zu einer eigenen Meyerey. Im Jahre 1701 kommen die D\u00f6rfer Hierscheid, Weylerhof und Host (Hosterhof) zur Meyerei Dirmingen. In unseren Chroniken finden wir dann wieder im Jahr 1730 eine Aufzeichnung \u00fcber einen Meier oder Dorfvogt unseres Heimatortes. Bis zum Jahre 1795 wurde unser Dorf von einem Meier verwaltet, danach gab es eine wesentliche Ver\u00e4nderung. Der Dirminger Heintz Georg wurde 1795 zum ersten B\u00fcrgermeister der B\u00fcrgermeisterei Dirmingen ernannt. In den folgenden Jahren fanden wahrscheinlich in regelm\u00e4\u00dfigen Abst\u00e4nden B\u00fcrgermeisterwahlen in unserem Heimatort statt. Die Amtsdauer der B\u00fcrgermeister war dabei sehr unterschiedlich. <\/strong><\/p>\n\n\n\n<p class=\"wp-block-paragraph\" style=\"font-size:18px\">Am 01.Juli 1816 wurden die beiden B\u00fcrgermeistereien Dirmingen und Eppelborn preu\u00dfisch und geh\u00f6rten von diesem Zeitpunkt an zum Kreis Ottweiler (heute Kreis Neunkirchen). Im Jahre 1822 verwaltete ein B\u00fcrgermeister die beiden B\u00fcrgermeistereien Dirmingen und Eppelborn in Personalunion. In den darauffolgenden Jahren war Dirmingen eine eigene B\u00fcrgermeisterei oder wurde von anderer Gemeinde mitverwaltet. Die beiden Weltkriege ver\u00e4nderten nat\u00fcrlich den Lauf der Dinge. In diesen Zeiten war nat\u00fcrlich von demokratischen Wahlen abzusehen. Erst nach dem zweiten Weltkrieg zieht in der Verwaltungsform unseres Heimatortes wieder Normalit\u00e4t ein. <\/p>\n\n\n\n<div class=\"wp-block-image\"><figure class=\"alignleft is-resized\"><img loading=\"lazy\" decoding=\"async\" src=\"https:\/\/echta-derminga.de\/wp-content\/uploads\/2019\/05\/dirmingen377.jpg\" alt=\"\" class=\"wp-image-3794\" width=\"300\" height=\"242\" srcset=\"https:\/\/echta-derminga.de\/wp-content\/uploads\/2019\/05\/dirmingen377.jpg 600w, https:\/\/echta-derminga.de\/wp-content\/uploads\/2019\/05\/dirmingen377-300x242.jpg 300w\" sizes=\"auto, (max-width: 300px) 100vw, 300px\" \/><figcaption>Ehemaliger Dirminger Gemeinderat<\/figcaption><\/figure><\/div>\n\n\n\n<p class=\"wp-block-paragraph\" style=\"font-size:18px\">Der letzte B\u00fcrgermeister Dirmingens war im Jahre 1972 der Dirminger Hermann Bock. Seine Amtszeit endete mit dem Gesetz \u00fcber die Neugliederung der Kreise und Gemeinden vom 19. Dezember 1973, am 01. Januar 1974. Aus den bis dahin 345 saarl\u00e4ndischen Gemeinden wurden damals 50 neue Gemeinden gebildet. Die ehemaligen Gemeinden sind seitdem als Ortsteile, mit eigenen Ortsr\u00e4ten, in den neuen Gemeinden eingegliedert. Unser Heimatort Dirmingen wurde 1974, trotz lautstarker Proteste, in die Gemeinde Eppelborn eingegliedert und verlor somit das eigene Rathaus. Der erste Dirminger Ortsvorsteher der Gemeinde Eppelborn wurde im Jahre 1974 Hans Baltes. Sein Nachfolger wurde im Jahre 1979 Gerhard Wagner. Im Jahre 1997 wurde Rudi Hell zum neuen Ortsvorsteher von Dirmingen gew\u00e4hlt. Die Amtszeit von Rudi Hell dauerte 9 Jahre. Im Jahr 2006 wurde Manfred Klein erstmals Ortsvorsteher in Dirmingen. <\/p>\n\n\n\n<p class=\"wp-block-paragraph\" style=\"font-size:18px\"><strong>Damals wie heute haben Dorfpolitiker nur wenig mit der Bundes- oder Landespolitik zu tun. Letztendlich sind es unsere Nachbarn, die sich ehrenamtlich f\u00fcr die Heimat einsetzen. Bei aller Entt\u00e4uschung \u00fcber die heutigen Politiker sollte man dies nicht vergessen. Am Sonntag, 26. Mai 2019 finden im Saarland Kommunalwahlen statt. Wir sollten uns nicht von der allgemeinen Politikverdrossenheit anstecken lassen und diese Wahl annehmen. Dabei ist jeder v\u00f6llig frei in seiner Entscheidung und kann sein Kreuz dorthin machen wo er es gerne m\u00f6chte. Das ist Demokratie. Frei entscheiden und mitbestimmen. Ein hohes Gut !<\/strong><\/p>\n\n\n\n<figure class=\"wp-block-image\"><img loading=\"lazy\" decoding=\"async\" width=\"644\" height=\"438\" src=\"https:\/\/echta-derminga.de\/wp-content\/uploads\/2019\/05\/dirmingen376-644x438.jpg\" alt=\"\" class=\"wp-image-3796\" srcset=\"https:\/\/echta-derminga.de\/wp-content\/uploads\/2019\/05\/dirmingen376-644x438.jpg 644w, https:\/\/echta-derminga.de\/wp-content\/uploads\/2019\/05\/dirmingen376-300x204.jpg 300w, https:\/\/echta-derminga.de\/wp-content\/uploads\/2019\/05\/dirmingen376.jpg 694w\" sizes=\"auto, (max-width: 644px) 100vw, 644px\" \/><figcaption>Dirmingen hat die Wahl !<\/figcaption><\/figure>\n","protected":false},"excerpt":{"rendered":"<p>In der Dirminger Kulturecke erfahren Sie alles was Sie schon immer \u00fcber Dirmingen wissen wollten oder wissen sollten. Wussten Sie schon, dass es in Dirmingen seit dem Jahre 1296 nachweislich einen Meier, Vogt oder Ortsvorsteher gab? Der erste Amtstr\u00e4ger der heutigen Gemarkung Dirmingen war ein Mann namens Lucho, im Jahre 1296. Aufgrund der Tatsache, dass der Turm unserer evangelischen Kirche<\/p>\n","protected":false},"author":1,"featured_media":3792,"comment_status":"open","ping_status":"closed","sticky":false,"template":"","format":"standard","meta":{"_crdt_document":"","footnotes":""},"categories":[1,2],"tags":[673,672,632,670,669,671],"class_list":["post-3790","post","type-post","status-publish","format-standard","has-post-thumbnail","hentry","category-allgemein","category-kulturecke","tag-buergermeisterei-dirmingen","tag-dorfvogt","tag-gemeinde-dirmingen","tag-gemeindehaus-dirmingen","tag-kommunalwahl-2019","tag-meier"],"_links":{"self":[{"href":"https:\/\/echta-derminga.de\/index.php?rest_route=\/wp\/v2\/posts\/3790","targetHints":{"allow":["GET"]}}],"collection":[{"href":"https:\/\/echta-derminga.de\/index.php?rest_route=\/wp\/v2\/posts"}],"about":[{"href":"https:\/\/echta-derminga.de\/index.php?rest_route=\/wp\/v2\/types\/post"}],"author":[{"embeddable":true,"href":"https:\/\/echta-derminga.de\/index.php?rest_route=\/wp\/v2\/users\/1"}],"replies":[{"embeddable":true,"href":"https:\/\/echta-derminga.de\/index.php?rest_route=%2Fwp%2Fv2%2Fcomments&post=3790"}],"version-history":[{"count":13,"href":"https:\/\/echta-derminga.de\/index.php?rest_route=\/wp\/v2\/posts\/3790\/revisions"}],"predecessor-version":[{"id":3806,"href":"https:\/\/echta-derminga.de\/index.php?rest_route=\/wp\/v2\/posts\/3790\/revisions\/3806"}],"wp:featuredmedia":[{"embeddable":true,"href":"https:\/\/echta-derminga.de\/index.php?rest_route=\/wp\/v2\/media\/3792"}],"wp:attachment":[{"href":"https:\/\/echta-derminga.de\/index.php?rest_route=%2Fwp%2Fv2%2Fmedia&parent=3790"}],"wp:term":[{"taxonomy":"category","embeddable":true,"href":"https:\/\/echta-derminga.de\/index.php?rest_route=%2Fwp%2Fv2%2Fcategories&post=3790"},{"taxonomy":"post_tag","embeddable":true,"href":"https:\/\/echta-derminga.de\/index.php?rest_route=%2Fwp%2Fv2%2Ftags&post=3790"}],"curies":[{"name":"wp","href":"https:\/\/api.w.org\/{rel}","templated":true}]}}