{"id":3843,"date":"2019-05-31T17:59:19","date_gmt":"2019-05-31T16:59:19","guid":{"rendered":"http:\/\/echta-derminga.de\/?p=3843"},"modified":"2019-06-01T07:19:33","modified_gmt":"2019-06-01T06:19:33","slug":"mein-trauriger-blick-auf-das-ergebnis-der-kommunalwahl-2019","status":"publish","type":"post","link":"https:\/\/echta-derminga.de\/?p=3843","title":{"rendered":"Mein trauriger Blick auf das Ergebnis der Kommunalwahl 2019"},"content":{"rendered":"\n<p class=\"wp-block-paragraph\" style=\"font-size:18px\"><strong>\u2026\u2026es hat einige Tage gedauert bis ich das Ergebnis der Kommunalwahlen 2019 fassen konnte.<\/strong><\/p>\n\n\n\n<p class=\"wp-block-paragraph\" style=\"font-size:18px\">Wirklich verkraftet habe ich diese Wahl immer noch nicht. Bestimmt\nm\u00fcssen noch einige Tage und N\u00e4chte vergehen bis ich mit diesem Ergebnis umgehen\nkann.<\/p>\n\n\n\n<p class=\"wp-block-paragraph\" style=\"font-size:18px\"><strong>Damit das hier nicht in die falsche Richtung l\u00e4uft: Als Demokrat muss man ein Wahlergebnis akzeptieren und mit allen Eventualit\u00e4ten umgehen k\u00f6nnen. Die Wahlbeteiligung von 72,3 % in unserer Gemeinde war \u00fcberragend und hat mich sehr gefreut.<\/strong><\/p>\n\n\n\n<p class=\"wp-block-paragraph\" style=\"font-size:18px\">Ich m\u00f6chte mich bei allen W\u00e4hlerinnen und W\u00e4hlern ganz\nherzlich bedanken. Mein Gl\u00fcckwunsch geht an den neuen B\u00fcrgermeister Andreas\nFeld und an die CDU in der Gemeinde Eppelborn. Ganz herzlich gratulieren m\u00f6chte\nich auch dem CDU Ortsverband Dirmingen der einen weiteren Sitz im Ortsrat\ngewonnen hat. Meine Gratulation geht au\u00dferdem an die \u201eGr\u00fcnen\u201c die erstmals in\nden Dirminger Ortsrat einziehen.<\/p>\n\n\n\n<p class=\"wp-block-paragraph\" style=\"font-size:18px\"><strong>Die SPD in der Gemeinde Eppelborn musste hingegen herbe Verluste hinnehmen. Einzig die SPD Wiesbach und die SPD Hierscheid konnten Erfolge verbuchen. Meinen SPD Ortsverein Dirmingen hat es am h\u00e4rtesten getroffen hat. Wir Dirminger Sozialdemokraten mussten bei den diesj\u00e4hrigen Ortsratswahlen \u00fcber 23% Prozent, im Gegensatz zur letzten Kommunalwahl 2014, einb\u00fc\u00dfen. Dieser gewaltige Stimmverlust macht ratlos und traurig. Klar, die Dirminger SPD ist immer noch st\u00e4rkste Kraft in Dirmingen und verf\u00fcgt weiterhin \u00fcber die absolute Mehrheit im Ortsrat. Angesichts der herben Verluste ist dies jedoch nur ein schwacher Trost.<\/strong><\/p>\n\n\n\n<p class=\"wp-block-paragraph\" style=\"font-size:18px\">Ich habe nun einige schlaflose N\u00e4chte hinter mir und muss\nzugeben, dass mich das Ergebnis der diesj\u00e4hrigen Kommunalwahl aus der Bahn\ngeworfen hat. Mit diesem Resultat hatte ich nicht gerechnet. Es wird ein wenig\ndauern bis wir uns von diesem Schock erholt haben. <\/p>\n\n\n\n<p class=\"wp-block-paragraph\" style=\"font-size:18px\"><strong>Nat\u00fcrlich war uns bewusst, dass die CDU Dirmingen mit jungen Leuten einen guten Wahlkampf machen w\u00fcrde und W\u00e4hler mobilisieren kann. Auch die Listenaufstellung der \u201eGr\u00fcnen\u201c, die Bundespolitisch einen enormen H\u00f6henflug erleben und das Comeback der FDP in unserem Dorf haben uns nat\u00fcrlich nachdenklich gemacht. Wir haben damit gerechnet, dass wir das Ergebnis des Jahres 2014 nicht wiederholen werden. Das wir jedoch einen solchen D\u00e4mpfer hinnehmen m\u00fcssen, haben wir nicht gedacht. Dementsprechend war die Stimmung am Wahlabend katastrophal. Bis heute sind wir ratlos und irritiert. Wenn man \u00fcber 20 % der Stimmen verliert, hat man bestimmt nicht alles richtig gemacht. Irgendwo auf dem Weg haben wir etwas liegen gelassen oder \u00fcbersehen. Damit m\u00fcssen wir umgehen und dieses Ergebnis schnellstm\u00f6glich analysieren.<\/strong><\/p>\n\n\n\n<p class=\"wp-block-paragraph\" style=\"font-size:18px\">Ziel muss es sein, dieses Ergebnis aufzuarbeiten und unsere kommunalpolitische Arbeit zu verbessern. Bei diesen Wahlen ist es uns offensichtlich nicht gelungen alle B\u00fcrgerinnen und B\u00fcrger zu erreichen oder bestenfalls zu \u00fcberzeugen. Wir sind unseren W\u00e4hlerinnen und W\u00e4hlern verpflichtet es zuk\u00fcnftig besser zu machen. Nur wo setzen wir an und wie legen wir den Hebel um?<\/p>\n\n\n\n<p class=\"wp-block-paragraph\" style=\"font-size:18px\"><strong>Man muss uns nicht m\u00f6gen, aber wir haben in den letzten Jahren vieles f\u00fcr Dirmingen erreicht. Eine Best\u00e4tigung f\u00fcr unsere Bem\u00fchungen blieb uns jedoch verwehrt. Scheinbar reicht es nicht mehr aus Wahlversprechen zu halten und eine b\u00fcrgernahe Politik zu betreiben. Immerhin haben wir in den letzten 5 Jahren zahlreiche Wahlversprechen in die Tat umgesetzt. Der Neubau der Kita Dirmingen, die Einrichtung eines Jugendzentrums, die Fertigstellung eines Bahnhofsparklatzes, die geplanten Investitionen in den Br\u00fchlpark, Unwetterpr\u00e4vention, Beteiligung und Unterst\u00fctzung an allen Vereinsfesten, R\u00fcckgrat des Kulturvereins Dirmingen und F\u00f6rderung der Kulturlandschaft. Dies alles hat am Ende nichts genutzt! Zudem hat die SPD Ortsratsfraktion in den letzten 5 Jahren fast \u00fcber 20 Antr\u00e4ge eingereicht, von denen eine Vielzahl auch umgesetzt wurden. <\/strong><\/p>\n\n\n\n<p class=\"wp-block-paragraph\" style=\"font-size:18px\">Egal jetzt, nachkarten bringt nichts! Wir m\u00fcssen das Votum\nder W\u00e4hlerinnen und W\u00e4hler akzeptieren und daraus unsere Schl\u00fcsse ziehen. Auf\nder anderen Seite sind wir aber auch Menschen. Ich muss ehrlich zugestehen,\ndass dieses Wahlergebnis schmerzt. Unser Ortsvorsteher Manfred Klein tut mir\nleid. Wir haben in den letzten Jahren vieles investiert und dabei\noffensichtlich so manches \u00fcbersehen.<\/p>\n\n\n\n<p class=\"wp-block-paragraph\" style=\"font-size:18px\"><strong>Die Wahlniederlage unserer B\u00fcrgermeisterin Birgit M\u00fcller-Closset hat uns einen weiteren Schlag versetzt. Bis zum Wahlsonntag gingen wir von einem offenen Rennen aus, dessen Ende offen schien. Das Birgit M\u00fcller-Closset am Ende so deutlich abgestraft wurde und bei lediglich 27 % der Stimmanteile landete, machte uns ratlos. Nein, eine derma\u00dfen harte Niederlage hat Birgit M\u00fcller-Closset nicht verdient. Mir erscheint diese Klatsche wahrhaftig zu hart und etwas \u00fcberzogen. Birgit M\u00fcller-Closset hatte es in unserer Gemeinde von Beginn an sehr schwer gehabt und wurde nie richtig akzeptiert. Von ihren Errungenschaften als B\u00fcrgermeisterin wird ihr Nachfolger profilieren.<\/strong><\/p>\n\n\n\n<p class=\"wp-block-paragraph\" style=\"font-size:18px\">Nein, Nachkarten bringt nichts, nachtreten auch nicht! Auf\neinen am Boden liegenden politischen Mitbewerber zu schimpfen und ihn als unqualifiziert\nzu bezeichnen geh\u00f6rt sich nicht und hat mit Anstand nichts zu tun. <\/p>\n\n\n\n<p class=\"wp-block-paragraph\" style=\"font-size:18px\">Als Kommunalpolitiker muss man mit Wahlergebnissen umgehen\nk\u00f6nnen. Ich werde jedoch das Gef\u00fchl nicht los, dass hinter diesem Ergebnis\nweitaus mehr steckt. <\/p>\n\n\n\n<p class=\"wp-block-paragraph\" style=\"font-size:18px\">Alle 5 Jahre w\u00e4hlen wir unsere Vertreter f\u00fcr die kommunalen\nGremien wie Orts- und Gemeinderat. Man sagt: Kommunalwahlen sind Pers\u00f6nlichkeitswahlen!\nGenau das macht diese Angelegenheit so emotional. Offensichtlich haben wir bei\nvielen Bekannten und Freunden Vertrauen verloren. Schade.<\/p>\n\n\n\n<p class=\"wp-block-paragraph\" style=\"font-size:18px\"><strong>Auf der anderen Seite haben wir mit 50,9 % die Mehrheit im Ortsrat und immerhin drei Vertreter der Dirminger SPD im Gemeinderat. Zudem werden wir auch zuk\u00fcnftig des Ortsvorsteher unseres Heimatortes stellen. Das wiederum bedeutet im Umkehrschluss, dass immer noch viele Menschen in Dirmingen an uns glauben. In den letzten Tagen nach der Wahl hatte ich viele gute, interessante und aufbauende Gespr\u00e4che. Vielleicht muss es erst wehtun bevor es gut wird\u2026\u2026<\/strong><\/p>\n","protected":false},"excerpt":{"rendered":"<p>\u2026\u2026es hat einige Tage gedauert bis ich das Ergebnis der Kommunalwahlen 2019 fassen konnte. Wirklich verkraftet habe ich diese Wahl immer noch nicht. Bestimmt m\u00fcssen noch einige Tage und N\u00e4chte vergehen bis ich mit diesem Ergebnis umgehen kann. Damit das hier nicht in die falsche Richtung l\u00e4uft: Als Demokrat muss man ein Wahlergebnis akzeptieren und mit allen Eventualit\u00e4ten umgehen k\u00f6nnen.<\/p>\n","protected":false},"author":1,"featured_media":3845,"comment_status":"open","ping_status":"closed","sticky":false,"template":"","format":"standard","meta":{"_crdt_document":"","footnotes":""},"categories":[1,9,46],"tags":[437,674,669,439,675],"class_list":["post-3843","post","type-post","status-publish","format-standard","has-post-thumbnail","hentry","category-allgemein","category-dorfgetratsche","category-meine-politik","tag-borrwieshalle","tag-europawahl-dirmingen","tag-kommunalwahl-2019","tag-spd-dirmingen","tag-wahlbeteiligung"],"_links":{"self":[{"href":"https:\/\/echta-derminga.de\/index.php?rest_route=\/wp\/v2\/posts\/3843","targetHints":{"allow":["GET"]}}],"collection":[{"href":"https:\/\/echta-derminga.de\/index.php?rest_route=\/wp\/v2\/posts"}],"about":[{"href":"https:\/\/echta-derminga.de\/index.php?rest_route=\/wp\/v2\/types\/post"}],"author":[{"embeddable":true,"href":"https:\/\/echta-derminga.de\/index.php?rest_route=\/wp\/v2\/users\/1"}],"replies":[{"embeddable":true,"href":"https:\/\/echta-derminga.de\/index.php?rest_route=%2Fwp%2Fv2%2Fcomments&post=3843"}],"version-history":[{"count":4,"href":"https:\/\/echta-derminga.de\/index.php?rest_route=\/wp\/v2\/posts\/3843\/revisions"}],"predecessor-version":[{"id":3848,"href":"https:\/\/echta-derminga.de\/index.php?rest_route=\/wp\/v2\/posts\/3843\/revisions\/3848"}],"wp:featuredmedia":[{"embeddable":true,"href":"https:\/\/echta-derminga.de\/index.php?rest_route=\/wp\/v2\/media\/3845"}],"wp:attachment":[{"href":"https:\/\/echta-derminga.de\/index.php?rest_route=%2Fwp%2Fv2%2Fmedia&parent=3843"}],"wp:term":[{"taxonomy":"category","embeddable":true,"href":"https:\/\/echta-derminga.de\/index.php?rest_route=%2Fwp%2Fv2%2Fcategories&post=3843"},{"taxonomy":"post_tag","embeddable":true,"href":"https:\/\/echta-derminga.de\/index.php?rest_route=%2Fwp%2Fv2%2Ftags&post=3843"}],"curies":[{"name":"wp","href":"https:\/\/api.w.org\/{rel}","templated":true}]}}