{"id":3880,"date":"2019-06-08T13:13:01","date_gmt":"2019-06-08T12:13:01","guid":{"rendered":"http:\/\/echta-derminga.de\/?p=3880"},"modified":"2019-06-08T13:36:58","modified_gmt":"2019-06-08T12:36:58","slug":"3880","status":"publish","type":"post","link":"https:\/\/echta-derminga.de\/?p=3880","title":{"rendered":"Mehr Feuer und Flamme sein &#8211; Gl\u00fcckwunsch&#8216; Kirche"},"content":{"rendered":"\n<p class=\"wp-block-paragraph\" style=\"font-size:18px\"><strong><em>\u201eUnd als der Pfingsttag gekommen war, waren sie alle\nbeieinander an einem Ort. Und es geschah pl\u00f6tzlich ein Brausen vom Himmel wie\nvon einem gewaltigen Sturm und erf\u00fcllte das ganze Haus, in dem sie sa\u00dfen.<\/em><\/strong><strong><em> Und es\nerschienen ihnen Zungen, zerteilt und wie von Feuer, und setzten sich auf einen\njeden von ihnen, und sie wurden alle erf\u00fcllt von dem Heiligen Geist und fingen\nan zu predigen in anderen Sprachen, wie der Geist ihnen zu reden eingab.\u201c\nApostelgeschichte 2: 1-2-3-4<\/em><\/strong><\/p>\n\n\n\n<p style=\"font-size:18px\" class=\"has-text-color has-very-dark-gray-color wp-block-paragraph\">\u201eFeuer und Flamme sein und f\u00fcr eine Sache brennen\u201c. Vielleicht wird diese bekannte Redewendung von der Pfingstgeschichte, aus dem Neuen Testament, abgeleitet. Immerhin waren es vor \u00fcber 2000 Jahren Feuer- und Flammenzungen die auf die J\u00fcnger Jesu herabkamen und sie mit dem heiligen Geist erf\u00fcllten. Was ist 2000 Jahre sp\u00e4ter davon geblieben?<\/p>\n\n\n\n<p class=\"wp-block-paragraph\" style=\"font-size:18px\"><strong>An Pfingsten feiern Christen den Geburtstag der Kirche. Einer Umfrage zufolge, wissen die wenigsten dar\u00fcber Bescheid und k\u00f6nnen mit der Geburtsstunde der Kirche \u00fcberhaupt nichts anfangen. In Zeiten in denen Menschen das ach so heilige christlichen Abendland loben und selbst nicht mehr wissen was wir eigentlich feiern, sollte folgende Frage erlaubt sein: Quo Vadis Kirche? <\/strong><\/p>\n\n\n\n<p class=\"wp-block-paragraph\" style=\"font-size:18px\">Pfingsten ist ein guter Zeitpunkt, um sich zu erinnern, dass\ndie Kirche Grenzen und Sprachbarrieren \u00fcberwinden kann. Gerade zu Pfingsten\ngeht es nicht darum, wer am besten glaubt. Wichtig ist, dass man glaubt. Pfingsten\nist das Fest des Heiligen Geistes, der Geburtstag der Kirche und dar\u00fcber hinaus\nauch ein Fest des Fr\u00fchlings. Es ist schon mal ein Vorteil, wenn man \u00fcberhaupt wei\u00df\nwas an Pfingsten gefeiert wird.<\/p>\n\n\n\n<p class=\"wp-block-paragraph\" style=\"font-size:18px\">Zehntausende treten Jahr f\u00fcr Jahr aus der Kirche aus. Dabei spielt, laut einer Studie, die Kirchensteuer noch die geringste Rolle. Ich glaube vielmehr, dass die Kirche sich in den letzten Jahren von der Basis und damit von ihren Sch\u00e4fchen entfernt hat.<\/p>\n\n\n\n<p style=\"font-size:18px\" class=\"has-text-color has-vivid-red-color wp-block-paragraph\"><strong><em>Feuer und Flamme sein und f\u00fcr eine Sache brennen<\/em><\/strong><\/p>\n\n\n\n<p class=\"wp-block-paragraph\" style=\"font-size:18px\">Brennen wir Christen noch f\u00fcr unseren Glauben? Sind wir noch Feuer und Flamme f\u00fcr die Institution Kirche? Ein schlauer Mann hat mir mal gesagt: \u201eF\u00fcr meinen Glauben an Christus ben\u00f6tige ich keine Institution Kirche\u201c. War das der Plan von Jesus Christus? Wollte Jesus eine solche Kirche? Ich glaube nicht. Warum sollten wir als Christen so weitermachen wie bisher und an der Institution Kirche festhalten? <\/p>\n\n\n\n<p class=\"wp-block-paragraph\" style=\"font-size:18px\"><strong>Heiraten kann man heute auch auf dem Standesamt, Kultur gibt es im Theater oder Kino, Geschichte kann man im Museum genie\u00dfen, Zusammenhalt, Miteinander und Geselligkeit gibt es im Verein oder finde ich im Sport. Wenn ich Probleme habe gehe ich nicht mehr zum Pfarrer, sondern besuche meinen Psychotherapeuten. Wozu also Kirche? <\/strong><\/p>\n\n\n\n<p class=\"wp-block-paragraph\" style=\"font-size:18px\">Sind wir noch Feuer und Flamme f\u00fcr unseren Glauben? Wenn ich an meine eigene Gemeinde denke, frage ich mich schon ob der liebe Gott manchmal eine Brille braucht. Ist das jetzt Gottesl\u00e4sterung? Nein, den Gott, an den ich glaube, tr\u00e4gt viele Dinge mit Humor und wei\u00df Worte richtig einzusch\u00e4tzen. Ich halte es diesbez\u00fcglich mit Luther der sagte:<strong>\u201c Wie du an Gott glaubst, so hast du ihn. Glaubst du, da\u00df er g\u00fctig und barmherzig ist, so wirst du ihn so haben\u201c.<\/strong><\/p>\n\n\n\n<p class=\"wp-block-paragraph\" style=\"font-size:18px\">Aber es stimmt schon, warum betreiben wir als Kirche einen solchen Aufwand und niemand interessiert das? Erreichen wir noch unsere Gemeindeglieder? Die aktuellen Besucherzahlen der sonnt\u00e4glichen Gottesdienste erlauben zumindest gro\u00dfe Zweifel. <\/p>\n\n\n\n<p style=\"font-size:18px\" class=\"has-text-color has-vivid-red-color wp-block-paragraph\"><strong><em>Feuer und Flamme sein und f\u00fcr eine Sache brennen. <\/em><\/strong><\/p>\n\n\n\n<div class=\"wp-block-image\"><figure class=\"alignleft is-resized\"><img loading=\"lazy\" decoding=\"async\" src=\"https:\/\/echta-derminga.de\/wp-content\/uploads\/2019\/06\/20160326_112357-644x477.jpg\" alt=\"\" class=\"wp-image-3889\" width=\"322\" height=\"239\" srcset=\"https:\/\/echta-derminga.de\/wp-content\/uploads\/2019\/06\/20160326_112357-644x477.jpg 644w, https:\/\/echta-derminga.de\/wp-content\/uploads\/2019\/06\/20160326_112357-300x222.jpg 300w, https:\/\/echta-derminga.de\/wp-content\/uploads\/2019\/06\/20160326_112357.jpg 700w\" sizes=\"auto, (max-width: 322px) 100vw, 322px\" \/><\/figure><\/div>\n\n\n\n<p class=\"wp-block-paragraph\" style=\"font-size:18px\">Auf der anderen Seite gibt es noch viele Menschen, denen das Wohl der eigenen Kirchengemeinde am Herzen liegt. Da ist eine liebe Frau, die das Herz einer L\u00f6win hat und sich, obwohl sie genug mit ihrer Selbstst\u00e4ndigkeit und ihrer Familie zu tun hat, viele Gedanken um die Zukunft unserer Gemeinde macht. Da ist ein Mann der eigentlich keine Zeit f\u00fcr eine F\u00fchrungsposition findet und diese am Ende doch \u00fcbernommen hat. Da ist ein anderer Mann der, obwohl er selbstst\u00e4ndig ist und kaum Zeit hat, wichtige handwerkliche T\u00e4tigkeiten f\u00fcr die Gemeinde aus\u00fcbt. Was treibt diese Menschen an? Warum tun sie das und wei\u00df die Institution Kirche das zu sch\u00e4tzen?<\/p>\n\n\n\n<p class=\"wp-block-paragraph\" style=\"font-size:18px\"><strong>Kirche ist eben auch Tradition und Kultur. Ich glaube, dass diese Menschen daran interessiert sind, die Kirche im Dorf zu lassen. F\u00fcr viele Gemeindeglieder ist der Erhalt der eigenen Kirchengemeinde eine emotionale Angelegenheit. Dabei geht es nicht nur um die Institution Kirche, sondern auch um das Geb\u00e4ude und die damit verbundenen eigene Geschichte. In dieser Kirche wurde ich getauft, konfirmiert, habe geheiratet und habe mein Familienmitglied beerdigt. Ja, stimmt, wir sollten die Kirche im Dorf lassen. Ganz anders ist dies mit der Kirchenverwaltung. Diesbez\u00fcglich frage ich mich schon mal \u00f6fters, ob unsere Kirchenspitze noch gen\u00fcgend Kontakt zur eigenen Basis pflegt. Beispiele daf\u00fcr gibt es in beiden gro\u00dfen Konfessionen zu gen\u00fcge.<\/strong><\/p>\n\n\n\n<p class=\"wp-block-paragraph\" style=\"font-size:18px\">Der R\u00fcckgang der Gemeindeglieder bedeutet im Umkehrschluss aber auch, dass zahlreiche Kirchengeb\u00e4uden umgenutzt werden, Gemeinden fusionieren m\u00fcssen und Pfarreien geschlossen werden. Ist das wirklich im Sinne der Kirche? <\/p>\n\n\n\n<blockquote class=\"wp-block-quote is-layout-flow wp-block-quote-is-layout-flow\"><p><strong><em>\u201eDenn wo zwei oder drei versammelt sind in meinem Namen, da bin ich mitten unter ihnen\u201c.<\/em><\/strong><\/p><cite> <strong><em> Matth\u00e4us 18:20<\/em><\/strong> <\/cite><\/blockquote>\n\n\n\n<p class=\"wp-block-paragraph\" style=\"font-size:18px\">Ich w\u00fcnsche mir eine offene, tolerante, zeitgem\u00e4\u00dfe Kirche.\nEine Kirche, die sich selbst nicht so wichtig nimmt und die Menschen wieder in\nden Vordergrund r\u00fcckt. Ich w\u00fcnsche mir eine junge, moderne Kirche, die unsere\nKinder und Jugendliche wieder anspricht. Ich w\u00fcnsche mir eine starke und\ngefestigt Kirche, die ihr Augenmerk auf die Bibel richtet und nicht auf\nfestgefahrene Strukturen. <\/p>\n\n\n\n<div class=\"wp-block-image\"><figure class=\"alignleft is-resized\"><img loading=\"lazy\" decoding=\"async\" src=\"https:\/\/echta-derminga.de\/wp-content\/uploads\/2019\/06\/2-1-644x429.jpg\" alt=\"\" class=\"wp-image-3891\" width=\"322\" height=\"215\" srcset=\"https:\/\/echta-derminga.de\/wp-content\/uploads\/2019\/06\/2-1-644x429.jpg 644w, https:\/\/echta-derminga.de\/wp-content\/uploads\/2019\/06\/2-1-300x200.jpg 300w, https:\/\/echta-derminga.de\/wp-content\/uploads\/2019\/06\/2-1-768x512.jpg 768w, https:\/\/echta-derminga.de\/wp-content\/uploads\/2019\/06\/2-1.jpg 800w\" sizes=\"auto, (max-width: 322px) 100vw, 322px\" \/><\/figure><\/div>\n\n\n\n<p class=\"wp-block-paragraph\" style=\"font-size:18px\"><strong>Es kann doch nicht im Interesse der Kirche sein, Pfarrstellen zu halbieren und Gottesh\u00e4user zu schlie\u00dfen. Die Zahl der ungenutzten Kirchen in Deutschland steigt und auch unser Dorf muss sich irgendwann mit diesem Thema besch\u00e4ftigen. Immer mehr Gemeinden m\u00fcssen \u00fcber die Zukunft ihrer Kirchengeb\u00e4uden beraten. Die letztliche Entscheidung \u00fcber Umnutzung, Verkauf oder Abriss erfordert Fingerspitzengef\u00fchl. In fast allen Landeskirchen der Evangelischen Kirche in Deutschland mussten bereits Kirchen aufgegeben werden. Die Zahl der Umwidmungen ist ansteigend. Nach Ansicht von Experten wird das Problem ungenutzter und leerstehender Kirchen in den kommenden Jahrzehnten noch gr\u00f6\u00dfer werden. <\/strong><\/p>\n\n\n\n<p class=\"wp-block-paragraph\" style=\"font-size:18px\">Bei unseren Freunden von der katholischen Kirche ist der\nSachverhalt nicht viel anders. Die Zusammenlegung der einzelnen Pfarrgemeinden\nschadet aus meiner Sicht den Christen vor Ort. Das was viele Menschen in\nehrenamtlicher Kleinarbeit aufgearbeitet haben wird einfach unter den Teppich\ngekehrt. Wo bleibt das Verst\u00e4ndnis f\u00fcr die Basis?<\/p>\n\n\n\n<p style=\"font-size:18px\" class=\"has-text-color has-vivid-red-color wp-block-paragraph\"><strong><em>Feuer und Flamme sein und f\u00fcr eine Sache brennen.<\/em><\/strong><\/p>\n\n\n\n<p class=\"wp-block-paragraph\" style=\"font-size:18px\">Ich frage mich, was w\u00fcrde Jesus \u00fcber den heutigen Zustand\nseiner Kirche sagen? Ich glaube, es w\u00e4re ihm egal. F\u00fcr Jesus spielen Bauten,\nInstitutionen und Positionen keine Rolle. Jesus w\u00fcrde sich vielmehr w\u00fcnschen,\ndass wir wieder sein Wort lehren und verbreiten. Genau das ist die Aufgabe zu\nPfingsten.<\/p>\n\n\n\n<blockquote class=\"wp-block-quote is-layout-flow wp-block-quote-is-layout-flow\"><p><strong><em>\u201e\u2026und lehret sie halten alles, was ich euch befohlen habe. Und siehe, ich bin bei euch alle Tage bis an der Welt Ende\u201c. <\/em><\/strong><\/p><cite> <strong><em>Matthaeus 28:20<\/em><\/strong> <\/cite><\/blockquote>\n\n\n\n<p class=\"wp-block-paragraph\" style=\"font-size:18px\">Aber auch dieser Aufgabe werden wir nicht mehr gerecht. Ich komme mal wieder zu meinem Lieblingsthema: Wir fordern den Erhalt unseres christlichen Abendlandes, unserer Kultur und unserer Identit\u00e4t und kennen uns im eigenen Laden kaum noch aus. \u00dcber 60 % der Jugendlichen antworten auf eine Umfrage, dass die Kirche ihnen keine Antworten f\u00fcr die Zukunft bietet. Au\u00dferdem kennen \u00fcber 60 % der Deutschen nicht den Ursprung aller christlichen Feiertage. Abschlie\u00dfend erspare ich uns die Info dar\u00fcber, wie viele Deutsche \u00fcberhaupt noch wissen, was wir eigentlich an Ostern feiern. Quo Vadis Kirche oder soll ich fragen: Quo Vadis Christentum?<\/p>\n\n\n\n<p style=\"font-size:18px\" class=\"has-text-color has-vivid-red-color wp-block-paragraph\"><em><strong>Feuer und Flamme sein und f\u00fcr eine Sache brennen.<\/strong><\/em><\/p>\n\n\n\n<div class=\"wp-block-image\"><figure class=\"alignleft is-resized\"><img loading=\"lazy\" decoding=\"async\" src=\"https:\/\/echta-derminga.de\/wp-content\/uploads\/2019\/06\/44-644x429.jpg\" alt=\"\" class=\"wp-image-3893\" width=\"322\" height=\"215\" srcset=\"https:\/\/echta-derminga.de\/wp-content\/uploads\/2019\/06\/44-644x429.jpg 644w, https:\/\/echta-derminga.de\/wp-content\/uploads\/2019\/06\/44-300x200.jpg 300w, https:\/\/echta-derminga.de\/wp-content\/uploads\/2019\/06\/44.jpg 700w\" sizes=\"auto, (max-width: 322px) 100vw, 322px\" \/><\/figure><\/div>\n\n\n\n<p class=\"wp-block-paragraph\" style=\"font-size:18px\"><strong>Ein gro\u00dfes Problem beginnt schon im Kindergarten oder in der Schule. In vielen Bundesl\u00e4ndern besuchen immer weniger Sch\u00fcler einen konfessionellen Religionsunterricht. Hingegen steigt bei vielen Menschen das Interesse an einem Ethikunterricht. Der Religionsunterricht ist aus der Mode geraten. Das Schulfach Religion wurde in den letzten Jahren immer mehr in Frage gestellt. Da haben wir es wieder: Wir verurteilen den schleichenden Tot unserer Kultur und sind nicht in der Lage den Kindern unsere Werte beizubringen. Wie soll da noch Kirche und Glauben funktionieren ?<\/strong><\/p>\n\n\n\n<p class=\"wp-block-paragraph\" style=\"font-size:18px\">Kirche hat immer auch was mit der eigenen Identit\u00e4t zu tun. Wenn wir es nicht schaffen uns auf das wesentliche zu konzentrieren und die Basis zu st\u00e4rken, ist es um die Zukunft vieler Gemeinden schlecht bestellt. Zusammenlegungen von Kirchengemeinden schaden mehr als sie gut tun und Streichungen von Pfarrstellen leiten das langsame Sterben einer Gemeinde ein. <\/p>\n\n\n\n<p style=\"font-size:18px\" class=\"has-text-color has-vivid-red-color wp-block-paragraph\"><strong><em>Feuer und Flamme sein und f\u00fcr eine Sache brennen. <\/em><\/strong><\/p>\n\n\n\n<p class=\"wp-block-paragraph\" style=\"font-size:18px\">Rot ist die Farbe der Kirche. Rot ist die Farbe des Feuers,\nder Liebe, der Kraft Gottes und des Heiligen Geistes. Die Apostelgeschichte berichtet:\n\u201eUnd es erschienen Zungen, zerteilt wie von Feuer\u201c.<\/p>\n\n\n\n<p class=\"wp-block-paragraph\" style=\"font-size:18px\"><strong>Ich w\u00fcnsche mir, dass wir wieder Feuer und Flamme sind und f\u00fcr unsere Kirche brennen. Ich w\u00fcnsche mir, dass Verwaltung und Finanzen hintenangestellt werden und vielmehr als Mittel zum Zweck dienen. Ich w\u00fcnsche mir, dass die Menschen wieder den Glauben und damit auch die eigene Kirche annehmen. Der Kirche selbst w\u00fcnsche ich Einkehr und Umkehr oder in der modernden Sprache: Back to the roods.<\/strong><\/p>\n\n\n\n<p class=\"wp-block-paragraph\" style=\"font-size:18px\"><strong>Herzlichen Gl\u00fcckwunsch zum Geburtstag Kirche. Ich w\u00fcnsche dir viel Gl\u00fcck und Gesundheit&#8230;&#8230;du kannst es gut gebrauchen !<\/strong><\/p>\n","protected":false},"excerpt":{"rendered":"<p>\u201eUnd als der Pfingsttag gekommen war, waren sie alle beieinander an einem Ort. Und es geschah pl\u00f6tzlich ein Brausen vom Himmel wie von einem gewaltigen Sturm und erf\u00fcllte das ganze Haus, in dem sie sa\u00dfen. Und es erschienen ihnen Zungen, zerteilt und wie von Feuer, und setzten sich auf einen jeden von ihnen, und sie wurden alle erf\u00fcllt von dem<\/p>\n","protected":false},"author":1,"featured_media":3888,"comment_status":"closed","ping_status":"closed","sticky":false,"template":"","format":"standard","meta":{"_crdt_document":"","footnotes":""},"categories":[1,47],"tags":[679,265,158,457,678,260],"class_list":["post-3880","post","type-post","status-publish","format-standard","has-post-thumbnail","hentry","category-allgemein","category-meine-kirche","tag-bibel","tag-geburtstag-der-kirche","tag-kirche","tag-kirchengemeinde","tag-kirchliche-feiertage","tag-pfingsten"],"_links":{"self":[{"href":"https:\/\/echta-derminga.de\/index.php?rest_route=\/wp\/v2\/posts\/3880","targetHints":{"allow":["GET"]}}],"collection":[{"href":"https:\/\/echta-derminga.de\/index.php?rest_route=\/wp\/v2\/posts"}],"about":[{"href":"https:\/\/echta-derminga.de\/index.php?rest_route=\/wp\/v2\/types\/post"}],"author":[{"embeddable":true,"href":"https:\/\/echta-derminga.de\/index.php?rest_route=\/wp\/v2\/users\/1"}],"replies":[{"embeddable":true,"href":"https:\/\/echta-derminga.de\/index.php?rest_route=%2Fwp%2Fv2%2Fcomments&post=3880"}],"version-history":[{"count":28,"href":"https:\/\/echta-derminga.de\/index.php?rest_route=\/wp\/v2\/posts\/3880\/revisions"}],"predecessor-version":[{"id":3912,"href":"https:\/\/echta-derminga.de\/index.php?rest_route=\/wp\/v2\/posts\/3880\/revisions\/3912"}],"wp:featuredmedia":[{"embeddable":true,"href":"https:\/\/echta-derminga.de\/index.php?rest_route=\/wp\/v2\/media\/3888"}],"wp:attachment":[{"href":"https:\/\/echta-derminga.de\/index.php?rest_route=%2Fwp%2Fv2%2Fmedia&parent=3880"}],"wp:term":[{"taxonomy":"category","embeddable":true,"href":"https:\/\/echta-derminga.de\/index.php?rest_route=%2Fwp%2Fv2%2Fcategories&post=3880"},{"taxonomy":"post_tag","embeddable":true,"href":"https:\/\/echta-derminga.de\/index.php?rest_route=%2Fwp%2Fv2%2Ftags&post=3880"}],"curies":[{"name":"wp","href":"https:\/\/api.w.org\/{rel}","templated":true}]}}