{"id":3918,"date":"2019-06-10T13:30:08","date_gmt":"2019-06-10T12:30:08","guid":{"rendered":"http:\/\/echta-derminga.de\/?p=3918"},"modified":"2019-06-10T13:45:30","modified_gmt":"2019-06-10T12:45:30","slug":"alles-neu-in-der-gemeinde-neines-war-nicht-alles-schlecht","status":"publish","type":"post","link":"https:\/\/echta-derminga.de\/?p=3918","title":{"rendered":"Alles neu in der Gemeinde? \u2013 Nein, es war nicht alles schlecht!"},"content":{"rendered":"\n<p class=\"wp-block-paragraph\" style=\"font-size:18px\"><strong>Die Kommunalwahlen 2019 sind Geschichte und inzwischen\nhat man sich mit den Ergebnissen abgefunden. Die konstituierenden Sitzungen der\nOrtsr\u00e4te und des neuen Gemeinderates findet im August statt. Die Zukunft\nunseres Landes und bestimmt auch unserer Gemeinde wird zuk\u00fcnftig verst\u00e4rkt\n\u201eGr\u00fcn\u201c beeinflusst. Zugegeben diese Farbe ist mir definitiv lieber als Schwarz,\nGelb oder im schlimmsten Fall Braun. <\/strong><\/p>\n\n\n\n<p class=\"wp-block-paragraph\" style=\"font-size:18px\">Die SPD hat ihre Quittung und ihren Denkzettel erhalten. Ich\ndenke, meine Partei ist gut beraten sich zuk\u00fcnftig neu zu ordnen und\naufzustellen. <\/p>\n\n\n\n<p class=\"wp-block-paragraph\" style=\"font-size:18px\"><strong>Die CDU wird im neuen Gemeinderat \u00fcber die absolute\nMehrheit verf\u00fcgen. Ob dies f\u00fcr die Demokratie des Rates gut ist bleibt abzuwarten.\nDie Oppositionsparteien ben\u00f6tigen zuk\u00fcnftig gute Argumente und ein lautes\nSprachrohr. Eine gute Opposition ist wichtig, wobei man noch nicht wei\u00df, wie\nsich die Oppositionsparteien aufstellen werden. Wie reagiert im Zweifelsfall\ndie FDP &#8211; die in der Regel ja eher den Konservativen zugeneigt ist &#8211; und wie\nreagiert die AFD? Es k\u00f6nnte passieren, dass die \u201elinke\u201c Seite des Rates kleiner\nwird als bisher erwartet. Dabei stellt sich mir die Frage: Sind die Gr\u00fcnen\n\u00fcberhaupt noch eine linke Partei und haben wir als SPD \u00fcberhaupt noch eine\nlinke Kante? Die Zukunft wird es zeigen.<\/strong><\/p>\n\n\n\n<p class=\"wp-block-paragraph\" style=\"font-size:18px\">Ganz anders ist es in den Ortsr\u00e4ten. Auch dort wurden andere\nParteien gew\u00e4hlt und haben die Machtverh\u00e4ltnisse aufgewirbelt. Bei uns in\nDirmingen sitzen nun die \u201eGr\u00fcnen\u201c im Ortsrat. Diese Wahl hat der Dirminger SPD\nmit Sicherheit mehr Stimmen gekostet als der CDU Dirmingen. Wobei, so ganz\nsicher kann man sich da nicht sein. Wenn man sich das Wahlergebnis mal genau anschaut,\nstellt man fest, dass die Dirminger SPD zwar deutlich verloren hat, aber die\nCDU Dirmingen, die offensichtlich ihre Stammw\u00e4hler zur\u00fcckgewinnen konnte,\nlediglich einen Sitz dazu gewinnen konnte.<\/p>\n\n\n\n<p class=\"wp-block-paragraph\" style=\"font-size:18px\">Die Gr\u00fcnen geh\u00f6ren in Dirmingen zu den Gewinnern der\nKommunalwahl 2019. Die FDP hingegen hat den Einzug in den Ortsrat nur knapp\nverpasst. Interessant w\u00e4re es zu wissen, wohin die Stimmen der FDP im\nZweifelsfall gegangen w\u00e4ren und welche Partei bei einem Einzug der Liberalen\neinen Platz verloren h\u00e4tte.<\/p>\n\n\n\n<p class=\"wp-block-paragraph\" style=\"font-size:18px\"><strong>Fakt ist: Die Kommunalwahl ist auch eine\nPers\u00f6nlichkeitswahl und da gibt es in allen Parteien unabh\u00e4ngig vom Parteibuch\nviele gute Leute. Am Ende spielt es keine Rolle ob FDP, SPD, CDU oder Gr\u00fcnen.\nWichtig ist, dass unser Dorf vorankommt und f\u00fcr die Zukunft gut aufgestellt\nwird. Die Zukunft wird nun zeigen welche guten Ideen die \u201eGr\u00fcnen\u201c in unseren\nOrtsrat einflie\u00dfen lassen. Wir sind gespannt! Die Vorschusslorbeeren wurden ja\nbereits verteilt.<\/strong><\/p>\n\n\n\n<p class=\"wp-block-paragraph\" style=\"font-size:18px\">Genau an dieser Stelle komme ich stets in gr\u00fcbeln. Man sagt doch immer: Kommunalwahlen sind Pers\u00f6nlichkeitswahlen. Unter diesem Aspekt ist der Verlust von fast 24 % der Dirminger SPD sehr schmerzhaft. Irgendwo haben wir etwas liegen gelassen und es nicht bemerkt. Kommunalwahlen sind Pers\u00f6nlichkeitswahlen: Unter diesem Aspekt wird auch das Drama der B\u00fcrgermeisterwahl erst so richtig schmerzhaft.<\/p>\n\n\n\n<p class=\"wp-block-paragraph\" style=\"font-size:18px\"><strong>F\u00fcr mich pers\u00f6nlich fiel die Wahlniederlage von\nB\u00fcrgermeisterin Birgit M\u00fcller-Closset erschreckend deutlich aus. Ich finde, das\nhat die B\u00fcrgermeisterin so nicht verdient. Nein, dass war keine Wahlniederlage,\ndas war eine Abstrafung. Aber wof\u00fcr? Immerhin wurde in den letzten f\u00fcnf Jahren\nso einiges erreicht. Dabei wurden erstaunlich viele \u201eGr\u00fcne\u201c Gedanken umgesetzt.\n<\/strong><\/p>\n\n\n\n<p class=\"wp-block-paragraph\" style=\"font-size:18px\">Ich erinnere hier gerne an die Gr\u00fcndung der B\u00fcrgerenergie\nEppelborn (BEE), an die Schaffung von zwei Solarparks ( wovon einer von der BEE\ngef\u00fchrt wird), die Einf\u00fchrung einer Fair-Trade Gemeinde, das Stadtradeln, die\nAnschaffung von E-Bike, die Einf\u00fchrung von Naturpark Schulen und Naturpark\nKitas, Investitionen in erneuerbare Energien und das Thema Nachhaltigkeit.\nZudem ist es ihr gelungen neue Kitas zu bauen und ein wichtiges Geb\u00e4ude in der\nEppelborner Ortsmitte zu erwerben. Gerade an diesem Projekt haben sich andere\nschon ihre Z\u00e4hne ausgebissen. <\/p>\n\n\n\n<p class=\"wp-block-paragraph\" style=\"font-size:18px\">Ich habe es bereits mehrfach erw\u00e4hnt, in Dirmingen wurde in\nden letzten Jahren vieles verwirklicht. Nat\u00fcrlich muss man nicht mit allem\neinverstanden sein. Fakt ist jedoch, es wurde etwas bewegt und gemacht.<\/p>\n\n\n\n<p class=\"wp-block-paragraph\" style=\"font-size:18px\"><strong>Ich erinnere an den Neubau der Dirminger Kita, die\nKanalsanierung Ortsmitte, Bahnhofsparkplatz, Starkregenpr\u00e4vention, Schaffung\neines Jugendzentrums und die \u00dcbergabe eines neuen L\u00f6schfahrzeugs HLF 20 an den\nL\u00f6schbezirk Dirmingen. In naher Zukunft werden weitere Ma\u00dfnahmen in die Tat\numgesetzt: Die Sanierung Schule- neuer Dach, Vollw\u00e4rmeschutz, neue Fu\u00dfb\u00f6den,\nM\u00f6bel und Sonnenschutz werden noch in diesem Sommer angesto\u00dfen. Die\nBorrwieshalle Dirmingen bekommt zudem eine neue Heizungsanlage.<\/strong><\/p>\n\n\n\n<p class=\"wp-block-paragraph\" style=\"font-size:18px\">Nat\u00fcrlich hat die B\u00fcrgermeisterin diese Dinge nicht im\nAlleingang bew\u00e4ltigt. Letztendlich waren auch der Ortsrat und insbesondere der\nGemeinderat involviert. Dennoch, die B\u00fcrgermeisterin war am Ball und hat diese\nDinge forciert. Man kann am Ende von ihr halten was man will, aber man darf\nnicht behaupten, dass Birgit M\u00fcller-Closset nicht qualifiziert genug gewesen\nw\u00e4re. <\/p>\n\n\n\n<p class=\"wp-block-paragraph\" style=\"font-size:18px\">Nachtreten ist nie fair und gerade von manchen etablierten\nPers\u00f6nlichkeiten unserer Gemeinde h\u00e4tte ich diesbez\u00fcglich mehr Stil und Gr\u00f6\u00dfe\nerwartet.&nbsp;&nbsp; <\/p>\n\n\n\n<p class=\"wp-block-paragraph\" style=\"font-size:18px\"><strong>Sei\u2019s drum, es ist wie es ist! Der W\u00e4hler hat entschieden und als Demokraten m\u00fcssen wir damit umgehen. F\u00fcr mich und meinen Ortsverein ist es wichtig zun\u00e4chst mal vor der eigenen Haust\u00fcr zu kehren bevor wir andere attackieren. Dies haben wir in der Vergangenheit und insbesondere im Wahlkampf immer so gehalten. Die Menschen wollen keinen unn\u00f6tigen Streit mit verbalen Entgleisungen. Die Menschen wollen Antworten auf die Fragen unserer Zeit. Alle Mandatstr\u00e4ger, in den einzelnen Parteien, sollten sich fragen, ob sie mit Antworten dienen k\u00f6nnen. Vor uns allen, liegt viel Arbeit. Ich hoffe, dass jeder einzelne verstanden hat, dass es um unser Dorf geht und nicht um irgendwelche Partei. Unserem neuen B\u00fcrgermeister Andreas Feld w\u00fcnsche ich viel Gl\u00fcck im Sinne unserer Gemeinde. Mein Appell:<\/strong> <strong>\u00d6fters mal ein Blick in den Osten der Gemeinde schadet nicht !<\/strong><\/p>\n\n\n\n<p class=\"wp-block-paragraph\" style=\"font-size:18px\"><strong>In der vergangenen Woche habe ich mein Mandat im Orts &#8211; und Gemeinderat angenommen. Ich werde mir M\u00fche geben den Anspr\u00fcchen gerecht zu werden und basisn\u00e4he zu pflegen. Anders kann das nicht funktionieren.<\/strong><\/p>\n\n\n\n<p class=\"wp-block-paragraph\" style=\"font-size:18px\"><strong>Gl\u00fcck auf Derminge<\/strong><\/p>\n","protected":false},"excerpt":{"rendered":"<p>Die Kommunalwahlen 2019 sind Geschichte und inzwischen hat man sich mit den Ergebnissen abgefunden. Die konstituierenden Sitzungen der Ortsr\u00e4te und des neuen Gemeinderates findet im August statt. Die Zukunft unseres Landes und bestimmt auch unserer Gemeinde wird zuk\u00fcnftig verst\u00e4rkt \u201eGr\u00fcn\u201c beeinflusst. Zugegeben diese Farbe ist mir definitiv lieber als Schwarz, Gelb oder im schlimmsten Fall Braun. Die SPD hat ihre<\/p>\n","protected":false},"author":1,"featured_media":3920,"comment_status":"open","ping_status":"closed","sticky":false,"template":"","format":"standard","meta":{"_crdt_document":"","footnotes":""},"categories":[1,9,46],"tags":[681,408,680,668,203,439],"class_list":["post-3918","post","type-post","status-publish","format-standard","has-post-thumbnail","hentry","category-allgemein","category-dorfgetratsche","category-meine-politik","tag-buergermeister-eppelborn","tag-demokratie","tag-gemeinderat-eppelborn","tag-kommunalwahlen-2019","tag-ortsrat-dirmingen","tag-spd-dirmingen"],"_links":{"self":[{"href":"https:\/\/echta-derminga.de\/index.php?rest_route=\/wp\/v2\/posts\/3918","targetHints":{"allow":["GET"]}}],"collection":[{"href":"https:\/\/echta-derminga.de\/index.php?rest_route=\/wp\/v2\/posts"}],"about":[{"href":"https:\/\/echta-derminga.de\/index.php?rest_route=\/wp\/v2\/types\/post"}],"author":[{"embeddable":true,"href":"https:\/\/echta-derminga.de\/index.php?rest_route=\/wp\/v2\/users\/1"}],"replies":[{"embeddable":true,"href":"https:\/\/echta-derminga.de\/index.php?rest_route=%2Fwp%2Fv2%2Fcomments&post=3918"}],"version-history":[{"count":5,"href":"https:\/\/echta-derminga.de\/index.php?rest_route=\/wp\/v2\/posts\/3918\/revisions"}],"predecessor-version":[{"id":3924,"href":"https:\/\/echta-derminga.de\/index.php?rest_route=\/wp\/v2\/posts\/3918\/revisions\/3924"}],"wp:featuredmedia":[{"embeddable":true,"href":"https:\/\/echta-derminga.de\/index.php?rest_route=\/wp\/v2\/media\/3920"}],"wp:attachment":[{"href":"https:\/\/echta-derminga.de\/index.php?rest_route=%2Fwp%2Fv2%2Fmedia&parent=3918"}],"wp:term":[{"taxonomy":"category","embeddable":true,"href":"https:\/\/echta-derminga.de\/index.php?rest_route=%2Fwp%2Fv2%2Fcategories&post=3918"},{"taxonomy":"post_tag","embeddable":true,"href":"https:\/\/echta-derminga.de\/index.php?rest_route=%2Fwp%2Fv2%2Ftags&post=3918"}],"curies":[{"name":"wp","href":"https:\/\/api.w.org\/{rel}","templated":true}]}}