{"id":3940,"date":"2019-06-20T11:54:46","date_gmt":"2019-06-20T10:54:46","guid":{"rendered":"http:\/\/echta-derminga.de\/?p=3940"},"modified":"2021-01-24T15:02:18","modified_gmt":"2021-01-24T14:02:18","slug":"dirminger-kulturecke-rothenbergschule","status":"publish","type":"post","link":"https:\/\/echta-derminga.de\/?p=3940","title":{"rendered":"Dirminger Kulturecke &#8211; Rothenbergschule"},"content":{"rendered":"\n<blockquote class=\"wp-block-quote is-layout-flow wp-block-quote-is-layout-flow\"><p><strong>In der Dirminger Kulturecke erfahren Sie alles, was Sie schon immer \u00fcber Dirmingen wissen wollten oder wissen sollten. <\/strong><\/p><\/blockquote>\n\n\n\n<p class=\"wp-block-paragraph\" style=\"font-size:18px\"><strong>Wussten Sie schon, dass die&nbsp;Rothenbergschule&nbsp;Dirmingen im Jahre 1962 als katholische Volksschule erbaut wurde und bis zum Jahre 1971 auch als solche gef\u00fchrt wurde ?<\/strong><\/p>\n\n\n\n<p class=\"wp-block-paragraph\" style=\"font-size:18px\">Mit dem Neubau der heutigen Grundschule, an der Alsbach, fand ein Umdenken statt und die beiden konfessionellen Schulen wurden zusammengelegt. Das Geb\u00e4ude am Rothenberg stand nicht lange leer und im Jahre 1974 entstand in diesen R\u00e4umen eine Schule f\u00fcr geistig behinderte Kinder. Die Schule leistet seitdem wichtige Arbeit an bed\u00fcrftigen Menschen. In den 1990-ger Jahren wurde das Geb\u00e4ude saniert. <strong>Die Sch\u00fcler werden in den F\u00e4chern Gesamtunterricht, Mathematik, Deutsch sowie Musik, Schwimmen und Sport, Religion und Kunst unterrichtet. Daneben spielen die Bereiche Hauswirtschaft und Werken eine gro\u00dfe Rolle.<\/strong><\/p>\n\n\n\n<div class=\"wp-block-image\"><figure class=\"aligncenter is-resized\"><img loading=\"lazy\" decoding=\"async\" src=\"https:\/\/echta-derminga.de\/wp-content\/uploads\/2019\/06\/Jahrgang-61-62-bei-Einschulung-1968-Rothenberg.jpg\" alt=\"\" class=\"wp-image-3946\" width=\"620\" height=\"427\" srcset=\"https:\/\/echta-derminga.de\/wp-content\/uploads\/2019\/06\/Jahrgang-61-62-bei-Einschulung-1968-Rothenberg.jpg 620w, https:\/\/echta-derminga.de\/wp-content\/uploads\/2019\/06\/Jahrgang-61-62-bei-Einschulung-1968-Rothenberg-300x207.jpg 300w\" sizes=\"auto, (max-width: 620px) 100vw, 620px\" \/><figcaption><strong>Jahrgang 1961\/62 in der Rothenbergschule (im Jahre 1968)<\/strong><\/figcaption><\/figure><\/div>\n\n\n\n<p class=\"wp-block-paragraph\" style=\"font-size:18px\">Die Schule organisiert im Laufe des Jahres einige herausragende Aktivit\u00e4ten. Hervorzuheben ist das Nachbarschaftsfest, dass j\u00e4hrlich in Zusammenarbeit mit der Kolpingverein Dirmingen durchgef\u00fchrt wird. Die&nbsp;Rothenbergschule ist eine private F\u00f6rderschule f\u00fcr geistige Entwicklung wobei die Tr\u00e4gerschaft der Schule in den H\u00e4nden des Lebenshilfewerkes im Kreis&nbsp;Neunkirchen GmbH liegt.  F\u00fcr die Dirminger Bev\u00f6lkerung geh\u00f6rt diese Schule l\u00e4ngst zum festen Bestandteil des Dorfes. Die Schule beteiligt&nbsp;sich an unserem Ortsgeschehen und an den Aktivit\u00e4ten der Vereine und Organisationen.<\/p>\n\n\n\n<p class=\"wp-block-paragraph\" style=\"font-size:18px\"><strong>Schon allein die Durchf\u00fchrung des gro\u00dfen Nachbarschaftsfest <\/strong> <strong>betreibt j\u00e4hrlich gro\u00dfe Werbung f\u00fcr unseren Heimatort.<\/strong> <strong>Diese Veranstaltung wird inzwischen seit \u00fcber 40 Jahren durchgef\u00fchrt und ist mittlerweile in der ganzen Region bekannt. <\/strong><\/p>\n\n\n\n<p class=\"wp-block-paragraph\" style=\"font-size:18px\"><strong>Im Laufe der Zeit hat sich vieles ge\u00e4ndert und auch die Au\u00dfenanlage wurde aufgewertet und verbessert. Mittlerweile gibt es Spielfl\u00e4chen und einen gro\u00dfen Spielplatz vor dem Geb\u00e4ude.<\/strong><\/p>\n\n\n\n<div class=\"wp-block-image\"><figure class=\"aligncenter is-resized\"><img loading=\"lazy\" decoding=\"async\" src=\"https:\/\/echta-derminga.de\/wp-content\/uploads\/2019\/06\/rothenbergschule_600_002.jpg\" alt=\"\" class=\"wp-image-3950\" width=\"600\" height=\"450\" srcset=\"https:\/\/echta-derminga.de\/wp-content\/uploads\/2019\/06\/rothenbergschule_600_002.jpg 600w, https:\/\/echta-derminga.de\/wp-content\/uploads\/2019\/06\/rothenbergschule_600_002-300x225.jpg 300w\" sizes=\"auto, (max-width: 600px) 100vw, 600px\" \/><figcaption>Rothenbergschule Heute<\/figcaption><\/figure><\/div>\n\n\n\n<p class=\"wp-block-paragraph\"><\/p>\n","protected":false},"excerpt":{"rendered":"<p>In der Dirminger Kulturecke erfahren Sie alles, was Sie schon immer \u00fcber Dirmingen wissen wollten oder wissen sollten. Wussten Sie schon, dass die&nbsp;Rothenbergschule&nbsp;Dirmingen im Jahre 1962 als katholische Volksschule erbaut wurde und bis zum Jahre 1971 auch als solche gef\u00fchrt wurde ? Mit dem Neubau der heutigen Grundschule, an der Alsbach, fand ein Umdenken statt und die beiden konfessionellen Schulen<\/p>\n","protected":false},"author":1,"featured_media":3945,"comment_status":"open","ping_status":"closed","sticky":false,"template":"","format":"standard","meta":{"_crdt_document":"","footnotes":""},"categories":[1,2],"tags":[685,127,147,684],"class_list":["post-3940","post","type-post","status-publish","format-standard","has-post-thumbnail","hentry","category-allgemein","category-kulturecke","tag-foerderschule","tag-landkreis-neunkirchen","tag-nachbarschaftsfest","tag-rothenbergschule-dirmingen"],"_links":{"self":[{"href":"https:\/\/echta-derminga.de\/index.php?rest_route=\/wp\/v2\/posts\/3940","targetHints":{"allow":["GET"]}}],"collection":[{"href":"https:\/\/echta-derminga.de\/index.php?rest_route=\/wp\/v2\/posts"}],"about":[{"href":"https:\/\/echta-derminga.de\/index.php?rest_route=\/wp\/v2\/types\/post"}],"author":[{"embeddable":true,"href":"https:\/\/echta-derminga.de\/index.php?rest_route=\/wp\/v2\/users\/1"}],"replies":[{"embeddable":true,"href":"https:\/\/echta-derminga.de\/index.php?rest_route=%2Fwp%2Fv2%2Fcomments&post=3940"}],"version-history":[{"count":16,"href":"https:\/\/echta-derminga.de\/index.php?rest_route=\/wp\/v2\/posts\/3940\/revisions"}],"predecessor-version":[{"id":8694,"href":"https:\/\/echta-derminga.de\/index.php?rest_route=\/wp\/v2\/posts\/3940\/revisions\/8694"}],"wp:featuredmedia":[{"embeddable":true,"href":"https:\/\/echta-derminga.de\/index.php?rest_route=\/wp\/v2\/media\/3945"}],"wp:attachment":[{"href":"https:\/\/echta-derminga.de\/index.php?rest_route=%2Fwp%2Fv2%2Fmedia&parent=3940"}],"wp:term":[{"taxonomy":"category","embeddable":true,"href":"https:\/\/echta-derminga.de\/index.php?rest_route=%2Fwp%2Fv2%2Fcategories&post=3940"},{"taxonomy":"post_tag","embeddable":true,"href":"https:\/\/echta-derminga.de\/index.php?rest_route=%2Fwp%2Fv2%2Ftags&post=3940"}],"curies":[{"name":"wp","href":"https:\/\/api.w.org\/{rel}","templated":true}]}}