{"id":3960,"date":"2019-06-20T12:17:15","date_gmt":"2019-06-20T11:17:15","guid":{"rendered":"http:\/\/echta-derminga.de\/?p=3960"},"modified":"2019-06-20T12:24:08","modified_gmt":"2019-06-20T11:24:08","slug":"zeit-fuer-veraenderungen-mit-nachdenklichem-blick-auf-den-zeitwandel","status":"publish","type":"post","link":"https:\/\/echta-derminga.de\/?p=3960","title":{"rendered":"Zeit f\u00fcr Ver\u00e4nderungen? Mein nachdenklicher Blick in die Zukunft"},"content":{"rendered":"\n<blockquote class=\"wp-block-quote is-layout-flow wp-block-quote-is-layout-flow\"><p>&#8222;Nichts ist so best\u00e4ndig wie der Wandel&#8220; &nbsp;<em>&nbsp;<\/em><\/p><cite> <em>Heraklit von Ephesus<\/em> <\/cite><\/blockquote>\n\n\n\n<p class=\"wp-block-paragraph\" style=\"font-size:18px\"><strong>Die Zeiten \u00e4ndern sich. Obwohl Ver\u00e4nderungen guttun, sind sie in der Regel doch gew\u00f6hnungsbed\u00fcrftig. Ich habe das Gef\u00fchl, dass wir mitten in einer Zeit voller Ver\u00e4nderungen stecken. Dabei beginnt die wirkliche Ver\u00e4nderung bei jedem einzelnen von uns selbst. Jeder Einzelne kann etwas in seinem eigenen Leben ver\u00e4ndern, schon allein dadurch, dass er sich selbst ver\u00e4ndert. Wenn wir alle zusammenhalten und alle Kr\u00e4fte b\u00fcndeln, kann etwas Neues entstehen. Mahatma Gandhi hat einmal gesagt:\u201c Sei selbst die Ver\u00e4nderung, die Du in der Welt sehen willst\u201c <\/strong><\/p>\n\n\n\n<p class=\"wp-block-paragraph\" style=\"font-size:18px\">Ver\u00e4nderungen k\u00f6nnen gut sein und uns voranbringen. Manchmal machen Ver\u00e4nderungen aber auch Angst oder bereiten zumindest gro\u00dfe Sorgen. Ver\u00e4nderungen k\u00f6nnen aber auch f\u00fcr einen Umschwung oder einen Aufbruch sorgen. Wohin triften wir in den n\u00e4chsten Jahren und was bringt uns die Zukunft. Ich kann das nicht alles beschreiben und beschr\u00e4nke mich auf meine eigene kleine Welt, vor meiner Haust\u00fcr. Ein Beispiel ist das Thema Ehrenamt. Das Saarland ist ein Ehrenamtsland. Unentgeltlich werden Kinder in Sportvereinen trainiert, alte und kranke Menschen versorgt, oder man engagiert sich bei der Feuerwehr, beim Deutschen Roten Kreuz oder dem THW. <\/p>\n\n\n\n<div class=\"wp-block-image\"><figure class=\"alignleft is-resized\"><img loading=\"lazy\" decoding=\"async\" src=\"https:\/\/echta-derminga.de\/wp-content\/uploads\/2019\/06\/IMG_20190115_160022_resized_20190116_075016432-644x483.jpg\" alt=\"\" class=\"wp-image-3966\" width=\"322\" height=\"242\" srcset=\"https:\/\/echta-derminga.de\/wp-content\/uploads\/2019\/06\/IMG_20190115_160022_resized_20190116_075016432-644x483.jpg 644w, https:\/\/echta-derminga.de\/wp-content\/uploads\/2019\/06\/IMG_20190115_160022_resized_20190116_075016432-300x225.jpg 300w, https:\/\/echta-derminga.de\/wp-content\/uploads\/2019\/06\/IMG_20190115_160022_resized_20190116_075016432.jpg 700w\" sizes=\"auto, (max-width: 322px) 100vw, 322px\" \/><figcaption>Mein Dorf<\/figcaption><\/figure><\/div>\n\n\n\n<p class=\"wp-block-paragraph\" style=\"font-size:18px\">Dennoch die Zeiten \u00e4ndern sich und irgendwas ist anders als bisher. Ich habe das Gef\u00fchl, das die Menschen bei der Auswahl ihres Ehrenamtes genauer hinsehen und nicht mehr alles auf sich nehmen. War es fr\u00fcher noch die Vereinsmeierei, so ist es heute vielmehr das ehrenamtliche Engagement in der Feuerwehr, in der Kranken- und Altenpflege oder in Hilfsorganisationen. Das ist \u00fcberhaupt nicht verwerflich und sogar sehr lobenswert. Auf der anderen Seite jedoch sterben viele ehrenamtlichen T\u00e4tigkeiten aus. Was fr\u00fcher gut und recht war, liegt Morgen schon nicht mehr im Trend. Ich sehe es t\u00e4glich bei der Ausf\u00fchrung meines eigenen Ehrenamtes. W\u00e4hrend ich auf der einen Seite, mit gewisser Sorge, auf gewisse Ver\u00e4nderung blicke, freue ich mich auf der anderen Seite \u00fcber den neuen Schwung der durch diese Ver\u00e4nderung vollzogen wird. Manchmal braucht man Mut, um Ver\u00e4nderungen voranzutreiben. Widerstand gibt es immer und man wird es nie allen recht machen.<\/p>\n\n\n\n<div class=\"wp-block-image\"><figure class=\"alignleft is-resized\"><img loading=\"lazy\" decoding=\"async\" src=\"https:\/\/echta-derminga.de\/wp-content\/uploads\/2019\/06\/kuli-644x458.jpg\" alt=\"\" class=\"wp-image-3968\" width=\"322\" height=\"229\" srcset=\"https:\/\/echta-derminga.de\/wp-content\/uploads\/2019\/06\/kuli-644x458.jpg 644w, https:\/\/echta-derminga.de\/wp-content\/uploads\/2019\/06\/kuli-300x213.jpg 300w, https:\/\/echta-derminga.de\/wp-content\/uploads\/2019\/06\/kuli.jpg 712w\" sizes=\"auto, (max-width: 322px) 100vw, 322px\" \/><figcaption>Kulturaner<\/figcaption><\/figure><\/div>\n\n\n\n<p class=\"wp-block-paragraph\" style=\"font-size:18px\"><strong>Der Kulturverein Dirmingen veranstaltet in diesem Jahr ein gro\u00dfes Park-und Strandfest. Wir alle freuen uns auf dieses Event. Wir alle? Wirklich alle? Manchmal werde ich das Gef\u00fchl nicht los, dass vielen Mitgliedern und Dorfbewohnern alles zu viel wird. Ein Fest ja, aber, muss es so gro\u00df sein? Brauchen wir ein Zelt oder warum jetzt in den Park? Was ist, wenn es regnet? M\u00fcssen die Bands soviel Geld kosten und warum macht man nicht mal alles eine Nummer kleiner? Als ich ein kleiner Junge war, freute sich das ganze Dorf auf das eigene Heimatfest. Heute haben wir Probleme alle f\u00fcr das Fest zu begeistern. Ich sehe auf den Dienstplan und erkenne noch einige L\u00fccken. Wo ist die Bereitschaft zu helfen? Ist das nicht ein Fest f\u00fcr alle Dirminger? F\u00fcr Ver\u00e4nderungen braucht man Mut. Stillstand ist der Tot. Dennoch die Leute sind kritischer geworden und nicht mehr bereit alles zu investieren.<\/strong><\/p>\n\n\n\n<p class=\"wp-block-paragraph\" style=\"font-size:18px\">Das sieht man auch in der Politik. Die Zeit der sogenannten Volksparteien ist vorbei und der W\u00e4hler legt sich l\u00e4ngst nicht mehr fest und schaut genau auf den Zeitgeist. Sogar die Kommunalwahl wird von diesem Denken beeinflusst. Der n\u00e4chste Kanzler k\u00f6nnte sogar ein \u201eGr\u00fcner\u201c sein. Das muss keineswegs schlecht sein, was aber, wenn das Land erkennt, dass der Klimawandel nicht allein in Deutschland vollzogen wird und noch nicht mal die Nachbarn bereit sind mitzumachen. Was ist mit den anderen wichtigen Themen in unserem Land. Rennen wir vor lauter Egoismus daran vorbei?<\/p>\n\n\n\n<div class=\"wp-block-image\"><figure class=\"alignleft is-resized\"><img loading=\"lazy\" decoding=\"async\" src=\"https:\/\/echta-derminga.de\/wp-content\/uploads\/2019\/06\/IMG-20190526-WA0013-644x486.jpg\" alt=\"\" class=\"wp-image-3971\" width=\"322\" height=\"243\" srcset=\"https:\/\/echta-derminga.de\/wp-content\/uploads\/2019\/06\/IMG-20190526-WA0013-644x486.jpg 644w, https:\/\/echta-derminga.de\/wp-content\/uploads\/2019\/06\/IMG-20190526-WA0013-300x226.jpg 300w, https:\/\/echta-derminga.de\/wp-content\/uploads\/2019\/06\/IMG-20190526-WA0013.jpg 700w\" sizes=\"auto, (max-width: 322px) 100vw, 322px\" \/><\/figure><\/div>\n\n\n\n<p class=\"wp-block-paragraph\" style=\"font-size:18px\"><strong>Der Fu\u00dfball macht mich ebenfalls nachdenklich. Vereinstreue gibt es schon in den untersten Ligen nicht mehr. Auch im Kinder- und Jugendfu\u00dfball stehen wir vor gro\u00dfen Ver\u00e4nderungen. Der DFB dr\u00fcckt aufs Tempo und verlangt neue Wege. Dabei geht es um neue Spielfeldgr\u00f6\u00dfen, Torgr\u00f6\u00dfen, Mannschaftsst\u00e4rken und die Frage wann wir mit dem Einwurf oder dem Abseits beginnen. Viele Dinge sind gut und k\u00f6nnten gerade dem Kinderfu\u00dfball guttun. Ich frage mich nur: Was k\u00f6nnen wir unseren Vereinen noch alles zumuten. Ich sehe in vielen Vereinen immer die gleichen Probleme. Sind wir bereit im Jugendfu\u00dfball neue Wege zu gehen und Ver\u00e4nderungen anzustreben?<\/strong><\/p>\n\n\n\n<p class=\"wp-block-paragraph\" style=\"font-size:18px\">Sorgenkind Kirche! Mein Herz schmerzt bei diesem Thema und ich frage mich Quo Vadis Kirche? Wohin f\u00fchrt dein Weg? Beide Konfessionen k\u00e4mpfen mit fast den gleichen Problemen. Wie gewinne ich das Vertrauen meiner Sch\u00e4fchen zur\u00fcck? Ich habe es schonmal beschrieben: Mein Traum w\u00e4re eine gemeinsame Dirminger Kirche, ein Gemeindehaus und ein faires \u00f6kumenisches Miteinander f\u00fcr unser Dorf. Kann unsere Kirche neue Gestalt annehmen und Menschen, die bisher noch keinen Kontakt zu einer Gemeinde haben, neu dazu gewinnen? \u201eFresh expressions of Church\u201c steht f\u00fcr eine neue Form von Kirche. Ein Netzwerk unterschiedlicher Kirchen, Organisationen und Werke sorgen f\u00fcr eine neue junge Bewegung. Es geht darum den Menschen die M\u00f6glichkeit zu geben sich selbst ihre eigene Kirche zu machen. Dies muss keineswegs in einem Gotteshaus sein. Kirche hat sich ver\u00e4ndert und der normale Sonntagsmorgens-Gottesdienst ist aus der Mode geraten. Nun hei\u00dft es neue Wege zu gehen, um die Menschen wieder zu erreichen. Dies bedeutet andere Gottesdienstformen, andere Aktivit\u00e4ten und weg von der traditionellen Form hin zu dem was die Menschen suchen und brauchen. Die Menschen werden gefragt: Was erwartest du von der Kirche und was kann dir Kirche geben?<\/p>\n\n\n\n<div class=\"wp-block-image\"><figure class=\"alignleft is-resized\"><img loading=\"lazy\" decoding=\"async\" src=\"https:\/\/echta-derminga.de\/wp-content\/uploads\/2019\/06\/hvzhzfzvuu-644x960.jpg\" alt=\"\" class=\"wp-image-3973\" width=\"322\" height=\"480\" srcset=\"https:\/\/echta-derminga.de\/wp-content\/uploads\/2019\/06\/hvzhzfzvuu.jpg 644w, https:\/\/echta-derminga.de\/wp-content\/uploads\/2019\/06\/hvzhzfzvuu-201x300.jpg 201w\" sizes=\"auto, (max-width: 322px) 100vw, 322px\" \/><figcaption>&#8222;Meine Kirche&#8220;<\/figcaption><\/figure><\/div>\n\n\n\n<p class=\"wp-block-paragraph\" style=\"font-size:18px\"><strong>Ver\u00e4nderungen k\u00f6nnen heilsam und gut sein. Manchmal braucht man Mut, um neue Wege zu gehen. Ein schlauer Mann sagte mal:\u201c Ich kann nicht, wohnt in der ich will nicht Stra\u00dfe\u2026\u201c Nun stellt sich der ein oder andere die Frage: \u201eWas kann ich schon ver\u00e4ndern und was kann ich schon bewirken. Ich schaff das nicht und mir ist alles zu viel. Meine Familie und mein Beruf kosten mich viel Kraft und der Alltag raubt mir die letzte Energie\u201c. Diese Denkweise ist verst\u00e4ndlich. Was w\u00e4re jedoch, wenn jeder so denken w\u00fcrde? Klar Depressionen und \u201eBurn-Outs\u201c haben Hochkonjunktur. Dabei handelt es sich um schlimme Krankheiten, die nur schwer zu heilen sind. Jeder muss sich pers\u00f6nlich davor sch\u00fctzen und f\u00fcr gen\u00fcgend Erholung und Freiraum sorgen.<\/strong><\/p>\n\n\n\n<p class=\"wp-block-paragraph\" style=\"font-size:18px\">Ein guter Freund sagte letzte Woche zu mir: \u201eFrank pass auf dich auf, du hast nur ein Leben und das kann schnell vorbeigehen. Schalte einen Gang runter\u201c. Ich h\u00f6re das \u00f6fters und in der Regel klammere ich mich dann immer an meine Lieblingsfabel:<\/p>\n\n\n\n<p class=\"wp-block-paragraph\" style=\"font-size:18px\"><strong>Die Geschichte des Kolibries ( Wangari Maathai)<\/strong><\/p>\n\n\n\n<p class=\"wp-block-paragraph\" style=\"font-size:18px\"><strong>Eines Tages brach im Wald ein gro\u00dfes Feuer aus, das drohte alles zu vernichten. Die Tiere des Waldes rannten hinaus und starrten wie gel\u00e4hmt auf die brennenden B\u00e4ume.<br> Nur ein kleiner Kolibri sagte sich: &#8222;Ich muss etwas gegen das Feuer unternehmen.&#8220; Er flog zum n\u00e4chsten Fluss, nahm einen Tropfen Wasser in seinen Schnabel und lie\u00df den Tropfen \u00fcber dem Feuer fallen. Dann flog er zur\u00fcck, nahm den n\u00e4chsten Tropfen und so fort.<br> All die anderen Tiere, viel gr\u00f6\u00dfer als er, wie der Elefant mit seinem langen R\u00fcssel, k\u00f6nnten viel mehr Wasser tragen, aber all diese Tiere standen hilflos vor der Feuerwand.<br> Und sie sagten zum Kolibri: &#8222;Was denkst du, das du tun kannst? Du bist viel zu klein. Das Feuer ist zu gro\u00df. Deine Fl\u00fcgel sind zu klein und dein Schnabel ist so schmal, dass du jeweils nur einen Tropfen Wasser mitnehmen kannst.&#8220;<br> Aber als sie weiter versuchten, ihn zu entmutigten, drehte er sich um und erkl\u00e4rte ihnen, ohne Zeit zu verlieren: &#8222;Ich tue das, was ich kann. Ich tue mein Bestes.&#8220; <\/strong><\/p>\n","protected":false},"excerpt":{"rendered":"<p>&#8222;Nichts ist so best\u00e4ndig wie der Wandel&#8220; &nbsp;&nbsp; Heraklit von Ephesus Die Zeiten \u00e4ndern sich. Obwohl Ver\u00e4nderungen guttun, sind sie in der Regel doch gew\u00f6hnungsbed\u00fcrftig. Ich habe das Gef\u00fchl, dass wir mitten in einer Zeit voller Ver\u00e4nderungen stecken. Dabei beginnt die wirkliche Ver\u00e4nderung bei jedem einzelnen von uns selbst. Jeder Einzelne kann etwas in seinem eigenen Leben ver\u00e4ndern, schon allein<\/p>\n","protected":false},"author":1,"featured_media":3965,"comment_status":"open","ping_status":"closed","sticky":false,"template":"","format":"standard","meta":{"_crdt_document":"","footnotes":""},"categories":[1,9],"tags":[5,18,85,439,24,686],"class_list":["post-3960","post","type-post","status-publish","format-standard","has-post-thumbnail","hentry","category-allgemein","category-dorfgetratsche","tag-dirmingen","tag-ehrenamt","tag-evangelische-kirche-dirmingen","tag-spd-dirmingen","tag-sv-dirmingen","tag-zeitwandel"],"_links":{"self":[{"href":"https:\/\/echta-derminga.de\/index.php?rest_route=\/wp\/v2\/posts\/3960","targetHints":{"allow":["GET"]}}],"collection":[{"href":"https:\/\/echta-derminga.de\/index.php?rest_route=\/wp\/v2\/posts"}],"about":[{"href":"https:\/\/echta-derminga.de\/index.php?rest_route=\/wp\/v2\/types\/post"}],"author":[{"embeddable":true,"href":"https:\/\/echta-derminga.de\/index.php?rest_route=\/wp\/v2\/users\/1"}],"replies":[{"embeddable":true,"href":"https:\/\/echta-derminga.de\/index.php?rest_route=%2Fwp%2Fv2%2Fcomments&post=3960"}],"version-history":[{"count":18,"href":"https:\/\/echta-derminga.de\/index.php?rest_route=\/wp\/v2\/posts\/3960\/revisions"}],"predecessor-version":[{"id":3984,"href":"https:\/\/echta-derminga.de\/index.php?rest_route=\/wp\/v2\/posts\/3960\/revisions\/3984"}],"wp:featuredmedia":[{"embeddable":true,"href":"https:\/\/echta-derminga.de\/index.php?rest_route=\/wp\/v2\/media\/3965"}],"wp:attachment":[{"href":"https:\/\/echta-derminga.de\/index.php?rest_route=%2Fwp%2Fv2%2Fmedia&parent=3960"}],"wp:term":[{"taxonomy":"category","embeddable":true,"href":"https:\/\/echta-derminga.de\/index.php?rest_route=%2Fwp%2Fv2%2Fcategories&post=3960"},{"taxonomy":"post_tag","embeddable":true,"href":"https:\/\/echta-derminga.de\/index.php?rest_route=%2Fwp%2Fv2%2Ftags&post=3960"}],"curies":[{"name":"wp","href":"https:\/\/api.w.org\/{rel}","templated":true}]}}